{"id":9231,"date":"2024-02-17T20:11:38","date_gmt":"2024-02-17T19:11:38","guid":{"rendered":"https:\/\/parafiasmardzewo.pl\/?p=9231"},"modified":"2024-02-17T20:12:18","modified_gmt":"2024-02-17T19:12:18","slug":"i-niedziela-wielkiego-postu-18-lutego-2024-roku","status":"publish","type":"post","link":"https:\/\/parafiasmardzewo.pl\/?p=9231","title":{"rendered":"I NIEDZIELA WIELKIEGO POSTU &#8211; 18 lutego 2024 roku"},"content":{"rendered":"<p><strong>OG\u0141OSZENIA DUSZPASTERSKIE<\/strong><\/p>\n<ol>\n<li>Dzisiaj, w pierwsz\u0105 niedziel\u0119 Wielkiego Postu po Mszy \u015bwi\u0119tej o godz. 9.00 zapraszam dzieci kl. III i IV na spotkanie przygotowuj\u0105ce do Pierwszej i Generalnej Komunii \u015awi\u0119tej. W sobot\u0119, 24 lutego, zapraszam na kolejne spotkanie m\u0142odzie\u017c przygotowuj\u0105c\u0105 si\u0119 do sakramentu bierzmowania.<\/li>\n<li>Wzbud\u017amy w sobie wielkie pragnienie owocnego i dobrego prze\u017cycia rozpocz\u0119tego czasu Wielkiego Postu \u2013 r\u00f3\u017cne umartwienia b\u0105d\u017a dobre postanowienia mog\u0105 w tym pom\u00f3c. Kwartalne dni modlitw o ducha pokuty dzi\u015b dobiegaj\u0105 ko\u0144ca, ale warto i trzeba rozwija\u0107 w\u00a0sobie ducha umartwienia, do czego bardzo zach\u0119camy.<\/li>\n<li>Nabo\u017ce\u0144stwa pasyjne tego okresu s\u0105 r\u00f3wnie\u017c pomoc\u0105 we w\u0142a\u015bciwym jego prze\u017cywaniu. Zapraszam dzi\u015b po Eucharystii o godz. 10.45 na pierwsze Gorzkie \u017bale. Natomiast w\u00a0pi\u0105tki zapraszam na Drog\u0119 Krzy\u017cow\u0105, po Mszy \u015awi\u0119tej o godz. 10.45.<\/li>\n<li>Rozpocz\u0105\u0142 si\u0119 tak\u017ce czas Komunii \u015awi\u0119tej wielkanocnej, kt\u00f3ry potrwa a\u017c do Niedzieli Zes\u0142ania Ducha \u015awi\u0119tego (Niedzieli Tr\u00f3jcy \u015awi\u0119tej). Przypominam o przykazaniu ko\u015bcielnym o powinno\u015bci skorzystania raz w roku z sakramentu pojednania i przyj\u0119cia Komunii \u015awi\u0119tej w okresie wielkanocnym. Ka\u017cdego dnia przed Msz\u0105 jest mo\u017cliwo\u015b\u0107 skorzystania ze spowiedzi \u015bwi\u0119tej. Na te najwi\u0119ksze chrze\u015bcija\u0144skie \u015bwi\u0119ta oczy\u015b\u0107my nasze serca, uczy\u0144my je gotowymi na przyj\u0119cie Zmartwychwsta\u0142ego Pana.<\/li>\n<li>Informuj\u0119, \u017ce parafialne rekolekcje wielkopostne (odnowienie misji w naszej wsp\u00f3lnocie parafialnej) b\u0119dziemy prze\u017cywa\u0107 15 \u2013 16 \u2013 17 marca (pi\u0105tek, sobota i niedziela) przed pi\u0105t\u0105 niedziel\u0105 Wielkiego Postu.<\/li>\n<li>W czwartek, 22 lutego, przypada \u015bwi\u0119to Katedry \u015awi\u0119tego Piotra Aposto\u0142a. Przyjd\u017amy w\u00a0tym dniu, je\u015bli mamy mo\u017cliwo\u015b\u0107, na Msz\u0119 \u015awi\u0119t\u0105, a przede wszystkim pami\u0119tajmy w\u00a0modlitwie o Nast\u0119pcy \u015awi\u0119tego Piotra, kt\u00f3ry nie przestaje prosi\u0107 o to wsparcie.<\/li>\n<li>22 lutego 1931 roku siostra Faustyna Kowalska dozna\u0142a pierwszego objawienia Jezusa Mi\u0142osiernego. To pierwsze objawienie mia\u0142o miejsce w p\u0142ockim klasztorze si\u00f3str Mi\u0142osierdzia Bo\u017cego. W spisanym p\u00f3\u017aniej &#8220;Dzienniczku&#8221; wspomina\u0142a o wizji Jezusa, kt\u00f3ry kaza\u0142 jej namalowa\u0107 obraz Mi\u0142osierdzia Bo\u017cego z podpisem &#8220;Jezu, ufam Tobie&#8221;. Ikona zosta\u0142a namalowana w Wilnie przez Eugeniusza Kazimirowskiego w 1934 roku. W najbli\u017cszy czwartek b\u0119dziemy obchodzi\u0107 93. rocznic\u0119 pierwszego objawienia.<\/li>\n<li>Przysz\u0142a niedziela \u2013 druga wielkopostna, to NIEDZIELA AD GENTES \u2013 dzie\u0144 modlitwy w\u00a0intencji misji i misjonarzy. Po Mszach \u015awi\u0119tych b\u0119dziemy mogli materialnie wesprze\u0107 dzie\u0142o misyjne Ko\u015bcio\u0142a.<\/li>\n<li>Zach\u0119cam do nabycia prasy katolickiej<\/li>\n<li>Pami\u0119tamy w modlitwach o solenizantach i jubilatach oraz o naszych Parafianach, kt\u00f3rzy w\u00a0ostatnim czasie odeszli do wieczno\u015bci\u2026<\/li>\n<\/ol>\n","protected":false},"excerpt":{"rendered":"<p>OG\u0141OSZENIA DUSZPASTERSKIE Dzisiaj, w pierwsz\u0105 niedziel\u0119 Wielkiego Postu po Mszy \u015bwi\u0119tej o godz. 9.00 zapraszam dzieci kl. III i IV na spotkanie przygotowuj\u0105ce do Pierwszej i Generalnej Komunii \u015awi\u0119tej. W sobot\u0119, 24 lutego, zapraszam na kolejne spotkanie m\u0142odzie\u017c przygotowuj\u0105c\u0105 si\u0119 do sakramentu bierzmowania. Wzbud\u017amy w sobie wielkie pragnienie owocnego i dobrego prze\u017cycia rozpocz\u0119tego czasu Wielkiego &hellip; <\/p>\n<p><a class=\"more-link btn\" href=\"https:\/\/parafiasmardzewo.pl\/?p=9231\">Kontynuuj czytanie<\/a><\/p>\n","protected":false},"author":2,"featured_media":4017,"comment_status":"open","ping_status":"open","sticky":false,"template":"","format":"standard","meta":[],"categories":[2],"tags":[],"_links":{"self":[{"href":"https:\/\/parafiasmardzewo.pl\/index.php?rest_route=\/wp\/v2\/posts\/9231"}],"collection":[{"href":"https:\/\/parafiasmardzewo.pl\/index.php?rest_route=\/wp\/v2\/posts"}],"about":[{"href":"https:\/\/parafiasmardzewo.pl\/index.php?rest_route=\/wp\/v2\/types\/post"}],"author":[{"embeddable":true,"href":"https:\/\/parafiasmardzewo.pl\/index.php?rest_route=\/wp\/v2\/users\/2"}],"replies":[{"embeddable":true,"href":"https:\/\/parafiasmardzewo.pl\/index.php?rest_route=%2Fwp%2Fv2%2Fcomments&post=9231"}],"version-history":[{"count":2,"href":"https:\/\/parafiasmardzewo.pl\/index.php?rest_route=\/wp\/v2\/posts\/9231\/revisions"}],"predecessor-version":[{"id":9233,"href":"https:\/\/parafiasmardzewo.pl\/index.php?rest_route=\/wp\/v2\/posts\/9231\/revisions\/9233"}],"wp:featuredmedia":[{"embeddable":true,"href":"https:\/\/parafiasmardzewo.pl\/index.php?rest_route=\/wp\/v2\/media\/4017"}],"wp:attachment":[{"href":"https:\/\/parafiasmardzewo.pl\/index.php?rest_route=%2Fwp%2Fv2%2Fmedia&parent=9231"}],"wp:term":[{"taxonomy":"category","embeddable":true,"href":"https:\/\/parafiasmardzewo.pl\/index.php?rest_route=%2Fwp%2Fv2%2Fcategories&post=9231"},{"taxonomy":"post_tag","embeddable":true,"href":"https:\/\/parafiasmardzewo.pl\/index.php?rest_route=%2Fwp%2Fv2%2Ftags&post=9231"}],"curies":[{"name":"wp","href":"https:\/\/api.w.org\/{rel}","templated":true}]}}