{"id":9234,"date":"2024-02-17T20:20:34","date_gmt":"2024-02-17T19:20:34","guid":{"rendered":"https:\/\/parafiasmardzewo.pl\/?p=9234"},"modified":"2024-02-17T20:20:34","modified_gmt":"2024-02-17T19:20:34","slug":"list-pasterski-biskupa-plockiego-na-wielki-post-2024","status":"publish","type":"post","link":"https:\/\/parafiasmardzewo.pl\/?p=9234","title":{"rendered":"LIST PASTERSKI BISKUPA P\u0141OCKIEGO NA WIELKI POST 2024"},"content":{"rendered":"<p>Drogie Siostry i Drodzy Bracia!<\/p>\n<p>W \u015arod\u0119 Popielcow\u0105 rozpocz\u0119li\u015bmy okres czterdziestu dni Wielkiego Postu, kt\u00f3re poprowadz\u0105 nas ku \u015bwi\u0119tom paschalnym, kiedy b\u0119dziemy dzi\u0119kowa\u0107 Bogu za Jego mi\u0142o\u015b\u0107 okazan\u0105 nam w zbawczej m\u0119ce, \u015bmierci i zmartwychwstaniu Jezusa Chrystusa. Wielu z nas uczestniczy\u0142o w obrz\u0119dzie posypania g\u0142\u00f3w popio\u0142em, by tym gestem rozpocz\u0105\u0107 czas nawr\u00f3cenia i pokuty. Po raz pierwszy popielcow\u0105 Msz\u0119 \u015awi\u0119t\u0105 celebrowan\u0105 przeze mnie w katedrze poprzedzi\u0142a procesja pokutna, w kt\u00f3rej \u015bpiewaj\u0105c litani\u0119 do wszystkich \u015bwi\u0119tych modlili\u015bmy si\u0119 o ducha pokuty i nawr\u00f3cenie dla nas wszystkich.<\/p>\n<p>Procesja pokutna przypomnia\u0142a nam, \u017ce Wielki Post jest drog\u0105, kt\u00f3ra ma sw\u00f3j pocz\u0105tek i cel do kt\u00f3rego zmierzamy: to celebrowanie tajemnicy odkupienia w Triduum Paschalnym. Na drog\u0119 trzeba si\u0119 zdecydowa\u0107, w drog\u0119 trzeba si\u0119 wybra\u0107, by j\u0105 pokona\u0107. W drodze trzeba by\u0107 aktywnym, wytrwa\u0142ym, gotowym na niespodzianki. Warto te\u017c znale\u017a\u0107 zaufanego, dobrego przewodnika, tak\u017ce wtedy, gdy cel w\u0119dr\u00f3wki jest znany. Pan B\u00f3g proponuje nam wsp\u00f3ln\u0105 wielkopostn\u0105 drog\u0119 i chce, by\u015bmy dali si\u0119 poprowadzi\u0107. Modlili\u015bmy si\u0119 przed chwil\u0105 s\u0142owami psalmu: \u201eDaj mi pozna\u0107 Twoje drogi, Panie, naucz mnie chodzi\u0107 Twoimi \u015bcie\u017ckami. Prowad\u017a mnie w prawdzie wed\u0142ug swych poucze\u0144 (\u2026). Dobry jest Pan i \u0142askawy dlatego wskazuje drog\u0119 grzesznikom. Pomaga pokornym czyni\u0107 dobrze, uczy ubogich dr\u00f3g swoich\u201d (Ps 25).<\/p>\n<p>Skoro s\u0142uchamy dzisiaj tych s\u0142\u00f3w w \u015bwi\u0105tyni i podczas Eucharystii, to znaczy, \u017ce znamy drogi Pana i chodzimy Jego \u015bcie\u017ckami! Mo\u017ce nawet nauczyli\u015bmy innych tej sztuki: dzieci, wnuki, uczni\u00f3w, wychowank\u00f3w? Ale Pan B\u00f3g zaprasza, by\u015bmy nigdy nie przestali da\u0107 si\u0119 Jemu prowadzi\u0107. On pomaga nam zrozumie\u0107, \u017ce jeste\u015bmy grzesznikami, kt\u00f3rym wskazuje drog\u0119 i chce, by\u015bmy w postawie pokory uczyli si\u0119 Jego dr\u00f3g i czynili dobro! Dobry B\u00f3g pragnie, by\u015bmy czynili to w wolno\u015bci. On nie chce poddanych, lecz syn\u00f3w!<\/p>\n<p>B\u00f3g wzywa nas do postu rozumianego jako czas odnowy, wzrostu i oczyszczenia, aby\u015bmy odzyskali swoje prawdziwe oblicze, stworzone przez Boga na Jego obraz i podobie\u0144stwo. Wielki Post to czas nawr\u00f3cenia i pokuty poprzez duchow\u0105 atmosfer\u0119, jak\u0105 zapewnia. To odpowiedni czas, aby wyzna\u0107 nasze grzechy w sakramencie pokuty, porzuci\u0107 z\u0142e nawyki, usun\u0105\u0107 korzenie egoizmu, oboj\u0119tno\u015bci, nienawi\u015bci, przemocy i oszczerstwa, i zast\u0105pi\u0107 je szczero\u015bci\u0105 i moraln\u0105 uczciwo\u015bci\u0105. Pomog\u0105 nam w tym rekolekcje parafialne oraz nabo\u017ce\u0144stwa pasyjne: Droga Krzy\u017cowa i Gorzkie \u017bale. Zach\u0119cam te\u017c do udzia\u0142u we Mszy \u015awi\u0119tej nie tylko w niedziele, ale tak\u017ce w dni powszednie. Mo\u017cemy wtedy codziennie karmi\u0107 si\u0119 Bo\u017cym s\u0142owem i Chlebem Eucharystycznym, pokarmem, kt\u00f3ry uzdalnia nas do nawr\u00f3cenia.<\/p>\n<p>W dniach od 24 lutego do 2 marca nasz\u0105 diecezj\u0119 nawiedz\u0105 relikwie m\u0119czennik\u00f3w, bohaterskiej rodziny Ulm\u00f3w. Jak zapewne wszyscy wiemy, J\u00f3zef Ulma i jego \u017cona Wiktoria oraz dzieci: Stasia, Basia, W\u0142adziu, Franu\u015b, Anto\u015b, Marysia i male\u0144stwo pod sercem mamy, przyj\u0119li pod sw\u00f3j dach \u017byd\u00f3w z rodziny Szall\u00f3w i Goldman\u00f3w, wiedz\u0105c, \u017ce to grozi im kara \u015bmierci. Zgin\u0119li wraz z nimi w Markowej, 24 marca 1944 roku, z r\u0105k niemieckiej \u017candarmerii. Pozosta\u0142 po nich egzemplarz Dziej\u00f3w Biblijnych Starego i Nowego Testamentu, w kt\u00f3rym na czerwono podkre\u015blona zosta\u0142a perykopa zatytu\u0142owana Przykazanie Mi\u0142o\u015bci \u2013 Mi\u0142osierny Samarytanin i zapisane o\u0142\u00f3wkiem s\u0142owo: tak! Mi\u0142o\u015b\u0107 bli\u017aniego, kt\u00f3r\u0105 okazali w tak charyzmatyczny spos\u00f3b jest owocem ich \u017cycia, kt\u00f3re kszta\u0142towa\u0142a wiara wzmacniana sakramentami, czytaniem s\u0142owa Bo\u017cego oraz modlitw\u0105 osobist\u0105 i rodzinn\u0105. W Narodowy Dzie\u0144 \u017bycia, 24 marca, minie 80 lat od m\u0119cze\u0144skiej \u015bmierci Ulm\u00f3w i ich go\u015bci.\u00a0\u00a0\u00a0\u00a0\u00a0\u00a0 My\u015bl\u0119, \u017ce wszyscy mamy \u015bwiadomo\u015b\u0107, \u017ce zagro\u017cona jest w Polsce ustawa o obronie \u017cycia nienarodzonych. Potrzebna jest nasza mobilizacja, by promowa\u0107 kultur\u0119 \u017cycia, zwi\u0105zan\u0105 z trosk\u0105 o ochron\u0119 ludzkiego \u017cycia od pocz\u0119cia do naturalnej \u015bmierci. W zwi\u0105zku z tym bardzo serdecznie prosz\u0119 o w\u0142\u0105czenie si\u0119 w dzie\u0142o duchowej adopcji dziecka pocz\u0119tego. Jest to dziewi\u0119ciomiesi\u0119czna, codzienna modlitwa w intencji jakiego\u015b zagro\u017conego aborcj\u0105 pocz\u0119tego dziecka. Niech przyk\u0142ad i wstawiennictwo m\u0119czennik\u00f3w z Markowej wspomaga nas w promowaniu cywilizacji \u017cycia. Bardzo zach\u0119cam do w\u0142\u0105czenia si\u0119 w t\u0119 modlitw\u0119 szczeg\u00f3lnie ludzi m\u0142odych, dziewczyny i ch\u0142opak\u00f3w, a tak\u017ce kap\u0142an\u00f3w. Sam od lat tak\u0105 modlitw\u0119 podejmuj\u0119. Uczy\u0144my to we wszystkich parafiach w uroczysto\u015b\u0107 Zwiastowania Pa\u0144skiego, kt\u00f3ra w tym roku przypadnie 8 kwietnia, w poniedzia\u0142ek po Niedzieli Mi\u0142osierdzia.<\/p>\n<p>Nie wystarczy walczy\u0107 o \u017cycie nienarodzonych, trzeba tak\u017ce uzna\u0107, \u017ce kiedy przyjd\u0105 na \u015bwiat, potrzebne jest wsparcie dla dzieci i ich rodzic\u00f3w, kt\u00f3rzy nie s\u0105 w stanie sami sobie poradzi\u0107, by godnie \u017cy\u0107. Opr\u00f3cz modlitwy w obronie \u017cycia ludzkiego, kt\u00f3ra jest niezb\u0119dna, potrzebne jest wsparcie os\u00f3b dotkni\u0119tych krzy\u017cem choroby i cierpienia oraz ich rodzin. Z wielkim szacunkiem i wdzi\u0119czno\u015bci\u0105 patrzymy na \u015brodowiska, w kt\u00f3rych cierpi\u0105ce osoby znajduj\u0105 dom, opiek\u0119, a ich rodziny wsparcie. Wraz z kap\u0142anami diecezji p\u0142ockiej chc\u0119 wesprze\u0107 Dom Mocarzy w Mocarzewie. Znajduje si\u0119 on na terenie diecezji \u0142owickiej, ale wiele pokole\u0144 naszych duchownych prze\u017cywa\u0142o tam rekolekcje przed \u015bwi\u0119ceniami kap\u0142a\u0144skimi. Siostry Zmartwychwstanki zbudowa\u0142y nowy, pi\u0119kny dom dla niepe\u0142nosprawnych Mocarzy. Zapraszam Braci kap\u0142an\u00f3w, by\u015bmy wsp\u00f3lnie, w formie ja\u0142mu\u017cny postnej, pomogli sfinansowa\u0107 wyposa\u017cenie kaplicy w tym domu. Ciesz\u0119 si\u0119 bardzo, \u017ce osiem os\u00f3b doros\u0142ych przygotowuje si\u0119 do przyj\u0119cia sakrament\u00f3w inicjacji chrze\u015bcija\u0144skiej podczas Triduum Paschalnego w naszej katedrze. W noc paschaln\u0105 zostan\u0105 oni w\u0142\u0105czeni do wsp\u00f3lnoty Ko\u015bcio\u0142a przyjmuj\u0105c chrzest, bierzmowanie i przyst\u0119puj\u0105c pierwszy raz do Komunii \u015awi\u0119tej. To Katechumeni. Bardzo si\u0119 nimi ciesz\u0119 i polecam ich Waszej modlitwie. Wszystkich, kt\u00f3rzy chc\u0105 by\u0107 \u015bwiadkami tej niezwyk\u0142ej liturgii zapraszam na Wigili\u0119 Paschaln\u0105 do naszej katedry.\u00a0 Bardzo prosz\u0119 Was, Siostry i Bracia, o dalsz\u0105 modlitw\u0119 o ustanie wojen, zw\u0142aszcza w Ukrainie i Ziemi \u015awi\u0119tej. Pro\u015bmy Boga o nawr\u00f3cenie i przemian\u0119 serc i umys\u0142\u00f3w ow\u0142adni\u0119tych nienawi\u015bci\u0105, przemoc\u0105, terrorem i ch\u0119ci\u0105 zemsty. Prosz\u0119, pami\u0119tajcie tak\u017ce o mnie w Waszych modlitwach! \u017bycz\u0119, by\u015bmy owocnie przeszli wielkopostn\u0105 drog\u0119 nawr\u00f3cenia i pokuty i z rado\u015bci\u0105 \u015bwi\u0119towali Pasch\u0119 Pana! Na te dni wypraszam Wam Bo\u017ce b\u0142ogos\u0142awie\u0144stwo.<\/p>\n<p>+ Szymon Stu\u0142kowski\u00a0\u00a0\u00a0 Biskup P\u0142ocki<\/p>\n","protected":false},"excerpt":{"rendered":"<p>Drogie Siostry i Drodzy Bracia! W \u015arod\u0119 Popielcow\u0105 rozpocz\u0119li\u015bmy okres czterdziestu dni Wielkiego Postu, kt\u00f3re poprowadz\u0105 nas ku \u015bwi\u0119tom paschalnym, kiedy b\u0119dziemy dzi\u0119kowa\u0107 Bogu za Jego mi\u0142o\u015b\u0107 okazan\u0105 nam w zbawczej m\u0119ce, \u015bmierci i zmartwychwstaniu Jezusa Chrystusa. Wielu z nas uczestniczy\u0142o w obrz\u0119dzie posypania g\u0142\u00f3w popio\u0142em, by tym gestem rozpocz\u0105\u0107 czas nawr\u00f3cenia i pokuty. Po &hellip; <\/p>\n<p><a class=\"more-link btn\" href=\"https:\/\/parafiasmardzewo.pl\/?p=9234\">Kontynuuj czytanie<\/a><\/p>\n","protected":false},"author":2,"featured_media":8408,"comment_status":"open","ping_status":"open","sticky":false,"template":"","format":"standard","meta":[],"categories":[6],"tags":[],"_links":{"self":[{"href":"https:\/\/parafiasmardzewo.pl\/index.php?rest_route=\/wp\/v2\/posts\/9234"}],"collection":[{"href":"https:\/\/parafiasmardzewo.pl\/index.php?rest_route=\/wp\/v2\/posts"}],"about":[{"href":"https:\/\/parafiasmardzewo.pl\/index.php?rest_route=\/wp\/v2\/types\/post"}],"author":[{"embeddable":true,"href":"https:\/\/parafiasmardzewo.pl\/index.php?rest_route=\/wp\/v2\/users\/2"}],"replies":[{"embeddable":true,"href":"https:\/\/parafiasmardzewo.pl\/index.php?rest_route=%2Fwp%2Fv2%2Fcomments&post=9234"}],"version-history":[{"count":1,"href":"https:\/\/parafiasmardzewo.pl\/index.php?rest_route=\/wp\/v2\/posts\/9234\/revisions"}],"predecessor-version":[{"id":9235,"href":"https:\/\/parafiasmardzewo.pl\/index.php?rest_route=\/wp\/v2\/posts\/9234\/revisions\/9235"}],"wp:featuredmedia":[{"embeddable":true,"href":"https:\/\/parafiasmardzewo.pl\/index.php?rest_route=\/wp\/v2\/media\/8408"}],"wp:attachment":[{"href":"https:\/\/parafiasmardzewo.pl\/index.php?rest_route=%2Fwp%2Fv2%2Fmedia&parent=9234"}],"wp:term":[{"taxonomy":"category","embeddable":true,"href":"https:\/\/parafiasmardzewo.pl\/index.php?rest_route=%2Fwp%2Fv2%2Fcategories&post=9234"},{"taxonomy":"post_tag","embeddable":true,"href":"https:\/\/parafiasmardzewo.pl\/index.php?rest_route=%2Fwp%2Fv2%2Ftags&post=9234"}],"curies":[{"name":"wp","href":"https:\/\/api.w.org\/{rel}","templated":true}]}}