{"id":9237,"date":"2024-02-24T23:01:46","date_gmt":"2024-02-24T22:01:46","guid":{"rendered":"https:\/\/parafiasmardzewo.pl\/?p=9237"},"modified":"2024-02-24T23:03:42","modified_gmt":"2024-02-24T22:03:42","slug":"ii-niedziela-wielkiego-postu-25-lutego-2024-roku","status":"publish","type":"post","link":"https:\/\/parafiasmardzewo.pl\/?p=9237","title":{"rendered":"II NIEDZIELA WIELKIEGO POSTU &#8211; 25  lutego 2024 roku"},"content":{"rendered":"<p><strong>OG\u0141OSZENIA DUSZPASTERSKIE<\/strong><\/p>\n<ol>\n<li>Dzisiaj, po Mszy \u015awi\u0119tej o godz. 9.00 b\u0119dzie spotkanie z dzie\u0107mi kl. III i IV, kt\u00f3rzy przygotowuj\u0105 si\u0119 do Pierwszej i Generalnej Komunii \u015awi\u0119tej<\/li>\n<li>Dzi\u015b po Mszy \u015awi\u0119tej o godz. 10.45 <strong>Gorzkie \u017bale<\/strong>, w pi\u0105tek natomiast <strong>nabo\u017ce\u0144stwo Drogi Krzy\u017cowej o godz. 16.30. <\/strong>W czasie Drogi krzy\u017cowej mo\u017cliwo\u015b\u0107 skorzystania z sakramentu pokuty (kandydaci do bierzmowania\u00a0 i wszyscy ch\u0119tni). M\u0142odzie\u017c przygotowuj\u0105c\u0105 si\u0119 do sakramentu bierzmowania zapraszam na nabo\u017ce\u0144stwo Drogi Krzy\u017cowej.<\/li>\n<li>Dzisiejsza niedziela nazywana jest NIEDZIEL\u0104 AD GENTES i jest po\u015bwi\u0119cona modlitwie za misje i misjonarzy. Cz\u0119\u015b\u0107 ofiar z tacy przeznaczymy na pomoc dla misjonarzy.<\/li>\n<li>W tym tygodniu przypadaj\u0105 czwartek przed pierwszym pi\u0105tkiem, pierwszy pi\u0105tek i\u00a0pierwsza sobota miesi\u0105ca. W czwartek po wieczornej Eucharystii b\u0119dziemy modli\u0107 si\u0119 w intencji powo\u0142anych do s\u0142u\u017cby Bo\u017cej oraz o nowe i \u015bwi\u0119te powo\u0142ania. W pi\u0105tek przed po\u0142udniem odwiedz\u0119 chorych. <strong>W wielu parafiach w ka\u017cdy pierwszy pi\u0105tek miesi\u0105ca ksi\u0119\u017ca odwiedzaj\u0105 chorych z Naj\u015bwi\u0119tszym Sakramentem. R\u00f3wnie\u017c w naszej parafii b\u0119dzie mo\u017cna zg\u0142osi\u0107 osoby, kt\u00f3re chc\u0105 przyj\u0105\u0107 Pana Jezusa w Komunii \u015awi\u0119tej. Do ka\u017cdego chorego pojad\u0119 swoim pojazdem. <\/strong><\/li>\n<li>Msza \u015awi\u0119ta w pierwszy pi\u0105tek, (1marca) o godz. 17.00, po Drodze Krzy\u017cowej.<\/li>\n<li>W sobot\u0119 przed wieczorn\u0105 Eucharysti\u0105 odprawimy nabo\u017ce\u0144stwo wynagradzaj\u0105ce Niepokalanemu Sercu Naj\u015bwi\u0119tszej Maryi Panny.<\/li>\n<li>Niech wielkopostne rekolekcje, kt\u00f3re b\u0119dziemy prze\u017cywa\u0107 15 \u2013 16 \u2013 17 marca, pomog\u0105 nam w podejmowaniu wysi\u0142ku przemiany \u017cycia i w dobrym przygotowaniu do prze\u017cycia \u015bwi\u0105t Zmartwychwstania Pa\u0144skiego. Szczeg\u00f3\u0142owy program rekolekcji b\u0119dzie dostarczony w nast\u0119pn\u0105 niedziel\u0119. B\u0119dzie te\u017c umieszczony w kruchcie \u00a0ko\u015bcio\u0142a \u00a0i na\u00a0 stronie internetowej parafii.<\/li>\n<li>Od nast\u0119pnej niedzieli b\u0119dzie trzecia Msza \u015awi\u0119ta o godz. 16.00. W sobot\u0119 b\u0119dzie Eucharystia z dnia powszedniego.<\/li>\n<li>Od 24 lutego do 2 marca dekanaty, szko\u0142y, plac\u00f3wki zdrowia i Zak\u0142ad Karny w diecezji p\u0142ockiej przyjm\u0105 u siebie relikwie b\u0142. Rodziny Ulm\u00f3w. B\u0119d\u0105 si\u0119 przy nich modli\u0107 rodziny, cz\u0142onkowie wsp\u00f3lnot, nauczyciele. Celem peregrynacji jest krzewienie kultu b\u0142. Rodziny Ulm\u00f3w jako przyk\u0142adu \u017cycia w prawdzie, troski o wiar\u0119 oraz bezinteresownego po\u015bwi\u0119cenia si\u0119 dla drugiego cz\u0142owieka. <strong>27 lutego ( wtorek), 18.00 &#8211; Msza \u015awi\u0119ta w ko\u015bciele \u015bw. J\u00f3zefa w Ciechanowie (dwa dekanaty ciechanowskie i p\u0142o\u0144ski p\u00f3\u0142nocny do kt\u00f3rego nale\u017cy te\u017c parafia Smardzewo). Szczeg\u00f3\u0142owe informacje na plakacie w kruchcie naszego ko\u015bcio\u0142a. <\/strong><\/li>\n<li>Sk\u0142adam podzi\u0119kowanie za ofiary, kt\u00f3re w ostatnim czasie zosta\u0142y z\u0142o\u017cone na zakup \u0142awek do \u015bwi\u0105tyni.<\/li>\n<li>Zach\u0119cam do nabycia prasy katolickiej.<\/li>\n<\/ol>\n","protected":false},"excerpt":{"rendered":"<p>OG\u0141OSZENIA DUSZPASTERSKIE Dzisiaj, po Mszy \u015awi\u0119tej o godz. 9.00 b\u0119dzie spotkanie z dzie\u0107mi kl. III i IV, kt\u00f3rzy przygotowuj\u0105 si\u0119 do Pierwszej i Generalnej Komunii \u015awi\u0119tej Dzi\u015b po Mszy \u015awi\u0119tej o godz. 10.45 Gorzkie \u017bale, w pi\u0105tek natomiast nabo\u017ce\u0144stwo Drogi Krzy\u017cowej o godz. 16.30. W czasie Drogi krzy\u017cowej mo\u017cliwo\u015b\u0107 skorzystania z sakramentu pokuty (kandydaci do &hellip; <\/p>\n<p><a class=\"more-link btn\" href=\"https:\/\/parafiasmardzewo.pl\/?p=9237\">Kontynuuj czytanie<\/a><\/p>\n","protected":false},"author":2,"featured_media":4017,"comment_status":"open","ping_status":"open","sticky":false,"template":"","format":"standard","meta":[],"categories":[2],"tags":[],"_links":{"self":[{"href":"https:\/\/parafiasmardzewo.pl\/index.php?rest_route=\/wp\/v2\/posts\/9237"}],"collection":[{"href":"https:\/\/parafiasmardzewo.pl\/index.php?rest_route=\/wp\/v2\/posts"}],"about":[{"href":"https:\/\/parafiasmardzewo.pl\/index.php?rest_route=\/wp\/v2\/types\/post"}],"author":[{"embeddable":true,"href":"https:\/\/parafiasmardzewo.pl\/index.php?rest_route=\/wp\/v2\/users\/2"}],"replies":[{"embeddable":true,"href":"https:\/\/parafiasmardzewo.pl\/index.php?rest_route=%2Fwp%2Fv2%2Fcomments&post=9237"}],"version-history":[{"count":3,"href":"https:\/\/parafiasmardzewo.pl\/index.php?rest_route=\/wp\/v2\/posts\/9237\/revisions"}],"predecessor-version":[{"id":9240,"href":"https:\/\/parafiasmardzewo.pl\/index.php?rest_route=\/wp\/v2\/posts\/9237\/revisions\/9240"}],"wp:featuredmedia":[{"embeddable":true,"href":"https:\/\/parafiasmardzewo.pl\/index.php?rest_route=\/wp\/v2\/media\/4017"}],"wp:attachment":[{"href":"https:\/\/parafiasmardzewo.pl\/index.php?rest_route=%2Fwp%2Fv2%2Fmedia&parent=9237"}],"wp:term":[{"taxonomy":"category","embeddable":true,"href":"https:\/\/parafiasmardzewo.pl\/index.php?rest_route=%2Fwp%2Fv2%2Fcategories&post=9237"},{"taxonomy":"post_tag","embeddable":true,"href":"https:\/\/parafiasmardzewo.pl\/index.php?rest_route=%2Fwp%2Fv2%2Ftags&post=9237"}],"curies":[{"name":"wp","href":"https:\/\/api.w.org\/{rel}","templated":true}]}}