{"id":9247,"date":"2024-03-02T22:07:19","date_gmt":"2024-03-02T21:07:19","guid":{"rendered":"https:\/\/parafiasmardzewo.pl\/?p=9247"},"modified":"2024-03-02T22:16:28","modified_gmt":"2024-03-02T21:16:28","slug":"trzecia-niedziela-wielkiego-postu-3-marca-2024-roku","status":"publish","type":"post","link":"https:\/\/parafiasmardzewo.pl\/?p=9247","title":{"rendered":"TRZECIA NIEDZIELA WIELKIEGO POSTU &#8211; 3 marca 2024 roku"},"content":{"rendered":"<p><strong>OG\u0141OSZENIA DUSZPASTERSKIE<\/strong><\/p>\n<p><strong>\u00a0<\/strong><\/p>\n<ol>\n<li>Dzisiaj, Msze \u015awi\u0119te b\u0119d\u0105 sprawowane o godz. 9.00 \u2013 10.45 \u2013 16.00. Po Eucharystii o godz. 9.00 b\u0119dzie spotkanie z dzie\u0107mi kl. III i IV.<\/li>\n<li>Po Mszy \u015awi\u0119tej o godz. 10.45 Gorzkie \u017bale , a w pi\u0105tek Droga Krzy\u017cowa o godz. 16.30.<\/li>\n<li>Wychodz\u0105c ze \u015bwi\u0105tyni mo\u017cna kupi\u0107 baranki wielkanocne.\u00a0 Doch\u00f3d ze sprzeda\u017cy przeznaczony jest na pomoc najbardziej potrzebuj\u0105cym.<\/li>\n<li>W pi\u0105tek, 8 marca, przypada Mi\u0119dzynarodowy Dzie\u0144 Kobiet. Pami\u0119tajmy w tym dniu, ale nie tylko wtedy, o naszych niewiastach: babciach, mamach, \u017conach, c\u00f3rkach i wnuczkach. Wyra\u017amy im nasz\u0105 \u017cyczliwo\u015b\u0107 jakim\u015b dobrym s\u0142owem i drobnym gestem i nie ustawajmy w\u00a0modlitwach za nich.<\/li>\n<li>Przypominam, \u017ce 15 &#8211; 16 \u2013 17 marca b\u0119dziemy prze\u017cywa\u0107 odnowienie Misji \u015bwi\u0119tych. Programy nabo\u017ce\u0144stw mo\u017cna zabra\u0107 w zakrystii. Podobnie jak w latach ubieg\u0142ych przy rozprowadzaniu program\u00f3w zbieramy ofiary na kwiaty do Grobu Pana Jezusa.<\/li>\n<li>W tym tygodniu b\u0119d\u0105 zabierane odpady z cmentarza. Ci, kt\u00f3rzy maj\u0105 na grobach zniszczone znicze prosz\u0119, aby z\u0142o\u017cyli je do plastykowych zbiornik\u00f3w. W czasie odnowienia Misji \u015bwi\u0119tych, w niedziel\u0119 17 marca, po ka\u017cdej Mszy \u015awi\u0119tej p\u00f3jdziemy z misjonarzem na cmentarz i b\u0119d\u0105 odmawiane specjalne modlitwy za zmar\u0142ych. Postarajmy si\u0119, \u017ceby by\u0142 porz\u0105dek na grobach naszych bliskich zmar\u0142ych.<\/li>\n<li>Mam serdeczn\u0105 pro\u015bb\u0119, aby nie wrzuca\u0107 ubra\u0144, butelek i innych rzeczy do pojemnik\u00f3w na cmentarzu. Pragn\u0119 poinformowa\u0107, \u017ce w najbli\u017cszym czasie zamontujemy kamer\u0119 przy tych zbiornikach.<\/li>\n<li>Pan Pawe\u0142 Marchel naprawi\u0142 monitor, kt\u00f3ry s\u0142u\u017cy do odtwarzania pie\u015bni w czasie Mszy \u015awi\u0119tych i nabo\u017ce\u0144stw. Bardzo serdecznie dzi\u0119kuj\u0119 za pomoc.<\/li>\n<li>Zach\u0119cam do nabycia prasy katolickiej.<\/li>\n<li>W ostatnim tygodniu odeszli do wieczno\u015bci &#8211; \u015bw. p. Ma\u0142gorzata Lewicka, kt\u00f3ra prze\u017cy\u0142a 57 lat. Od uczestnik\u00f3w pogrzebu b\u0119dzie odprawionych 46 Mszy \u015awi\u0119tych, w tym 3 intencje zam\u00f3wione przed pogrzebem. W miniony pi\u0105tek odby\u0142 si\u0119 pogrzeb \u015bw. p. Jana Zimakowskiego, kt\u00f3ry prze\u017cy\u0142 57 lat. Od uczestnik\u00f3w pogrzebu b\u0119dzie odprawionych 12 Mszy \u015awi\u0119tych, w tym 3 intencje zam\u00f3wione przed pogrzebem. Wieczny odpoczynek racz im da\u0107 Panie\u2026.<\/li>\n<li>Otaczamy solenizant\u00f3w i jubilat\u00f3w modlitw\u0105, przekazuj\u0105c im najserdeczniejsze \u017cyczenia. Pami\u0119tamy w modlitwie r\u00f3wnie\u017c o zmar\u0142ych, wypraszaj\u0105c im niebo\u2026<\/li>\n<\/ol>\n<p>&nbsp;<\/p>\n","protected":false},"excerpt":{"rendered":"<p>OG\u0141OSZENIA DUSZPASTERSKIE \u00a0 Dzisiaj, Msze \u015awi\u0119te b\u0119d\u0105 sprawowane o godz. 9.00 \u2013 10.45 \u2013 16.00. Po Eucharystii o godz. 9.00 b\u0119dzie spotkanie z dzie\u0107mi kl. III i IV. Po Mszy \u015awi\u0119tej o godz. 10.45 Gorzkie \u017bale , a w pi\u0105tek Droga Krzy\u017cowa o godz. 16.30. Wychodz\u0105c ze \u015bwi\u0105tyni mo\u017cna kupi\u0107 baranki wielkanocne.\u00a0 Doch\u00f3d ze sprzeda\u017cy &hellip; <\/p>\n<p><a class=\"more-link btn\" href=\"https:\/\/parafiasmardzewo.pl\/?p=9247\">Kontynuuj czytanie<\/a><\/p>\n","protected":false},"author":2,"featured_media":3590,"comment_status":"open","ping_status":"open","sticky":false,"template":"","format":"standard","meta":[],"categories":[2],"tags":[],"_links":{"self":[{"href":"https:\/\/parafiasmardzewo.pl\/index.php?rest_route=\/wp\/v2\/posts\/9247"}],"collection":[{"href":"https:\/\/parafiasmardzewo.pl\/index.php?rest_route=\/wp\/v2\/posts"}],"about":[{"href":"https:\/\/parafiasmardzewo.pl\/index.php?rest_route=\/wp\/v2\/types\/post"}],"author":[{"embeddable":true,"href":"https:\/\/parafiasmardzewo.pl\/index.php?rest_route=\/wp\/v2\/users\/2"}],"replies":[{"embeddable":true,"href":"https:\/\/parafiasmardzewo.pl\/index.php?rest_route=%2Fwp%2Fv2%2Fcomments&post=9247"}],"version-history":[{"count":5,"href":"https:\/\/parafiasmardzewo.pl\/index.php?rest_route=\/wp\/v2\/posts\/9247\/revisions"}],"predecessor-version":[{"id":9254,"href":"https:\/\/parafiasmardzewo.pl\/index.php?rest_route=\/wp\/v2\/posts\/9247\/revisions\/9254"}],"wp:featuredmedia":[{"embeddable":true,"href":"https:\/\/parafiasmardzewo.pl\/index.php?rest_route=\/wp\/v2\/media\/3590"}],"wp:attachment":[{"href":"https:\/\/parafiasmardzewo.pl\/index.php?rest_route=%2Fwp%2Fv2%2Fmedia&parent=9247"}],"wp:term":[{"taxonomy":"category","embeddable":true,"href":"https:\/\/parafiasmardzewo.pl\/index.php?rest_route=%2Fwp%2Fv2%2Fcategories&post=9247"},{"taxonomy":"post_tag","embeddable":true,"href":"https:\/\/parafiasmardzewo.pl\/index.php?rest_route=%2Fwp%2Fv2%2Ftags&post=9247"}],"curies":[{"name":"wp","href":"https:\/\/api.w.org\/{rel}","templated":true}]}}