{"id":9256,"date":"2024-03-09T20:24:01","date_gmt":"2024-03-09T19:24:01","guid":{"rendered":"https:\/\/parafiasmardzewo.pl\/?p=9256"},"modified":"2024-03-09T20:28:44","modified_gmt":"2024-03-09T19:28:44","slug":"czwarta-niedziea-wielkiego-postu-10-marca-2024","status":"publish","type":"post","link":"https:\/\/parafiasmardzewo.pl\/?p=9256","title":{"rendered":"CZWARTA NIEDZIEA WIELKIEGO POSTU &#8211; 10 marca 2024"},"content":{"rendered":"<p><strong>OG\u0141OSZENIA DUSZPASTERSKIE<\/strong><\/p>\n<ol>\n<li>Czwarta niedziela Wielkiego Postu, zwana Niedziel\u0105 <em>Laetare<\/em>, kt\u00f3rej wyj\u0105tkowo\u015b\u0107 podkre\u015bla r\u00f3\u017cowy kolor szat liturgicznych, wyznacza po\u0142ow\u0119 prze\u017cywanego okresu przygotowania paschalnego. Dlatego w polskiej tradycji nazywana by\u0142a \u201e\u015br\u00f3dpo\u015bciem\u201d albo \u201ep\u00f3\u0142po\u015bciem\u201d. Warto uczyni\u0107 pewne podsumowania i z jeszcze wi\u0119kszym zaanga\u017cowaniem prze\u017cy\u0107 drug\u0105 jego cz\u0119\u015b\u0107. Wspania\u0142\u0105 okazj\u0105 s\u0105 wielkopostne rekolekcje (w naszej parafii odnowienie misji \u015bwi\u0119tych), kt\u00f3re zaczniemy w najbli\u017cszy pi\u0105tek. Program znajdziemy w Internecie, w kruchcie ko\u015bcio\u0142a i na zewn\u0105trz \u015bwi\u0105tyni. Wiele rodzin ju\u017c otrzyma\u0142o program, kt\u00f3ry zosta\u0142 im dostarczony. Bardzo serdecznie dzi\u0119kuj\u0119 osobom, kt\u00f3re dostarczy\u0142y program poszczeg\u00f3lnym rodzinom.<\/li>\n<li>Po Mszy \u015awi\u0119tej o godz. 9.00 b\u0119dzie spotkanie z dzie\u0107mi kl. III i IV.<\/li>\n<li>W najbli\u017csz\u0105 \u015brod\u0119 przypada 11. rocznica wyboru papie\u017ca Franciszka. Ojciec \u015awi\u0119ty nie przestaje prosi\u0107 o modlitewne wsparcie, dlatego w jego intencji b\u0119dziemy si\u0119 modli\u0107 w \u015brod\u0119 na wieczornej Mszy \u015awi\u0119tej, a dzi\u015b ju\u017c chcemy powierzy\u0107 opiece Matki Naj\u015bwi\u0119tszej pos\u0142ugiwanie Chrystusowego Namiestnika: <em>Pod Twoj\u0105 obron\u0119\u2026<\/em>, <em>Matko Ko\u015bcio\u0142a, m\u00f3dl si\u0119 za nam<\/em>i<\/li>\n<li>Zapraszam do udzia\u0142u w nabo\u017ce\u0144stwach tego okresu: w Gorzkich \u017balach, kt\u00f3re \u015bpiewamy w ka\u017cd\u0105 niedziel\u0119 po Eucharystii o godz. 10.45 oraz w Drodze Krzy\u017cowej w ka\u017cdy pi\u0105tek.<\/li>\n<li>Wychodz\u0105c ze \u015bwi\u0105tyni mo\u017cna kupi\u0107 baranki wielkanocne, w cenie osiem z\u0142otych. Doch\u00f3d ze sprzeda\u017cy przeznaczony jest na pomoc najbardziej potrzebuj\u0105cym.<\/li>\n<li>Ofiary na kwiaty do Grobu Pana Jezusa zebrano: \u0106wiklinek , Smardzewo Dzia\u0142ki, Koliszewo Po\u0142udnie , Podsmardzewo, K\u0119pa. Serdeczne B\u00f3g zap\u0142a\u0107 wszystkim ofiarodawcom.<\/li>\n<li><strong>W odpowiedzi na zaproszenie Przewodnicz\u0105cego KEP<\/strong>\u00a0od soboty w ca\u0142ej Polsce b\u0119dzie odmawiana po ka\u017cdej Mszy \u015bw. nowenna w intencji\u00a0<strong><em>Ojczyzny,<\/em><\/strong>\u00a0<strong><em>zgody narodowej i\u00a0poszanowania \u017cycia ludzkiego<\/em><\/strong>.\u00a0R\u00f3wnie\u017c w naszym ko\u015bciele <em>pragniemy modli\u0107 si\u0119 za wstawiennictwem \u015bw.\u00a0Andrzeja Boboli i\u00a0b\u0142.\u00a0ks.\u00a0Jerzego Popie\u0142uszki \u2013 wielkich or\u0119downik\u00f3w Polski<\/em>.<\/li>\n<li>Na stronie internetowej naszej parafii jest umieszczony tekst modlitwy i intencje na ka\u017cdy dzie\u0144 od 16 \u2013 24 marca 2024 roku. Zach\u0119cam te\u017c do odmawiania tej modlitwy w gronie rodzinnym np. po Apelu Jasnog\u00f3rskim, kt\u00f3ry jest transmitowany przez Telewizj\u0119 TRWAM o godz. 21.00.<\/li>\n<li>Zach\u0119cam do nabycia prasy katolickiej.<\/li>\n<\/ol>\n","protected":false},"excerpt":{"rendered":"<p>OG\u0141OSZENIA DUSZPASTERSKIE Czwarta niedziela Wielkiego Postu, zwana Niedziel\u0105 Laetare, kt\u00f3rej wyj\u0105tkowo\u015b\u0107 podkre\u015bla r\u00f3\u017cowy kolor szat liturgicznych, wyznacza po\u0142ow\u0119 prze\u017cywanego okresu przygotowania paschalnego. Dlatego w polskiej tradycji nazywana by\u0142a \u201e\u015br\u00f3dpo\u015bciem\u201d albo \u201ep\u00f3\u0142po\u015bciem\u201d. Warto uczyni\u0107 pewne podsumowania i z jeszcze wi\u0119kszym zaanga\u017cowaniem prze\u017cy\u0107 drug\u0105 jego cz\u0119\u015b\u0107. Wspania\u0142\u0105 okazj\u0105 s\u0105 wielkopostne rekolekcje (w naszej parafii odnowienie misji \u015bwi\u0119tych), &hellip; <\/p>\n<p><a class=\"more-link btn\" href=\"https:\/\/parafiasmardzewo.pl\/?p=9256\">Kontynuuj czytanie<\/a><\/p>\n","protected":false},"author":2,"featured_media":3590,"comment_status":"open","ping_status":"open","sticky":false,"template":"","format":"standard","meta":[],"categories":[2],"tags":[],"_links":{"self":[{"href":"https:\/\/parafiasmardzewo.pl\/index.php?rest_route=\/wp\/v2\/posts\/9256"}],"collection":[{"href":"https:\/\/parafiasmardzewo.pl\/index.php?rest_route=\/wp\/v2\/posts"}],"about":[{"href":"https:\/\/parafiasmardzewo.pl\/index.php?rest_route=\/wp\/v2\/types\/post"}],"author":[{"embeddable":true,"href":"https:\/\/parafiasmardzewo.pl\/index.php?rest_route=\/wp\/v2\/users\/2"}],"replies":[{"embeddable":true,"href":"https:\/\/parafiasmardzewo.pl\/index.php?rest_route=%2Fwp%2Fv2%2Fcomments&post=9256"}],"version-history":[{"count":3,"href":"https:\/\/parafiasmardzewo.pl\/index.php?rest_route=\/wp\/v2\/posts\/9256\/revisions"}],"predecessor-version":[{"id":9259,"href":"https:\/\/parafiasmardzewo.pl\/index.php?rest_route=\/wp\/v2\/posts\/9256\/revisions\/9259"}],"wp:featuredmedia":[{"embeddable":true,"href":"https:\/\/parafiasmardzewo.pl\/index.php?rest_route=\/wp\/v2\/media\/3590"}],"wp:attachment":[{"href":"https:\/\/parafiasmardzewo.pl\/index.php?rest_route=%2Fwp%2Fv2%2Fmedia&parent=9256"}],"wp:term":[{"taxonomy":"category","embeddable":true,"href":"https:\/\/parafiasmardzewo.pl\/index.php?rest_route=%2Fwp%2Fv2%2Fcategories&post=9256"},{"taxonomy":"post_tag","embeddable":true,"href":"https:\/\/parafiasmardzewo.pl\/index.php?rest_route=%2Fwp%2Fv2%2Ftags&post=9256"}],"curies":[{"name":"wp","href":"https:\/\/api.w.org\/{rel}","templated":true}]}}