{"id":9260,"date":"2024-03-09T20:47:52","date_gmt":"2024-03-09T19:47:52","guid":{"rendered":"https:\/\/parafiasmardzewo.pl\/?p=9260"},"modified":"2024-03-09T20:47:52","modified_gmt":"2024-03-09T19:47:52","slug":"narodowa-nowenna-w-intencji-ojczyzny-2024-r","status":"publish","type":"post","link":"https:\/\/parafiasmardzewo.pl\/?p=9260","title":{"rendered":"NARODOWA NOWENNA W INTENCJI OJCZYZNY &#8211; 2024 r."},"content":{"rendered":"<p>W odpowiedzi na zaproszenie Przewodnicz\u0105cego KEP\u00a0od soboty w ca\u0142ej Polsce b\u0119dzie odmawiana po ka\u017cdej Mszy \u015bw. nowenna w intencji\u00a0<strong><em>Ojczyzny,<\/em><\/strong><strong>\u00a0<em>zgody narodowej i\u00a0poszanowania \u017cycia ludzkiego<\/em>.\u00a0<\/strong>R\u00f3wnie\u017c w naszym ko\u015bciele <strong><em>pragniemy modli\u0107 si\u0119 za wstawiennictwem \u015bw.\u00a0Andrzeja Boboli i\u00a0b\u0142.\u00a0ks.\u00a0Jerzego Popie\u0142uszki \u2013 wielkich or\u0119downik\u00f3w<\/em><\/strong><\/p>\n<p><strong>Ka\u017cdego dnia polecamy Panu Bogu szczeg\u00f3\u0142owe intencje:<\/strong><\/p>\n<ul>\n<li><strong> Dzie\u0144 pierwszy<\/strong> (16 marca) \u2013 O odnowienie wiary ka\u017cdego z nas, aby prowadzi\u0142a ona do\u00a0umocnienia ducha nas i naszych rodak\u00f3w;<\/li>\n<li><strong> Dzie\u0144 drugi<\/strong> (17 marca) \u2013 O pojednanie narodowe, m\u0105dro\u015b\u0107 dla rz\u0105dz\u0105cych i solidarno\u015b\u0107 spo\u0142eczn\u0105;<\/li>\n<li><strong> Dzie\u0144 trzeci<\/strong> (18 marca) \u2013 O zachowanie pokoju i bezpieczn\u0105 przysz\u0142o\u015b\u0107 dla Polski;<\/li>\n<li><strong> Dzie\u0144 czwarty<\/strong> (19 marca) \u2013 O odczytanie prawdziwej roli m\u0119\u017cczyzny i kobiety w ma\u0142\u017ce\u0144stwie oraz o trwa\u0142o\u015b\u0107 rodzin;<\/li>\n<li><strong> Dzie\u0144 pi\u0105ty<\/strong> (20 marca) \u2013 O si\u0142\u0119 i odwag\u0119 dla m\u0142odych w odkrywaniu wiary i \u017cyciowego powo\u0142ania;<\/li>\n<li><strong> Dzie\u0144 sz\u00f3sty<\/strong> (21 marca) \u2013 O \u015bwiat\u0142o Ducha \u015awi\u0119tego dla Polak\u00f3w, by\u015bmy kierowali si\u0119 zawsze dobrem Ojczyzny;<\/li>\n<li><strong> Dzie\u0144 si\u00f3dmy<\/strong> (22 marca)\u00a0\u2013\u00a0O prawd\u0119 i odpowiedzialno\u015b\u0107 za s\u0142owo w przestrzeni medialnej, tak\u017ce w mediach spo\u0142eczno\u015bciowych;<\/li>\n<li><strong> Dzie\u0144 \u00f3smy<\/strong> (23 marca)\u00a0\u2013\u00a0O szacunek i j\u0119zyk dialogu w przestrzeni publicznej;<\/li>\n<li><strong> Dzie\u0144 dziewi\u0105ty<\/strong> (24 marca)\u00a0\u2013\u00a0O pe\u0142n\u0105 ochron\u0119 prawn\u0105 \u017cycia dzieci nienarodzonych.<\/li>\n<\/ul>\n<p><strong>Ojcze nasz \u2026<\/strong><\/p>\n<p><strong>Zdrowa\u015b Maryjo \u2026<\/strong><\/p>\n<p><strong>\u00a0<\/strong><strong>Modlitwa za Ojczyzn\u0119 ks. Piotra Skargi SJ<\/strong><\/p>\n<p>Bo\u017ce, Rz\u0105dco i Panie narod\u00f3w, z r\u0119ki i karno\u015bci Twojej racz nas nie wypuszcza\u0107, a za przyczyn\u0105 Naj\u015bwi\u0119tszej Panny, Kr\u00f3lowej naszej, b\u0142ogos\u0142aw Ojczy\u017anie naszej, by Tobie zawsze wierna, chwa\u0142\u0119 przynios\u0142a Imieniu Twemu, a syny swe wiod\u0142a ku szcz\u0119\u015bliwo\u015bci.<\/p>\n<p>Wszechmog\u0105cy wieczny Bo\u017ce, spu\u015b\u0107 nam szerok\u0105 i g\u0142\u0119bok\u0105 mi\u0142o\u015b\u0107 ku braciom i najmilszej Matce, Ojczy\u017anie naszej, by\u015bmy jej i ludowi Twemu, swoich po\u017cytk\u00f3w zapomniawszy, mogli s\u0142u\u017cy\u0107 uczciwie.<\/p>\n<p>Ze\u015blij Ducha \u015awi\u0119tego na s\u0142ugi Twoje, rz\u0105dy kraju naszego sprawuj\u0105ce, by wedle woli Twojej ludem sobie powierzonym m\u0105drze i sprawiedliwie zdo\u0142ali kierowa\u0107. Przez Chrystusa, Pana naszego.<\/p>\n<p>\u015bw. Andrzeju Bobolo &#8211; m\u00f3dl si\u0119 za nami<\/p>\n<p>b\u0142. ks. Jerzy Popie\u0142uszko &#8211; m\u00f3dl si\u0119 za nami<\/p>\n","protected":false},"excerpt":{"rendered":"<p>W odpowiedzi na zaproszenie Przewodnicz\u0105cego KEP\u00a0od soboty w ca\u0142ej Polsce b\u0119dzie odmawiana po ka\u017cdej Mszy \u015bw. nowenna w intencji\u00a0Ojczyzny,\u00a0zgody narodowej i\u00a0poszanowania \u017cycia ludzkiego.\u00a0R\u00f3wnie\u017c w naszym ko\u015bciele pragniemy modli\u0107 si\u0119 za wstawiennictwem \u015bw.\u00a0Andrzeja Boboli i\u00a0b\u0142.\u00a0ks.\u00a0Jerzego Popie\u0142uszki \u2013 wielkich or\u0119downik\u00f3w Ka\u017cdego dnia polecamy Panu Bogu szczeg\u00f3\u0142owe intencje: Dzie\u0144 pierwszy (16 marca) \u2013 O odnowienie wiary ka\u017cdego z &hellip; <\/p>\n<p><a class=\"more-link btn\" href=\"https:\/\/parafiasmardzewo.pl\/?p=9260\">Kontynuuj czytanie<\/a><\/p>\n","protected":false},"author":2,"featured_media":8408,"comment_status":"open","ping_status":"open","sticky":false,"template":"","format":"standard","meta":[],"categories":[1],"tags":[],"_links":{"self":[{"href":"https:\/\/parafiasmardzewo.pl\/index.php?rest_route=\/wp\/v2\/posts\/9260"}],"collection":[{"href":"https:\/\/parafiasmardzewo.pl\/index.php?rest_route=\/wp\/v2\/posts"}],"about":[{"href":"https:\/\/parafiasmardzewo.pl\/index.php?rest_route=\/wp\/v2\/types\/post"}],"author":[{"embeddable":true,"href":"https:\/\/parafiasmardzewo.pl\/index.php?rest_route=\/wp\/v2\/users\/2"}],"replies":[{"embeddable":true,"href":"https:\/\/parafiasmardzewo.pl\/index.php?rest_route=%2Fwp%2Fv2%2Fcomments&post=9260"}],"version-history":[{"count":1,"href":"https:\/\/parafiasmardzewo.pl\/index.php?rest_route=\/wp\/v2\/posts\/9260\/revisions"}],"predecessor-version":[{"id":9261,"href":"https:\/\/parafiasmardzewo.pl\/index.php?rest_route=\/wp\/v2\/posts\/9260\/revisions\/9261"}],"wp:featuredmedia":[{"embeddable":true,"href":"https:\/\/parafiasmardzewo.pl\/index.php?rest_route=\/wp\/v2\/media\/8408"}],"wp:attachment":[{"href":"https:\/\/parafiasmardzewo.pl\/index.php?rest_route=%2Fwp%2Fv2%2Fmedia&parent=9260"}],"wp:term":[{"taxonomy":"category","embeddable":true,"href":"https:\/\/parafiasmardzewo.pl\/index.php?rest_route=%2Fwp%2Fv2%2Fcategories&post=9260"},{"taxonomy":"post_tag","embeddable":true,"href":"https:\/\/parafiasmardzewo.pl\/index.php?rest_route=%2Fwp%2Fv2%2Ftags&post=9260"}],"curies":[{"name":"wp","href":"https:\/\/api.w.org\/{rel}","templated":true}]}}