{"id":9267,"date":"2024-03-16T21:17:19","date_gmt":"2024-03-16T20:17:19","guid":{"rendered":"https:\/\/parafiasmardzewo.pl\/?p=9267"},"modified":"2024-03-16T21:18:16","modified_gmt":"2024-03-16T20:18:16","slug":"piata-niedziela-wielkiego-postu-17-marca-2024","status":"publish","type":"post","link":"https:\/\/parafiasmardzewo.pl\/?p=9267","title":{"rendered":"PI\u0104TA NIEDZIELA WIELKIEGO POSTU &#8211; 17 marca 2024"},"content":{"rendered":"<p><strong>OG\u0141OSZENIA DUSZPASTERSKIE<\/strong><\/p>\n<ol>\n<li>W pi\u0105t\u0105 niedziel\u0119 czasu paschalnego przygotowania zmienia si\u0119 charakter tego okresu na bardziej pasyjny, co uka\u017ce nam liturgia najbli\u017cszych dni, a ponadto podtrzymywany w naszej ojczy\u017anie zwyczaj zas\u0142aniania krzy\u017cy (i obraz\u00f3w).<\/li>\n<li>Do \u015bwi\u0105t paschalnych pozosta\u0142o coraz mniej czasu, ju\u017c tylko dwa tygodnie \u2013 dobrze i owocnie wykorzystajmy te dni.<\/li>\n<li>Dzisiaj, ko\u0144czymy rekolekcje wielkopostne i dzi\u0119kujemy przede wszystkim Panu Bogu i Matce Naj\u015bwi\u0119tszej za ten \u015bwi\u0119ty czas \u0142aski. Nasz\u0105 wdzi\u0119czno\u015b\u0107 kierujemy te\u017c do os\u00f3b, kt\u00f3re pomog\u0142y nam przygotowa\u0107 si\u0119 do \u015bwi\u0105t zmartwychwstania Pana Jezusa. S\u0142owa szczeg\u00f3lnej wdzi\u0119czno\u015bci kieruj\u0119 do O. Miros\u0142awa Kopczewskiego, franciszkanina z Niepokalanowa, kt\u00f3ry g\u0142osi\u0142 nauki rekolekcyjne, przewodniczy\u0142 nabo\u017ce\u0144stwom i modli\u0142 si\u0119 z nami. Ojciec Miros\u0142aw prowadzi misje, rekolekcje, ale na co dzie\u0144 pracuje w Niepokalanowie. Przygotowuje i prowadzi nabo\u017ce\u0144stwa pierwszych sob\u00f3t. Szerzy kult Niepokalanej na wz\u00f3r \u015bw. o. Maksymiliana Marii Kolbego.\u00a0 \u017byczymy Ojcu du\u017co zdrowia i Bo\u017cego b\u0142ogos\u0142awie\u0144stwa w tej potrzebnej i pi\u0119knej pracy duszpasterskiej. Dzi\u0119kuj\u0119 spowiednikom, szczeg\u00f3lnie Ks. Kan. J\u00f3zefowi Kacperskiemu, za ofiarn\u0105 s\u0142u\u017cb\u0119 w konfesjonale. Dzi\u0119kuj\u0119 Panu organi\u015bcie i Panu ko\u015bcielnemu, Pani Danucie Kr\u00f3l za pomoc przy sprz\u0105taniu ko\u015bcio\u0142a, Pani Ewie Felczak za pomoc w przygotowaniu posi\u0142k\u00f3w dla ksi\u0119\u017cy, Pani Bo\u017cenie Chojnackiej za pomoc przy sprz\u0105taniu plebanii, dzi\u0119kuj\u0119\u00a0\u00a0 s\u0142u\u017cbie liturgicznej i ministrantom. Wszystkim, kt\u00f3rzy w\u0142\u0105czyli si\u0119 do przygotowania i przebiegu rekolekcji serdecznie dzi\u0119kuj\u0119.<\/li>\n<li>Dzi\u015b po Eucharystii o godz. 9.00 zapraszam na nabo\u017ce\u0144stwo Gorzkich \u017bali, natomiast w pi\u0105tek na nabo\u017ce\u0144stwo Drogi Krzy\u017cowej:<\/li>\n<li>We wtorek b\u0119dziemy prze\u017cywali uroczysto\u015b\u0107 \u015awi\u0119tego J\u00f3zefa, Oblubie\u0144ca Naj\u015bwi\u0119tszej Maryi Panny i Patrona Ko\u015bcio\u0142a powszechnego. Na Mszy wieczornej b\u0119dziemy modli\u0107 si\u0119 w intencji m\u0119\u017cczyzn, ojc\u00f3w, m\u0119\u017c\u00f3w i syn\u00f3w, a tak\u017ce otoczmy modlitw\u0105 solenizantki i\u00a0solenizant\u00f3w tego dnia. W tym dniu prze\u017cywa r\u00f3wnie\u017c dzie\u0144 swojego Patrona Ks. Kan. J\u00f3zef Kacperski. Pami\u0119tajmy w osobistych\u00a0 modlitwach o Ks. J\u00f3zefie. Niech \u015bw. J\u00f3zef wyprasza mu potrzebne \u0142aski.<\/li>\n<li>Przysz\u0142a niedziela to ju\u017c Niedziela Palmowa rozpoczynaj\u0105ca Wielki Tydzie\u0144. B\u0142ogos\u0142awie\u0144stwo palm na pocz\u0105tku ka\u017cdej Mszy \u015awi\u0119tej. Przed Sum\u0105 ze szczeg\u00f3lnym udzia\u0142em dzieci pragniemy zorganizowa\u0107 procesj\u0119 wok\u00f3\u0142 \u015bwi\u0105tyni.<\/li>\n<li><strong>W odpowiedzi na zaproszenie Przewodnicz\u0105cego KEP <\/strong>od soboty\u00a0 \u00a0(16 &#8211; 24 marca) w ca\u0142ej Polsce jest odmawiana po ka\u017cdej Mszy \u015bw. nowenna w intencji <strong><em>Ojczyzny,<\/em><\/strong>\u00a0<strong><em>zgody narodowej i\u00a0poszanowania \u017cycia ludzkiego<\/em><\/strong>.\u00a0R\u00f3wnie\u017c w naszym ko\u015bciele <em>pragniemy modli\u0107 si\u0119 za wstawiennictwem \u015bw.\u00a0Andrzeja Boboli i\u00a0b\u0142.\u00a0ks.\u00a0Jerzego Popie\u0142uszki \u2013 wielkich or\u0119downik\u00f3w Polski<\/em>.<\/li>\n<li>Na kwiaty do Grobu Pana Jezusa z\u0142o\u017cono ofiary z nast\u0119puj\u0105cych wiosek: Milewo cz. I, od P. Olczak, Milewo cz. II, od P. Sta\u0144czaka,\u00a0 S\u0142oszewo Kolonia, Wierzb\u00f3wiec, Smardzewo Dzia\u0142ki, S\u0142oszewo\u00a0 (kilka rodzin), Smardzewo k\/ko\u015bcio\u0142a\u00a0 (kilka rodzin), Smardzewo Poduchowne \u2013 260,00 z\u0142. Wszystkim ofiarodawcom serdecznie dzi\u0119kuj\u0119. Pan Krzysztof Sosi\u0144ski wykona\u0142 nakrycie na kr\u0119gi przy studni\u00a0 obok cmentarza. Bardzo serdecznie dzi\u0119kuj\u0119 Panu Krzysztofowi.<\/li>\n<li>Zach\u0119cam do nabycia prasy katolickiej.<\/li>\n<\/ol>\n<p>&nbsp;<\/p>\n<p><strong>\u00a0<\/strong><\/p>\n<p><strong>\u00a0<\/strong><\/p>\n","protected":false},"excerpt":{"rendered":"<p>OG\u0141OSZENIA DUSZPASTERSKIE W pi\u0105t\u0105 niedziel\u0119 czasu paschalnego przygotowania zmienia si\u0119 charakter tego okresu na bardziej pasyjny, co uka\u017ce nam liturgia najbli\u017cszych dni, a ponadto podtrzymywany w naszej ojczy\u017anie zwyczaj zas\u0142aniania krzy\u017cy (i obraz\u00f3w). Do \u015bwi\u0105t paschalnych pozosta\u0142o coraz mniej czasu, ju\u017c tylko dwa tygodnie \u2013 dobrze i owocnie wykorzystajmy te dni. Dzisiaj, ko\u0144czymy rekolekcje wielkopostne &hellip; <\/p>\n<p><a class=\"more-link btn\" href=\"https:\/\/parafiasmardzewo.pl\/?p=9267\">Kontynuuj czytanie<\/a><\/p>\n","protected":false},"author":2,"featured_media":4017,"comment_status":"open","ping_status":"open","sticky":false,"template":"","format":"standard","meta":[],"categories":[1],"tags":[],"_links":{"self":[{"href":"https:\/\/parafiasmardzewo.pl\/index.php?rest_route=\/wp\/v2\/posts\/9267"}],"collection":[{"href":"https:\/\/parafiasmardzewo.pl\/index.php?rest_route=\/wp\/v2\/posts"}],"about":[{"href":"https:\/\/parafiasmardzewo.pl\/index.php?rest_route=\/wp\/v2\/types\/post"}],"author":[{"embeddable":true,"href":"https:\/\/parafiasmardzewo.pl\/index.php?rest_route=\/wp\/v2\/users\/2"}],"replies":[{"embeddable":true,"href":"https:\/\/parafiasmardzewo.pl\/index.php?rest_route=%2Fwp%2Fv2%2Fcomments&post=9267"}],"version-history":[{"count":2,"href":"https:\/\/parafiasmardzewo.pl\/index.php?rest_route=\/wp\/v2\/posts\/9267\/revisions"}],"predecessor-version":[{"id":9269,"href":"https:\/\/parafiasmardzewo.pl\/index.php?rest_route=\/wp\/v2\/posts\/9267\/revisions\/9269"}],"wp:featuredmedia":[{"embeddable":true,"href":"https:\/\/parafiasmardzewo.pl\/index.php?rest_route=\/wp\/v2\/media\/4017"}],"wp:attachment":[{"href":"https:\/\/parafiasmardzewo.pl\/index.php?rest_route=%2Fwp%2Fv2%2Fmedia&parent=9267"}],"wp:term":[{"taxonomy":"category","embeddable":true,"href":"https:\/\/parafiasmardzewo.pl\/index.php?rest_route=%2Fwp%2Fv2%2Fcategories&post=9267"},{"taxonomy":"post_tag","embeddable":true,"href":"https:\/\/parafiasmardzewo.pl\/index.php?rest_route=%2Fwp%2Fv2%2Ftags&post=9267"}],"curies":[{"name":"wp","href":"https:\/\/api.w.org\/{rel}","templated":true}]}}