{"id":9377,"date":"2024-04-06T21:53:04","date_gmt":"2024-04-06T19:53:04","guid":{"rendered":"https:\/\/parafiasmardzewo.pl\/?p=9377"},"modified":"2024-04-06T21:53:04","modified_gmt":"2024-04-06T19:53:04","slug":"druga-niedziela-wielkanocy-7-kwietnia-2024-czyli-milosierdzia-bozego","status":"publish","type":"post","link":"https:\/\/parafiasmardzewo.pl\/?p=9377","title":{"rendered":"DRUGA NIEDZIELA WIELKANOCY &#8211; 7 kwietnia 2024 CZYLI MI\u0141OSIERDZIA BO\u017bEGO"},"content":{"rendered":"<p><strong>\u00a0 \u00a0\u00a0<\/strong><strong>OG\u0141OSZENIA DUSZPASTERSKIE<\/strong><\/p>\n<ol>\n<li>Dzisiejsza niedziela ma wiele przydomk\u00f3w: przewodnia, bia\u0142a, Mi\u0142osierdzia Bo\u017cego\u2026 O\u00a0ten ostatni tytu\u0142 prosi\u0142 sam Pan Jezus za po\u015brednictwem \u015awi\u0119tej Siostry Faustyny. Od ponad dziesi\u0119ciu lat t\u0105 niedziel\u0105 rozpoczynamy Tydzie\u0144 Mi\u0142osierdzia. Chcemy uwielbia\u0107 niesko\u0144czone Bo\u017ce mi\u0142osierdzie, a jednocze\u015bnie podj\u0105\u0107 refleksj\u0119, czy sami jeste\u015bmy mi\u0142osierni.<\/li>\n<li>Z racji prze\u017cywanych w ostatnim czasie wielkich dni Wielkiego Tygodnia i oktawy wielkanocnej jutro przypada przeniesiona z 25 marca uroczysto\u015b\u0107 Zwiastowania Pa\u0144skiego. Jest to tak\u017ce Dzie\u0144 \u015awi\u0119to\u015bci \u017bycia i Dzie\u0144 Duchowej Adopcji Dziecka Pocz\u0119tego. Podczas wieczornej Eucharystii b\u0119dzie mo\u017cna zaanga\u017cowa\u0107 si\u0119 w Dzie\u0142o Adopcji przez zobowi\u0105zanie, \u017ce podejmie si\u0119 modlitwy w intencji nienarodzonego dziecka i jego rodzic\u00f3w.<\/li>\n<li>W przysz\u0142\u0105 niedziel\u0119, kt\u00f3ra b\u0119dzie prze\u017cywana jako Niedziela Biblijna, rozpoczniemy Tydzie\u0144 Biblijny. W tym szczeg\u00f3lnym Tygodniu, ale nie tylko, zach\u0119cam wszystkich Parafian do wzi\u0119cia Pisma \u015awi\u0119tego, jego czytania i medytowania.<\/li>\n<li>Bardzo serdecznie dzi\u0119kuj\u0119 P. Grzegorzowi Grabowskiemu za przygotowanie, po raz kolejny, Grobu Pa\u0144skiego, dzi\u0119kuj\u0119 r\u00f3wnie\u017c osobom, kt\u00f3re pomaga\u0142y przy poszczeg\u00f3lnych pracach w przygotowywaniu Grobu. S\u0105 to nast\u0119puj\u0105ce osoby: Henryk Kr\u00f3l, Tomasz Geller, Wincenty Sta\u0144czak, Bo\u017cena Chojnacka.. Pani Marzenie Kupniewskiej z Sochocina dzi\u0119kuj\u0119 za ustrojenie o\u0142tarzy kwiatami. Dzi\u0119kuj\u0119 r\u00f3wnie\u017c asy\u015bcie procesyjnej i dziewczynkom, kt\u00f3re sypa\u0142y kwiatkami oraz paniom, kt\u00f3re pomagaj\u0105 dzieciom w czasie procesji. S\u0142owa wdzi\u0119czno\u015bci kieruj\u0119 do ministrant\u00f3w i lektor\u00f3w (m\u0142odzie\u017cy m\u0119skiej i \u017ce\u0144skiej) oraz kantorki. Dzi\u0119kuj\u0119 stra\u017cakom z K\u0119py, Milewa, S\u0142oszewa Kolonii i Smardzewa oraz M\u0142odzie\u017cowej Dru\u017cynie Po\u017carniczej OSP Smardzewo, kt\u00f3rzy pe\u0142nili wart\u0119 przy Grobie Pa\u0144skim. Dzi\u0119kuj\u0119 r\u00f3wnie\u017c pracownikom ko\u015bcielnym (P. organista i ko\u015bcielny). Panu Paw\u0142owi Marchlowi dzi\u0119kuj\u0119 za pomoc przy ustawieniu nag\u0142o\u015bnienia w \u015bwi\u0105tyni.<\/li>\n<li>W nast\u0119pn\u0105 niedziel\u0119, 15 kwietnia, zapraszam rodzic\u00f3w na spotkanie po Mszy \u015awi\u0119tej o godz.10.45, kt\u00f3rych dzieci przyst\u0105pi\u0105 do Pierwszej Komunii \u015awi\u0119tej (kl. III 12 maja, godz. 10.45) i rodzic\u00f3w, kt\u00f3rych dzieci b\u0119d\u0105 odnawia\u0107 Przyrzeczenia Chrztu \u015awi\u0119tego (kl. IV, 26 maja, godz. 10.45). Kandydat\u00f3w do bierzmowania zapraszam za tydzie\u0144 na spotkanie po Mszy \u015awi\u0119tej o godz. 16.00.<\/li>\n<li>Zach\u0119cam do nabycia prasy katolickiej.<\/li>\n<li>Ko\u0144czy si\u0119 oktawa najwa\u017cniejszych \u015bwi\u0105t chrze\u015bcija\u0144skich \u2013 \u015bwi\u0105t Zmartwychwstania Pa\u0144skiego. Wszystkim Parafianom, szczeg\u00f3lnie tym, kt\u00f3rzy w rozpoczynaj\u0105cym si\u0119 tygodniu obchodz\u0105 swoje osobiste uroczysto\u015bci, pragniemy przekaza\u0107 nasze serdeczno\u015bci i \u017cyczliwo\u015bci, aby rado\u015b\u0107 paschalna nieustannie trwa\u0142a w Was, w Waszych rodzinach i domach\u2026<\/li>\n<\/ol>\n","protected":false},"excerpt":{"rendered":"<p>\u00a0 \u00a0\u00a0OG\u0141OSZENIA DUSZPASTERSKIE Dzisiejsza niedziela ma wiele przydomk\u00f3w: przewodnia, bia\u0142a, Mi\u0142osierdzia Bo\u017cego\u2026 O\u00a0ten ostatni tytu\u0142 prosi\u0142 sam Pan Jezus za po\u015brednictwem \u015awi\u0119tej Siostry Faustyny. Od ponad dziesi\u0119ciu lat t\u0105 niedziel\u0105 rozpoczynamy Tydzie\u0144 Mi\u0142osierdzia. Chcemy uwielbia\u0107 niesko\u0144czone Bo\u017ce mi\u0142osierdzie, a jednocze\u015bnie podj\u0105\u0107 refleksj\u0119, czy sami jeste\u015bmy mi\u0142osierni. Z racji prze\u017cywanych w ostatnim czasie wielkich dni Wielkiego &hellip; <\/p>\n<p><a class=\"more-link btn\" href=\"https:\/\/parafiasmardzewo.pl\/?p=9377\">Kontynuuj czytanie<\/a><\/p>\n","protected":false},"author":2,"featured_media":4017,"comment_status":"open","ping_status":"open","sticky":false,"template":"","format":"standard","meta":[],"categories":[2],"tags":[],"_links":{"self":[{"href":"https:\/\/parafiasmardzewo.pl\/index.php?rest_route=\/wp\/v2\/posts\/9377"}],"collection":[{"href":"https:\/\/parafiasmardzewo.pl\/index.php?rest_route=\/wp\/v2\/posts"}],"about":[{"href":"https:\/\/parafiasmardzewo.pl\/index.php?rest_route=\/wp\/v2\/types\/post"}],"author":[{"embeddable":true,"href":"https:\/\/parafiasmardzewo.pl\/index.php?rest_route=\/wp\/v2\/users\/2"}],"replies":[{"embeddable":true,"href":"https:\/\/parafiasmardzewo.pl\/index.php?rest_route=%2Fwp%2Fv2%2Fcomments&post=9377"}],"version-history":[{"count":1,"href":"https:\/\/parafiasmardzewo.pl\/index.php?rest_route=\/wp\/v2\/posts\/9377\/revisions"}],"predecessor-version":[{"id":9378,"href":"https:\/\/parafiasmardzewo.pl\/index.php?rest_route=\/wp\/v2\/posts\/9377\/revisions\/9378"}],"wp:featuredmedia":[{"embeddable":true,"href":"https:\/\/parafiasmardzewo.pl\/index.php?rest_route=\/wp\/v2\/media\/4017"}],"wp:attachment":[{"href":"https:\/\/parafiasmardzewo.pl\/index.php?rest_route=%2Fwp%2Fv2%2Fmedia&parent=9377"}],"wp:term":[{"taxonomy":"category","embeddable":true,"href":"https:\/\/parafiasmardzewo.pl\/index.php?rest_route=%2Fwp%2Fv2%2Fcategories&post=9377"},{"taxonomy":"post_tag","embeddable":true,"href":"https:\/\/parafiasmardzewo.pl\/index.php?rest_route=%2Fwp%2Fv2%2Ftags&post=9377"}],"curies":[{"name":"wp","href":"https:\/\/api.w.org\/{rel}","templated":true}]}}