{"id":9382,"date":"2024-04-13T22:15:34","date_gmt":"2024-04-13T20:15:34","guid":{"rendered":"https:\/\/parafiasmardzewo.pl\/?p=9382"},"modified":"2024-04-13T22:16:29","modified_gmt":"2024-04-13T20:16:29","slug":"trzecia-niedziela-wielkanocy-14-kwietnia-2024","status":"publish","type":"post","link":"https:\/\/parafiasmardzewo.pl\/?p=9382","title":{"rendered":"TRZECIA NIEDZIELA WIELKANOCY &#8211; 14 kwietnia 2024"},"content":{"rendered":"<p><strong>OG\u0141OSZENIA DUSZPASTERSKIE<\/strong><\/p>\n<ol>\n<li>W t\u0119 trzeci\u0105 niedziel\u0119 Wielkanocy, obchodzon\u0105 w naszej ojczy\u017anie jako Niedziel\u0119 Biblijn\u0105, inaugurujemy w Polsce Tydzie\u0144 Biblijny. Pragniemy zach\u0119ci\u0107 wszystkich Parafian do indywidualnej lektury i medytacji Biblii, by spotka\u0107 Pana, kt\u00f3ry m\u00f3wi do swojego ludu<\/li>\n<li>Dzisiaj, po Mszy \u015awi\u0119tej o godz. 10.45 b\u0119dzie spotkanie z rodzicami, kt\u00f3rych dzieci przygotowuj\u0105 si\u0119 do Pierwszej Komunii \u015awi\u0119tej (kl. III) i odnowienia Przyrzecze\u0144 Chrztu \u015awi\u0119tego (kl. IV). Po Eucharystii o godz. 16.00 b\u0119dzie spotkanie z kandydatami do sakramentu bierzmowania.<\/li>\n<li>W poniedzia\u0142ek, 15 kwietnia, po Mszy \u015awi\u0119tej o godz. 18.00 zapraszam dzieci kl. III na pierwsze spotkanie przygotowuj\u0105ce do uroczysto\u015bci Pierwszej Komunii \u015awi\u0119tej. Klasa IV b\u0119dzie mia\u0142a takie spotkanie we wtorek, 16 kwietnia, r\u00f3wnie\u017c po Mszy \u015awi\u0119tej o godz. 18.00. Kandydat\u00f3w do bierzmowania zapraszam w nast\u0119pn\u0105 niedziel\u0119 (21 kwietnia) po Eucharystii o godz. 16.00.<\/li>\n<li>Dzisiaj prze\u017cywamy te\u017c ustanowione przez Sejm RP, na pami\u0105tk\u0119 rocznicy przyj\u0119cia chrztu przez ksi\u0119cia Mieszka I, \u015bwi\u0119to Chrztu Polski.<\/li>\n<li>Panu Stefanowi Godlewskiemu\u00a0 dzi\u0119kuj\u0119 za przyci\u0119cie Tui przy ko\u015bciele i przy alejce od plebanii do ko\u015bcio\u0142a.<\/li>\n<li>Zach\u0119cam do nabycia prasy katolickiej.<\/li>\n<\/ol>\n<p>&nbsp;<\/p>\n<p>&nbsp;<\/p>\n<p>&nbsp;<\/p>\n","protected":false},"excerpt":{"rendered":"<p>OG\u0141OSZENIA DUSZPASTERSKIE W t\u0119 trzeci\u0105 niedziel\u0119 Wielkanocy, obchodzon\u0105 w naszej ojczy\u017anie jako Niedziel\u0119 Biblijn\u0105, inaugurujemy w Polsce Tydzie\u0144 Biblijny. Pragniemy zach\u0119ci\u0107 wszystkich Parafian do indywidualnej lektury i medytacji Biblii, by spotka\u0107 Pana, kt\u00f3ry m\u00f3wi do swojego ludu Dzisiaj, po Mszy \u015awi\u0119tej o godz. 10.45 b\u0119dzie spotkanie z rodzicami, kt\u00f3rych dzieci przygotowuj\u0105 si\u0119 do Pierwszej Komunii &hellip; <\/p>\n<p><a class=\"more-link btn\" href=\"https:\/\/parafiasmardzewo.pl\/?p=9382\">Kontynuuj czytanie<\/a><\/p>\n","protected":false},"author":2,"featured_media":4017,"comment_status":"open","ping_status":"open","sticky":false,"template":"","format":"standard","meta":[],"categories":[2],"tags":[],"_links":{"self":[{"href":"https:\/\/parafiasmardzewo.pl\/index.php?rest_route=\/wp\/v2\/posts\/9382"}],"collection":[{"href":"https:\/\/parafiasmardzewo.pl\/index.php?rest_route=\/wp\/v2\/posts"}],"about":[{"href":"https:\/\/parafiasmardzewo.pl\/index.php?rest_route=\/wp\/v2\/types\/post"}],"author":[{"embeddable":true,"href":"https:\/\/parafiasmardzewo.pl\/index.php?rest_route=\/wp\/v2\/users\/2"}],"replies":[{"embeddable":true,"href":"https:\/\/parafiasmardzewo.pl\/index.php?rest_route=%2Fwp%2Fv2%2Fcomments&post=9382"}],"version-history":[{"count":2,"href":"https:\/\/parafiasmardzewo.pl\/index.php?rest_route=\/wp\/v2\/posts\/9382\/revisions"}],"predecessor-version":[{"id":9384,"href":"https:\/\/parafiasmardzewo.pl\/index.php?rest_route=\/wp\/v2\/posts\/9382\/revisions\/9384"}],"wp:featuredmedia":[{"embeddable":true,"href":"https:\/\/parafiasmardzewo.pl\/index.php?rest_route=\/wp\/v2\/media\/4017"}],"wp:attachment":[{"href":"https:\/\/parafiasmardzewo.pl\/index.php?rest_route=%2Fwp%2Fv2%2Fmedia&parent=9382"}],"wp:term":[{"taxonomy":"category","embeddable":true,"href":"https:\/\/parafiasmardzewo.pl\/index.php?rest_route=%2Fwp%2Fv2%2Fcategories&post=9382"},{"taxonomy":"post_tag","embeddable":true,"href":"https:\/\/parafiasmardzewo.pl\/index.php?rest_route=%2Fwp%2Fv2%2Ftags&post=9382"}],"curies":[{"name":"wp","href":"https:\/\/api.w.org\/{rel}","templated":true}]}}