{"id":9388,"date":"2024-04-20T22:35:35","date_gmt":"2024-04-20T20:35:35","guid":{"rendered":"https:\/\/parafiasmardzewo.pl\/?p=9388"},"modified":"2024-04-20T22:37:27","modified_gmt":"2024-04-20T20:37:27","slug":"czwarta-niedziela-wielkanocy-21-kwietnia-2024","status":"publish","type":"post","link":"https:\/\/parafiasmardzewo.pl\/?p=9388","title":{"rendered":"CZWARTA NIEDZIELA WIELKANOCY &#8211; 21 kwietnia 2024"},"content":{"rendered":"<p><strong>OG\u0141OSZENIA DUSZPASTERSKIE<\/strong><\/p>\n<ol>\n<li>W Ewangelii czwartej ju\u017c Niedzieli Wielkanocy s\u0142yszymy, jak Pan Jezus por\u00f3wnuje si\u0119 do pasterza mi\u0142uj\u0105cego i troszcz\u0105cego si\u0119 o owce. Dlatego t\u0119 niedziel\u0119 nazywamy Niedziel\u0105 Dobrego Pasterza, przypada w ni\u0105 \u015awiatowy Dzie\u0144 Modlitw o Powo\u0142ania i rozpoczynaj\u0105 si\u0119 Kwartalne dni modlitw o powo\u0142ania do s\u0142u\u017cby w Ko\u015bciele. M\u00f3dlmy si\u0119, by nie brakowa\u0142o gorliwo\u015bci i apostolskiego zapa\u0142u w\u015br\u00f3d kap\u0142an\u00f3w i os\u00f3b zakonnych oraz o to, by nie zabrak\u0142o robotnik\u00f3w w Winnicy Pana. W tym tygodniu przed wieczorn\u0105 Eucharysti\u0105 zapraszamy na wsp\u00f3ln\u0105 modlitw\u0119 za powo\u0142anych i o \u015bwi\u0119te powo\u0142ania do s\u0142u\u017cby Bo\u017cej.<\/li>\n<li>Po Mszy \u015awi\u0119tej o godz. 9.00 b\u0119dzie kr\u00f3tkie spotkanie z dzie\u0107mi kl. III, natomiast po Eucharystii o godz. 10.45 zapraszam, na kr\u00f3tkie spotkanie, dzieci kl. IV. M\u0142odzie\u017c, kt\u00f3ra przygotowuje si\u0119 do sakramentu bierzmowania zapraszam na Msz\u0119 \u015awi\u0119t\u0105 o godz. 16.00 i na spotkanie i po zako\u0144czeniu Eucharystii.<\/li>\n<li>W poniedzia\u0142ek, 22 kwietnia, po Mszy \u015awi\u0119tej o godz. 18.00 b\u0119dzie spotkanie z dzie\u0107mi kl. III, a we wtorek, 23 kwietnia, r\u00f3wnie\u017c po Eucharystii o godz. 16.00 zapraszam uczni\u00f3w kl. IV na spotkanie przygotowuj\u0105ce do odnowienia Przyrzecze\u0144 Chrztu \u015awi\u0119tego.<\/li>\n<li>We wtorek obchodzi\u0107 b\u0119dziemy uroczysto\u015b\u0107 \u015awi\u0119tego Wojciecha, biskupa, m\u0119czennika i\u00a0patrona Polski. Znajd\u017amy w codziennym zabieganiu czas na spotkanie z Chrystusem we Mszy \u015awi\u0119tej i na modlitw\u0119 w intencji naszej umi\u0142owanej ojczyzny.<\/li>\n<li>W czwartek przypada \u015bwi\u0119to \u015awi\u0119tego Marka Ewangelisty, kt\u00f3re jest tradycyjnym dniem modlitwy o urodzaje. Chocia\u017c specjalne dni modlitw o dobre urodzaje i za kraje g\u0142oduj\u0105ce przypadaj\u0105 w sz\u00f3stym tygodniu okresu paschalnego, chciejmy w codziennej, osobistej modlitwie prosi\u0107 dobrego Boga, by pob\u0142ogos\u0142awi\u0142 wszelkie ludzkie wysi\u0142ki, aby one przynios\u0142y obfity plon i owoc i aby nikomu nie brakowa\u0142o codziennego chleba.<\/li>\n<li>Pa\u0144stwu Danucie i Henrykowi Kr\u00f3lom dzi\u0119kuj\u0119 za oczyszczenie krzew\u00f3w przy alejce od plebanii do ko\u015bcio\u0142a i przy pomnikach za ko\u015bcio\u0142em.<\/li>\n<li>Zach\u0119cam do nabycia prasy katolickiej: <strong><em>Go\u015b\u0107 Niedzielny<\/em><\/strong>, mo\u017cna naby\u0107 kolejny numer dwumiesi\u0119cznika <strong><em>Historia Ko\u015bcio\u0142a<\/em><\/strong> w kt\u00f3rym mo\u017cna przeczyta\u0107 miedzy innymi o inkwizycji w Ko\u015bciele i wiele innych ciekawych artyku\u0142\u00f3w; <strong><em>Rycerz Niepokalanej<\/em><\/strong>, <strong><em>Ma\u0142y Rycerzyk<\/em><\/strong> (dla dzieci) oraz miesi\u0119cznik <strong><em>R\u00f3\u017caniec<\/em><\/strong> dla Pa\u0144 zelatorek.<\/li>\n<li>Solenizantom i Jubilatom tygodnia sk\u0142adamy najserdeczniejsze \u017cyczenia i zapewniamy o\u00a0modlitewnej pami\u0119ci. Modlitw\u0105 otaczamy r\u00f3wnie\u017c tych Parafian, kt\u00f3rzy odeszli w ostatnim czasie do wieczno\u015bci, jak i ich rodziny.<\/li>\n<\/ol>\n<p>&nbsp;<\/p>\n<p>&nbsp;<\/p>\n","protected":false},"excerpt":{"rendered":"<p>OG\u0141OSZENIA DUSZPASTERSKIE W Ewangelii czwartej ju\u017c Niedzieli Wielkanocy s\u0142yszymy, jak Pan Jezus por\u00f3wnuje si\u0119 do pasterza mi\u0142uj\u0105cego i troszcz\u0105cego si\u0119 o owce. Dlatego t\u0119 niedziel\u0119 nazywamy Niedziel\u0105 Dobrego Pasterza, przypada w ni\u0105 \u015awiatowy Dzie\u0144 Modlitw o Powo\u0142ania i rozpoczynaj\u0105 si\u0119 Kwartalne dni modlitw o powo\u0142ania do s\u0142u\u017cby w Ko\u015bciele. M\u00f3dlmy si\u0119, by nie brakowa\u0142o gorliwo\u015bci &hellip; <\/p>\n<p><a class=\"more-link btn\" href=\"https:\/\/parafiasmardzewo.pl\/?p=9388\">Kontynuuj czytanie<\/a><\/p>\n","protected":false},"author":2,"featured_media":5378,"comment_status":"open","ping_status":"open","sticky":false,"template":"","format":"standard","meta":[],"categories":[2],"tags":[],"_links":{"self":[{"href":"https:\/\/parafiasmardzewo.pl\/index.php?rest_route=\/wp\/v2\/posts\/9388"}],"collection":[{"href":"https:\/\/parafiasmardzewo.pl\/index.php?rest_route=\/wp\/v2\/posts"}],"about":[{"href":"https:\/\/parafiasmardzewo.pl\/index.php?rest_route=\/wp\/v2\/types\/post"}],"author":[{"embeddable":true,"href":"https:\/\/parafiasmardzewo.pl\/index.php?rest_route=\/wp\/v2\/users\/2"}],"replies":[{"embeddable":true,"href":"https:\/\/parafiasmardzewo.pl\/index.php?rest_route=%2Fwp%2Fv2%2Fcomments&post=9388"}],"version-history":[{"count":1,"href":"https:\/\/parafiasmardzewo.pl\/index.php?rest_route=\/wp\/v2\/posts\/9388\/revisions"}],"predecessor-version":[{"id":9389,"href":"https:\/\/parafiasmardzewo.pl\/index.php?rest_route=\/wp\/v2\/posts\/9388\/revisions\/9389"}],"wp:featuredmedia":[{"embeddable":true,"href":"https:\/\/parafiasmardzewo.pl\/index.php?rest_route=\/wp\/v2\/media\/5378"}],"wp:attachment":[{"href":"https:\/\/parafiasmardzewo.pl\/index.php?rest_route=%2Fwp%2Fv2%2Fmedia&parent=9388"}],"wp:term":[{"taxonomy":"category","embeddable":true,"href":"https:\/\/parafiasmardzewo.pl\/index.php?rest_route=%2Fwp%2Fv2%2Fcategories&post=9388"},{"taxonomy":"post_tag","embeddable":true,"href":"https:\/\/parafiasmardzewo.pl\/index.php?rest_route=%2Fwp%2Fv2%2Ftags&post=9388"}],"curies":[{"name":"wp","href":"https:\/\/api.w.org\/{rel}","templated":true}]}}