{"id":9393,"date":"2024-04-27T22:36:24","date_gmt":"2024-04-27T20:36:24","guid":{"rendered":"https:\/\/parafiasmardzewo.pl\/?p=9393"},"modified":"2024-04-27T22:36:28","modified_gmt":"2024-04-27T20:36:28","slug":"piata-niedziela-wielkanocy-28-kwietnia-2024","status":"publish","type":"post","link":"https:\/\/parafiasmardzewo.pl\/?p=9393","title":{"rendered":"PI\u0104TA NIEDZIELA WIELKANOCY &#8211; 28 kwietnia 2024"},"content":{"rendered":"<p><strong>OG\u0141OSZENIA DUSZPASTERSKIE<\/strong><\/p>\n<p><strong>\u00a0<\/strong><\/p>\n<ol>\n<li>W poniedzia\u0142ek, 29 kwietnia, zapraszam do modlitwy w intencji Europy w dniu \u015bwi\u0119ta jej patronki, \u015awi\u0119tej Katarzyny Siene\u0144skiej. Msza \u015awi\u0119ta o godz. 00. Nasz\u0105 modlitw\u0105 ogarniemy r\u00f3wnie\u017c wszystkie ofiary nazistowskiego i stalinowskiego terroru, zw\u0142aszcza osoby duchowne i konsekrowane, w\u00a0przypadaj\u0105cy tego dnia Dzie\u0144 M\u0119cze\u0144stwa Duchowie\u0144stwa Polskiego, upami\u0119tniaj\u0105cy rocznic\u0119 wyzwolenia obozu koncentracyjnego w Dachau.<\/li>\n<li>W \u015brod\u0119 rozpoczynamy pi\u0119kny miesi\u0105c maj. W naszej polskiej tradycji to miesi\u0105c szczeg\u00f3lnej modlitwy razem z Maryj\u0105. Msza \u015awi\u0119ta w naszym ko\u015bciele b\u0119dzie sprawowana o godz. 18.00 i po Eucharystii b\u0119dziemy \u015bpiewa\u0107 Litani\u0119 Loreta\u0144sk\u0105. Zach\u0119cam do odprawiania nabo\u017ce\u0144stw maryjnych przy figurach przydro\u017cnych. Zadbajmy r\u00f3wnie\u017c o udekorowanie: krzy\u017cy, figur i kapliczek przydro\u017cnych.<\/li>\n<li>W czwartek, 2 maja, wspominamy \u015bw. Zygmunta. Parafia Kr\u00f3lewo w tym dniu prze\u017cywa uroczysto\u015b\u0107 odpustow\u0105. Suma w Kr\u00f3lewie o godz. 11.00, kt\u00f3r\u0105 odprawi ks. Biskup Miros\u0142aw Milewski.<\/li>\n<li>W pi\u0105tek, 3 maja, obchodzimy szczeg\u00f3ln\u0105 uroczysto\u015b\u0107 \u2013 uroczysto\u015b\u0107 Naj\u015bwi\u0119tszej Maryi Panny Kr\u00f3lowej Polski i G\u0142\u00f3wnej Patronki naszej ojczyzny oraz Narodowe \u015awi\u0119to Rocznicy Uchwalenia Konstytucji Trzeciego Maja. Przyjd\u017amy w tym dniu do ko\u015bcio\u0142a na Msz\u0119 \u015awi\u0119t\u0105. Msze b\u0119d\u0105 odprawione o godz.00 <strong>(po tej Mszy \u015awi\u0119tej spotkanie z dzie\u0107mi kl. III) i 16.00 (po Mszy \u015awi\u0119tej o godz. 16.00 spotkanie z kandydatami do bierzmowania)<\/strong><strong>.<\/strong> Podczas Eucharystii o godz.10.00 b\u0119dziemy si\u0119 szczeg\u00f3lnie modli\u0107 w intencji naszej umi\u0142owanej ojczyzny. Niech przez ten ca\u0142y \u015bwi\u0105teczny dzie\u0144 towarzyszy nam modlitwa za Polsk\u0119 i za Polak\u00f3w w kraju i na emigracji. Ze wzgl\u0119du na przypadaj\u0105c\u0105 uroczysto\u015b\u0107 nie obowi\u0105zuje nas wstrzemi\u0119\u017aliwo\u015b\u0107 od pokarm\u00f3w mi\u0119snych. Przypominam o wywieszeni flagi w dniu 3 maja. Spowied\u017a dla kandydat\u00f3w do bierzmowania i innych os\u00f3b w pi\u0105tek\u00a0 od godz. 15.30.<\/li>\n<li>W poprzedzaj\u0105cy czwartek prze\u017cywa\u0107 b\u0119dziemy Dzie\u0144 Polonii i Dzie\u0144 Flagi; w swoich prywatnych pacierzach czy przez udzia\u0142 we Mszy \u015awi\u0119tej wyra\u017amy trosk\u0119 o duchowy i\u00a0materialny \u0142ad i rozw\u00f3j w naszej ojczy\u017anie. Z racji pierwszego czwartku miesi\u0105ca m\u00f3dlmy si\u0119 r\u00f3wnie\u017c o powo\u0142ania do s\u0142u\u017cby Bo\u017cej. Wsp\u00f3lnie te intencje powierzymy w czasie wieczornej modlitwy maryjnej.<\/li>\n<li>W sobot\u0119 przypada wspomnienie \u015awi\u0119tego Floriana, m\u0119czennika, patrona stra\u017cak\u00f3w. To tak\u017ce pierwsza sobota miesi\u0105ca. Po wieczornej Mszy odprawimy nabo\u017ce\u0144stwo majowe i\u00a0odm\u00f3wimy R\u00f3\u017caniec, powierzaj\u0105c w nim intencje stra\u017cak\u00f3w i wszystkich spiesz\u0105cych z\u00a0pomoc\u0105 podczas po\u017car\u00f3w, powodzi czy innych kl\u0119sk \u017cywio\u0142owych. Za tydzie\u0144 na Mszy \u015awi\u0119tej o godz. 9.00 b\u0119dziemy modli\u0107 si\u0119 w intencji stra\u017cak\u00f3w z naszej parafii i M\u0142odzie\u017cowej Dru\u017cyny Po\u017carniczej OSP Smardzewo. W nast\u0119pna niedziel\u0119 na\u00a0\u00a0 sum\u0119 zapraszam asyst\u0119 procesyjn\u0105.<\/li>\n<li>Zach\u0119cam do nabycia prasy katolickiej.<\/li>\n<li>Nasz\u0105 modlitw\u0105 i \u017cyczliwo\u015bci\u0105 otaczamy Solenizant\u00f3w i Jubilat\u00f3w tygodnia. Zmar\u0142ych polecamy Bo\u017cemu mi\u0142osierdziu.<\/li>\n<\/ol>\n<p>&nbsp;<\/p>\n<p><strong>\u00a0<\/strong><\/p>\n<p><strong>\u00a0<\/strong><\/p>\n","protected":false},"excerpt":{"rendered":"<p>OG\u0141OSZENIA DUSZPASTERSKIE \u00a0 W poniedzia\u0142ek, 29 kwietnia, zapraszam do modlitwy w intencji Europy w dniu \u015bwi\u0119ta jej patronki, \u015awi\u0119tej Katarzyny Siene\u0144skiej. Msza \u015awi\u0119ta o godz. 00. Nasz\u0105 modlitw\u0105 ogarniemy r\u00f3wnie\u017c wszystkie ofiary nazistowskiego i stalinowskiego terroru, zw\u0142aszcza osoby duchowne i konsekrowane, w\u00a0przypadaj\u0105cy tego dnia Dzie\u0144 M\u0119cze\u0144stwa Duchowie\u0144stwa Polskiego, upami\u0119tniaj\u0105cy rocznic\u0119 wyzwolenia obozu koncentracyjnego w Dachau. &hellip; <\/p>\n<p><a class=\"more-link btn\" href=\"https:\/\/parafiasmardzewo.pl\/?p=9393\">Kontynuuj czytanie<\/a><\/p>\n","protected":false},"author":2,"featured_media":4017,"comment_status":"open","ping_status":"open","sticky":false,"template":"","format":"standard","meta":[],"categories":[2],"tags":[],"_links":{"self":[{"href":"https:\/\/parafiasmardzewo.pl\/index.php?rest_route=\/wp\/v2\/posts\/9393"}],"collection":[{"href":"https:\/\/parafiasmardzewo.pl\/index.php?rest_route=\/wp\/v2\/posts"}],"about":[{"href":"https:\/\/parafiasmardzewo.pl\/index.php?rest_route=\/wp\/v2\/types\/post"}],"author":[{"embeddable":true,"href":"https:\/\/parafiasmardzewo.pl\/index.php?rest_route=\/wp\/v2\/users\/2"}],"replies":[{"embeddable":true,"href":"https:\/\/parafiasmardzewo.pl\/index.php?rest_route=%2Fwp%2Fv2%2Fcomments&post=9393"}],"version-history":[{"count":1,"href":"https:\/\/parafiasmardzewo.pl\/index.php?rest_route=\/wp\/v2\/posts\/9393\/revisions"}],"predecessor-version":[{"id":9394,"href":"https:\/\/parafiasmardzewo.pl\/index.php?rest_route=\/wp\/v2\/posts\/9393\/revisions\/9394"}],"wp:featuredmedia":[{"embeddable":true,"href":"https:\/\/parafiasmardzewo.pl\/index.php?rest_route=\/wp\/v2\/media\/4017"}],"wp:attachment":[{"href":"https:\/\/parafiasmardzewo.pl\/index.php?rest_route=%2Fwp%2Fv2%2Fmedia&parent=9393"}],"wp:term":[{"taxonomy":"category","embeddable":true,"href":"https:\/\/parafiasmardzewo.pl\/index.php?rest_route=%2Fwp%2Fv2%2Fcategories&post=9393"},{"taxonomy":"post_tag","embeddable":true,"href":"https:\/\/parafiasmardzewo.pl\/index.php?rest_route=%2Fwp%2Fv2%2Ftags&post=9393"}],"curies":[{"name":"wp","href":"https:\/\/api.w.org\/{rel}","templated":true}]}}