{"id":9398,"date":"2024-05-04T21:25:40","date_gmt":"2024-05-04T19:25:40","guid":{"rendered":"https:\/\/parafiasmardzewo.pl\/?p=9398"},"modified":"2024-05-04T22:04:50","modified_gmt":"2024-05-04T20:04:50","slug":"szosta-niedziela-wielkanocy-5-maja-2024","status":"publish","type":"post","link":"https:\/\/parafiasmardzewo.pl\/?p=9398","title":{"rendered":"SZ\u00d3STA NIEDZIELA WIELKANOCY &#8211; 5 maja 2024"},"content":{"rendered":"<p><strong>OG\u0141OSZENIA DUSZPASTERSKIE<\/strong><\/p>\n<ol>\n<li>Dzisiaj, 5 maja, Msza \u015awi\u0119ta o godz. 9.00 b\u0119dzie odprawiona w intencji stra\u017cak\u00f3w z naszej parafii: K\u0119pa, Milewo, S\u0142oszewo Kolonia i Smardzewo oraz w intencji M\u0142odzie\u017cowej Dru\u017cyny Po\u017carniczej OSP Smardzewo<strong>. Po tej Eucharystii uczniowie ze Szko\u0142y Podstawowej im. Powsta\u0144c\u00f3w Styczniowych\u00a0 1863 r., w Smardzewie przedstawi\u0105 program patriotyczny zwi\u0105zany z 233 rocznic\u0105 uchwalenia Konstytucji 3 Maja. <\/strong>Pu Mszy \u015awi\u0119tej o godz. 10.45 b\u0119dzie adoracja i procesja eucharystyczna z racji pierwszej niedzieli miesi\u0105ca maja.<\/li>\n<li>Pan Jezus wybiera i powo\u0142uje ka\u017cd\u0105 i ka\u017cdego z nas do bycia Jego uczniem, a jednocze\u015bnie \u015bwiadkiem Jego niesko\u0144czonej mi\u0142o\u015bci. Przez wzajemn\u0105 mi\u0142o\u015b\u0107, kt\u00f3r\u0105 b\u0119dziemy sobie okazywa\u0107, najlepiej i najpe\u0142niej wype\u0142nimy to zadanie, to przykazanie. <strong>Razem z Maryj\u0105<\/strong> chcemy prosi\u0107 Pana o si\u0142y do realizacji tej misji, dlatego zapraszam do udzia\u0142u w\u00a0nabo\u017ce\u0144stwach majowych, kt\u00f3re <strong>odprawiamy ka\u017cdego dnia o godz. 18.30, po wieczornej Eucharystii.<\/strong> Zach\u0119cam r\u00f3wnie\u017c do udzia\u0142u w nabo\u017ce\u0144stwach majowych przy \u00a0krzy\u017cach, kapliczkach i figurach, \u00a0Matki Bo\u017cej.<\/li>\n<li>W tym sz\u00f3stym tygodniu Wielkanocy zanosimy swoje b\u0142aganie do Boga o dobre urodzaje i\u00a0kraje g\u0142oduj\u0105ce. Ta intencja towarzyszy\u0107 nam b\u0119dzie podczas nabo\u017ce\u0144stw majowych: razem z Maryj\u0105 b\u0119dziemy prosi\u0107 Dobrego Boga, by b\u0142ogos\u0142awi\u0142 ludzkim wysi\u0142kom, aby one przynios\u0142y obfity plon i aby nikomu nie brakowa\u0142o codziennego chleba.<\/li>\n<li>W najbli\u017cszy <strong>pi\u0105tek, 10 maja o godz. 17.00, m\u0142odzie\u017c naszej parafii i kilka os\u00f3b z par. \u015bw. Maksymiliana w P\u0142o\u0144sku przyst\u0105pi do sakramentu bierzmowania. Spowied\u017a dla m\u0142odzie\u017cy, rodzic\u00f3w, rodzic\u00f3w chrzestnych i innych os\u00f3b w czwartek, 9 maja o godz. 19.00. Spotkanie dla m\u0142odzie\u017cy przed bierzmowaniem w poniedzia\u0142ek, 6 maja o godz. 19.00. Obecno\u015b\u0107 obowi\u0105zkowa.<\/strong><\/li>\n<li>Za tydzie\u0144, 12 maja o godz. 10.45, dzieci z klasy trzeciej przyst\u0105pi\u0105 do Pierwszej Komunii \u015awi\u0119tej. Spowied\u017a dla dzieci, rodzic\u00f3w, chrzestnych i innych os\u00f3b w sobot\u0119, 11 maja o godz. 10.00. Sprz\u0105tanie ko\u015bcio\u0142a w \u015brod\u0119, 8 maja o godz. 18.45. Serdecznie zapraszam rodzic\u00f3w, kt\u00f3rych dzieci przyst\u0105pi\u0105 do Pierwszej Komunii \u015awi\u0119tej, do pomocy przy sprz\u0105taniu \u015bwi\u0105tyni.<\/li>\n<li>W przysz\u0142\u0105 niedziel\u0119 przypada uroczysto\u015b\u0107 Wniebowst\u0105pienia Pa\u0144skiego. I jak ju\u017c wspomnieli\u015bmy, jest to te\u017c \u015bwi\u0119to naszych m\u0142odszych Parafian \u2013 dzie\u0144 ich Pierwszej Komunii \u015awi\u0119tej. (W najbli\u017cszy pi\u0105tek rozpoczniemy nowenn\u0119 przed uroczysto\u015bci\u0105 Zes\u0142ania Ducha \u015awi\u0119tego: zapraszamy do wsp\u00f3lnej modlitwy o wylanie dar\u00f3w Bo\u017cego Ducha, kt\u00f3r\u0105 po\u0142\u0105czymy z codzienn\u0105 modlitw\u0105 maryjn\u0105).<\/li>\n<li>W \u015brod\u0119, 8 maja, \u00a0przypada\u00a0 uroczysto\u015b\u0107 \u015awi\u0119tego Stanis\u0142awa, biskupa i m\u0119czennika, g\u0142\u00f3wnego patrona Polski.<\/li>\n<li>Zach\u0119cam do nabycia prasy katolickiej.<\/li>\n<\/ol>\n","protected":false},"excerpt":{"rendered":"<p>OG\u0141OSZENIA DUSZPASTERSKIE Dzisiaj, 5 maja, Msza \u015awi\u0119ta o godz. 9.00 b\u0119dzie odprawiona w intencji stra\u017cak\u00f3w z naszej parafii: K\u0119pa, Milewo, S\u0142oszewo Kolonia i Smardzewo oraz w intencji M\u0142odzie\u017cowej Dru\u017cyny Po\u017carniczej OSP Smardzewo. Po tej Eucharystii uczniowie ze Szko\u0142y Podstawowej im. Powsta\u0144c\u00f3w Styczniowych\u00a0 1863 r., w Smardzewie przedstawi\u0105 program patriotyczny zwi\u0105zany z 233 rocznic\u0105 uchwalenia Konstytucji &hellip; <\/p>\n<p><a class=\"more-link btn\" href=\"https:\/\/parafiasmardzewo.pl\/?p=9398\">Kontynuuj czytanie<\/a><\/p>\n","protected":false},"author":2,"featured_media":4017,"comment_status":"open","ping_status":"open","sticky":false,"template":"","format":"standard","meta":[],"categories":[2],"tags":[],"_links":{"self":[{"href":"https:\/\/parafiasmardzewo.pl\/index.php?rest_route=\/wp\/v2\/posts\/9398"}],"collection":[{"href":"https:\/\/parafiasmardzewo.pl\/index.php?rest_route=\/wp\/v2\/posts"}],"about":[{"href":"https:\/\/parafiasmardzewo.pl\/index.php?rest_route=\/wp\/v2\/types\/post"}],"author":[{"embeddable":true,"href":"https:\/\/parafiasmardzewo.pl\/index.php?rest_route=\/wp\/v2\/users\/2"}],"replies":[{"embeddable":true,"href":"https:\/\/parafiasmardzewo.pl\/index.php?rest_route=%2Fwp%2Fv2%2Fcomments&post=9398"}],"version-history":[{"count":3,"href":"https:\/\/parafiasmardzewo.pl\/index.php?rest_route=\/wp\/v2\/posts\/9398\/revisions"}],"predecessor-version":[{"id":9404,"href":"https:\/\/parafiasmardzewo.pl\/index.php?rest_route=\/wp\/v2\/posts\/9398\/revisions\/9404"}],"wp:featuredmedia":[{"embeddable":true,"href":"https:\/\/parafiasmardzewo.pl\/index.php?rest_route=\/wp\/v2\/media\/4017"}],"wp:attachment":[{"href":"https:\/\/parafiasmardzewo.pl\/index.php?rest_route=%2Fwp%2Fv2%2Fmedia&parent=9398"}],"wp:term":[{"taxonomy":"category","embeddable":true,"href":"https:\/\/parafiasmardzewo.pl\/index.php?rest_route=%2Fwp%2Fv2%2Fcategories&post=9398"},{"taxonomy":"post_tag","embeddable":true,"href":"https:\/\/parafiasmardzewo.pl\/index.php?rest_route=%2Fwp%2Fv2%2Ftags&post=9398"}],"curies":[{"name":"wp","href":"https:\/\/api.w.org\/{rel}","templated":true}]}}