{"id":9405,"date":"2024-05-11T21:33:05","date_gmt":"2024-05-11T19:33:05","guid":{"rendered":"https:\/\/parafiasmardzewo.pl\/?p=9405"},"modified":"2024-05-12T15:04:50","modified_gmt":"2024-05-12T13:04:50","slug":"wniebowstapienie-panskie-12-maja-2024","status":"publish","type":"post","link":"https:\/\/parafiasmardzewo.pl\/?p=9405","title":{"rendered":"WNIEBOWST\u0104PIENIE PA\u0143SKIE &#8211;  12 maja 2024"},"content":{"rendered":"<p><strong>OG\u0141OSZENIA DUSZPASTERSKIE<\/strong><\/p>\n<ol>\n<li>W dzisiejsz\u0105 uroczysto\u015b\u0107 Wniebowst\u0105pienia Pa\u0144skiego wyznajemy wiar\u0119, \u017ce Pan Jezus wst\u0105pi\u0142 do nieba, by przygotowa\u0107 tam dla nas miejsce i tam nas wszystkich oczekuje. Dzi\u015b te\u017c prze\u017cywamy uroczysty dzie\u0144 Pierwszej Komunii \u015awi\u0119tej naszych dzieci z klasy trzeciej. M\u00f3dlmy si\u0119 za nie, by mia\u0142y ci\u0105g\u0142e pragnienie spotykania si\u0119 z Panem i przyjmowania Go w\u00a0Pokarmie Eucharystycznym.<\/li>\n<li>Dzieci b\u0119d\u0105 przychodzi\u0142y do ko\u015bcio\u0142a na \u201eBia\u0142y tydzie\u0144\u201d do pi\u0105tku w\u0142\u0105cznie. Jutro zapraszam dzieci z rodzicami na godz. 19.00, <strong>z racji na nabo\u017ce\u0144stwo fatimskie. <\/strong>W pozosta\u0142e dni: wtorek, \u015broda, czwartek i pi\u0105tek na godz. 18.00. Ka\u017cdego dnia dzieci b\u0119d\u0105 modli\u0107 si\u0119 w nast\u0119puj\u0105cych intencjach: poniedzia\u0142ek \u2013 prosi\u0107 b\u0119d\u0105 o \u0142aski dla rodzic\u00f3w; wtorek &#8211; w intencji chrzestnych; \u015broda \u2013 za babcie i dziadziusi\u00f3w; czwartek \u2013 o powo\u0142ania kap\u0142a\u0144skie, zakonne i misyjne; pi\u0105tek \u2013 za chorych i o pok\u00f3j na \u015bwiecie.<\/li>\n<li><strong>Jutro, 20 maja, zapraszam uczni\u00f3w kl. IV na godz. 17.00 na spotkanie przygotowuj\u0105ce do odnowienia Przyrzecze\u0144 Chrzcielnych.\u00a0\u00a0<\/strong><\/li>\n<li>Ka\u017cdego majowego wieczoru zapraszam do ko\u015bcio\u0142a na wsp\u00f3ln\u0105 modlitw\u0119 maryjn\u0105: o godz. 18.30, Eucharystia o godz. 18.00. <strong>W niedziel\u0119 nabo\u017ce\u0144stwo majowe jest odprawiane o godz. 15.40.<\/strong><\/li>\n<li>W ubieg\u0142y pi\u0105tek rozpocz\u0119li\u015bmy bezpo\u015brednie przygotowanie do uroczysto\u015bci Zes\u0142ania Ducha \u015awi\u0119tego, kt\u00f3r\u0105 b\u0119dziemy prze\u017cywali w przysz\u0142\u0105 niedziel\u0119. Zach\u0119cam do uczestnictwa w tej specjalnej modlitwie o wylanie dar\u00f3w Ducha Pocieszyciela, kt\u00f3r\u0105 odprawiamy po wieczornej Eucharystii po\u0142\u0105czon\u0105 ze \u015bpiewem Litanii Loreta\u0144skiej.<\/li>\n<li>W uroczysto\u015b\u0107 Zes\u0142ania Ducha \u015awi\u0119tego (19 maja) parafia nasza prze\u017cywa\u0107 b\u0119dzie uroczysto\u015b\u0107 odpustow\u0105. Porz\u0105dek Mszy \u015awi\u0119tych o godz. 9.00 \u2013 12.00 \u2013 17.00. Sum\u0119 odpustow\u0105 odprawi ks. dr Janusz Ziarko, proboszcz par. Sarbiewo, kazania b\u0119dzie g\u0142osi\u0142 ks. dr Wojciech Ku\u0107ko, Diecezjalny Duszpasterz Rodzin naszej diecezji. Szczeg\u00f3\u0142owy program jest zamieszczony na stronie internetowej parafii i w kruchcie ko\u015bcio\u0142a. Na sum\u0119 zapraszam asyst\u0119 procesyjn\u0105 i dziewczynki do sypania kwiatkami.<\/li>\n<li>Jutro przypada 107. rocznica pierwszego objawienia fatimskiego i 43. rocznica zamachu na \u015awi\u0119tego Jana Paw\u0142a II. To dzie\u0144 wspomnienia Naj\u015bwi\u0119tszej Maryi Panny Fatimskiej.<\/li>\n<li>Jutro, 13 maja, zapraszam na pierwsze nabo\u017ce\u0144stwo fatimskie, kt\u00f3re rozpocznie si\u0119 Msz\u0105 \u015awi\u0119t\u0105 o godz. 19.00. <strong>Zapraszam r\u00f3wnie\u017c dzieci, kt\u00f3re dzisiaj przyst\u0105pi\u0105 do pierwszej Komunii \u015awi\u0119tej.<\/strong><\/li>\n<li>Chcia\u0142bym przypomnie\u0107, \u017ce uroczysto\u015bci\u0105 Zes\u0142ania Ducha \u015awi\u0119tego ko\u0144czymy okres Pi\u0119\u0107dziesi\u0105tnicy Paschalnej. Dobiega te\u017c ko\u0144ca tak zwany okres Komunii \u015awi\u0119tej wielkanocnej (w naszej ojczy\u017anie wyd\u0142u\u017cony do Niedzieli Tr\u00f3jcy \u015awi\u0119tej). Ka\u017cdego dnia przed i po Mszy mo\u017cna skorzysta\u0107 z sakramentu pokuty i pojednania, aby m\u00f3c czyni\u0107 zado\u015b\u0107 przykazaniom ko\u015bcielnym \u2013 obowi\u0105zkowi raz do roku przyst\u0105pienia do spowiedzi \u015bwi\u0119tej i\u00a0przyj\u0119cia w okresie wielkanocnym Jezusa w Komunii \u015awi\u0119tej.<\/li>\n<li>1 czerwca br., odb\u0119dzie si\u0119 <strong>XII OG\u00d3LOPOLSKA PIELGRZYMKA K\u00d3\u0141 \u017bYWEGO R\u00d3ZA\u0143CA NA JASN\u0104 G\u00d3R\u0118<\/strong>. Szczeg\u00f3\u0142owy program pielgrzymki jest umieszczony na jednej z tablic w kruchcie ko\u015bcio\u0142a. Ci, kt\u00f3rzy chc\u0105 wzi\u0105\u0107 udzia\u0142 w tej pielgrzymce mog\u0105 si\u0119 zg\u0142asza\u0107 w zakrystii lub w kancelarii parafialnej.<\/li>\n<li>We wtorek, 14 maja wspominamy \u015bw. Macieja, kt\u00f3ry zosta\u0142 do\u0142\u0105czony do grona Dwunastu Aposto\u0142\u00f3w po zdradzie Judasza. W czwartek, 16 maja czcimy \u015bw. Andrzeja Bobol\u0119, jezuit\u0119 i patrona naszej ojczyzny, gorliwego kaznodziej\u0119 i spowiednika, kt\u00f3rego \u017cycie ja\u015bnia\u0142o blaskiem prawdziwej wiary, dla obrony kt\u00f3rej nie waha\u0142 si\u0119 z\u0142o\u017cy\u0107 je w ofierze.<\/li>\n<li>Zach\u0119cam do nabycia prasy katolickiej.<\/li>\n<\/ol>\n<p>&nbsp;<\/p>\n<p>&nbsp;<\/p>\n<p>&nbsp;<\/p>\n","protected":false},"excerpt":{"rendered":"<p>OG\u0141OSZENIA DUSZPASTERSKIE W dzisiejsz\u0105 uroczysto\u015b\u0107 Wniebowst\u0105pienia Pa\u0144skiego wyznajemy wiar\u0119, \u017ce Pan Jezus wst\u0105pi\u0142 do nieba, by przygotowa\u0107 tam dla nas miejsce i tam nas wszystkich oczekuje. Dzi\u015b te\u017c prze\u017cywamy uroczysty dzie\u0144 Pierwszej Komunii \u015awi\u0119tej naszych dzieci z klasy trzeciej. M\u00f3dlmy si\u0119 za nie, by mia\u0142y ci\u0105g\u0142e pragnienie spotykania si\u0119 z Panem i przyjmowania Go w\u00a0Pokarmie &hellip; <\/p>\n<p><a class=\"more-link btn\" href=\"https:\/\/parafiasmardzewo.pl\/?p=9405\">Kontynuuj czytanie<\/a><\/p>\n","protected":false},"author":2,"featured_media":4017,"comment_status":"open","ping_status":"open","sticky":false,"template":"","format":"standard","meta":[],"categories":[2],"tags":[],"_links":{"self":[{"href":"https:\/\/parafiasmardzewo.pl\/index.php?rest_route=\/wp\/v2\/posts\/9405"}],"collection":[{"href":"https:\/\/parafiasmardzewo.pl\/index.php?rest_route=\/wp\/v2\/posts"}],"about":[{"href":"https:\/\/parafiasmardzewo.pl\/index.php?rest_route=\/wp\/v2\/types\/post"}],"author":[{"embeddable":true,"href":"https:\/\/parafiasmardzewo.pl\/index.php?rest_route=\/wp\/v2\/users\/2"}],"replies":[{"embeddable":true,"href":"https:\/\/parafiasmardzewo.pl\/index.php?rest_route=%2Fwp%2Fv2%2Fcomments&post=9405"}],"version-history":[{"count":3,"href":"https:\/\/parafiasmardzewo.pl\/index.php?rest_route=\/wp\/v2\/posts\/9405\/revisions"}],"predecessor-version":[{"id":9415,"href":"https:\/\/parafiasmardzewo.pl\/index.php?rest_route=\/wp\/v2\/posts\/9405\/revisions\/9415"}],"wp:featuredmedia":[{"embeddable":true,"href":"https:\/\/parafiasmardzewo.pl\/index.php?rest_route=\/wp\/v2\/media\/4017"}],"wp:attachment":[{"href":"https:\/\/parafiasmardzewo.pl\/index.php?rest_route=%2Fwp%2Fv2%2Fmedia&parent=9405"}],"wp:term":[{"taxonomy":"category","embeddable":true,"href":"https:\/\/parafiasmardzewo.pl\/index.php?rest_route=%2Fwp%2Fv2%2Fcategories&post=9405"},{"taxonomy":"post_tag","embeddable":true,"href":"https:\/\/parafiasmardzewo.pl\/index.php?rest_route=%2Fwp%2Fv2%2Ftags&post=9405"}],"curies":[{"name":"wp","href":"https:\/\/api.w.org\/{rel}","templated":true}]}}