{"id":9556,"date":"2024-05-18T22:16:24","date_gmt":"2024-05-18T20:16:24","guid":{"rendered":"https:\/\/parafiasmardzewo.pl\/?p=9556"},"modified":"2024-05-18T22:16:24","modified_gmt":"2024-05-18T20:16:24","slug":"zeslanie-ducha-swietego-19-maja-2024","status":"publish","type":"post","link":"https:\/\/parafiasmardzewo.pl\/?p=9556","title":{"rendered":"ZES\u0141ANIE DUCHA \u015aWI\u0118TEGO &#8211; 19 maja 2024"},"content":{"rendered":"<p><strong>\u00a0 <\/strong><strong>OG\u0141OSZENIA DUSZPASTERSKIE<\/strong><\/p>\n<ol>\n<li>Dzi\u015b wraz z ca\u0142ym Ko\u015bcio\u0142em obchodzimy uroczysto\u015b\u0107 Zes\u0142ania Ducha \u015awi\u0119tego. Wspominamy dzie\u0144, kiedy na zgromadzonych w Wieczerniku Aposto\u0142\u00f3w zst\u0105pi\u0142 Duch \u015awi\u0119ty pod postaci\u0105 ognistych j\u0119zyk\u00f3w. Dzi\u0119ki Jego mocy uczniowie wyszli z Wieczernika, aby g\u0142osi\u0107 ca\u0142emu \u015bwiatu or\u0119dzie zbawienia. Dzi\u015b prosimy, aby <strong>\u201eDuch \u015awi\u0119ty da\u0142 nam g\u0142\u0119biej zrozumie\u0107 tajemnic\u0119 Eucharystii i doprowadzi\u0142 nas do ca\u0142ej prawdy\u201d<\/strong> (modlitwa nad darami). Niech nas umacnia swoimi darami, aby\u015bmy byli prawdziwymi \u015bwiadkami Chrystusa w\u00a0dzisiejszym \u015bwiecie.<\/li>\n<li>Nasza wsp\u00f3lnota parafialna prze\u017cywa dzisiaj uroczysto\u015b\u0107 odpustow\u0105. Msze \u015awi\u0119te s\u0105 odprawiane wed\u0142ug nast\u0119puj\u0105cego porz\u0105dku: godz. 9.00 \u2013 12.00 (suma opustowa z wystawieniem Naj\u015bwi\u0119tszego Sakramentu, adoracja i procesja eucharystyczna) i o godz. 17.00. Przed sum\u0105 o godz. 11.30 b\u0119dziemy modli\u0107 si\u0119 na r\u00f3\u017ca\u0144cu. S\u0142owo Bo\u017ce na wszystkich Mszach \u015awi\u0119tych g\u0142osi ks. dr Wojciech Ku\u0107ko z P\u0142ocka. .<\/li>\n<li>Jutro, w poniedzia\u0142ek, 20 maja (tradycyjnie drugi dzie\u0144 Zielonych \u015awi\u0105t), obchodzimy \u015bwi\u0119to Naj\u015bwi\u0119tszej Maryi Panny Matki Ko\u015bcio\u0142a. Msze \u015awi\u0119te w naszej \u015bwi\u0105tyni b\u0119d\u0105 sprawowane o godz. 10.00 (w intencji cz\u0142onki\u0144 K\u00f3\u0142 R\u00f3\u017ca\u0144cowych z naszej parafii i cz\u0142onk\u00f3w Szkaplerza \u015bwi\u0119tego) i o godz.16.00 (przybywaj\u0105 pielgrzymi z P\u0142o\u0144ska). Od godz. 9.30 b\u0119dziemy modli\u0107 si\u0119 na r\u00f3\u017ca\u0144cu. Na godz. 10.00 zapraszam szczeg\u00f3lnie osoby do\u015bwiadczone chorob\u0105 i cierpieniem. Na tej Mszy \u015awi\u0119tej b\u0119dzie namaszczenie chorych.<\/li>\n<li>Za tydzie\u0144, 26 maja, na Mszy \u015awi\u0119tej o godz. 10.45 uczniowie kl. IV odnowi\u0105 Przyrzeczenia Chrzcielne. Spowied\u017a dla uczni\u00f3w i ich bliskich\u00a0 w pi\u0105tek od godz. 16.00.<\/li>\n<li>W najbli\u017csz\u0105 niedziel\u0119, 26 czerwca, b\u0119dziemy obchodzili uroczysto\u015b\u0107 Naj\u015bwi\u0119tszej Tr\u00f3jcy. Warto przypomnie\u0107, \u017ce ko\u0144czy ona czas wielkanocnej Komunii \u015awi\u0119tej.<\/li>\n<li>1 czerwca (sobota) br., planujemy pielgrzymk\u0119 autokarem na Jasn\u0105 G\u00f3r\u0119. Jest to XII OG\u00d3LNOPOLSKA PIELGRZYMKA K\u00d3\u0141 R\u00d3\u017bA\u0143COWYCH NA JASN\u0104 G\u00d3R\u0118. Koszt wyjazdu 80,00 z\u0142 od osoby. S\u0105 jeszcze wolne miejsca.<\/li>\n<li>Zach\u0119cam do nabycia prasy katolickiej.<\/li>\n<\/ol>\n<p>&nbsp;<\/p>\n<p>&nbsp;<\/p>\n<p>&nbsp;<\/p>\n","protected":false},"excerpt":{"rendered":"<p>\u00a0 OG\u0141OSZENIA DUSZPASTERSKIE Dzi\u015b wraz z ca\u0142ym Ko\u015bcio\u0142em obchodzimy uroczysto\u015b\u0107 Zes\u0142ania Ducha \u015awi\u0119tego. Wspominamy dzie\u0144, kiedy na zgromadzonych w Wieczerniku Aposto\u0142\u00f3w zst\u0105pi\u0142 Duch \u015awi\u0119ty pod postaci\u0105 ognistych j\u0119zyk\u00f3w. Dzi\u0119ki Jego mocy uczniowie wyszli z Wieczernika, aby g\u0142osi\u0107 ca\u0142emu \u015bwiatu or\u0119dzie zbawienia. Dzi\u015b prosimy, aby \u201eDuch \u015awi\u0119ty da\u0142 nam g\u0142\u0119biej zrozumie\u0107 tajemnic\u0119 Eucharystii i doprowadzi\u0142 nas &hellip; <\/p>\n<p><a class=\"more-link btn\" href=\"https:\/\/parafiasmardzewo.pl\/?p=9556\">Kontynuuj czytanie<\/a><\/p>\n","protected":false},"author":2,"featured_media":4017,"comment_status":"open","ping_status":"open","sticky":false,"template":"","format":"standard","meta":[],"categories":[2],"tags":[],"_links":{"self":[{"href":"https:\/\/parafiasmardzewo.pl\/index.php?rest_route=\/wp\/v2\/posts\/9556"}],"collection":[{"href":"https:\/\/parafiasmardzewo.pl\/index.php?rest_route=\/wp\/v2\/posts"}],"about":[{"href":"https:\/\/parafiasmardzewo.pl\/index.php?rest_route=\/wp\/v2\/types\/post"}],"author":[{"embeddable":true,"href":"https:\/\/parafiasmardzewo.pl\/index.php?rest_route=\/wp\/v2\/users\/2"}],"replies":[{"embeddable":true,"href":"https:\/\/parafiasmardzewo.pl\/index.php?rest_route=%2Fwp%2Fv2%2Fcomments&post=9556"}],"version-history":[{"count":1,"href":"https:\/\/parafiasmardzewo.pl\/index.php?rest_route=\/wp\/v2\/posts\/9556\/revisions"}],"predecessor-version":[{"id":9557,"href":"https:\/\/parafiasmardzewo.pl\/index.php?rest_route=\/wp\/v2\/posts\/9556\/revisions\/9557"}],"wp:featuredmedia":[{"embeddable":true,"href":"https:\/\/parafiasmardzewo.pl\/index.php?rest_route=\/wp\/v2\/media\/4017"}],"wp:attachment":[{"href":"https:\/\/parafiasmardzewo.pl\/index.php?rest_route=%2Fwp%2Fv2%2Fmedia&parent=9556"}],"wp:term":[{"taxonomy":"category","embeddable":true,"href":"https:\/\/parafiasmardzewo.pl\/index.php?rest_route=%2Fwp%2Fv2%2Fcategories&post=9556"},{"taxonomy":"post_tag","embeddable":true,"href":"https:\/\/parafiasmardzewo.pl\/index.php?rest_route=%2Fwp%2Fv2%2Ftags&post=9556"}],"curies":[{"name":"wp","href":"https:\/\/api.w.org\/{rel}","templated":true}]}}