{"id":9561,"date":"2024-05-25T21:33:15","date_gmt":"2024-05-25T19:33:15","guid":{"rendered":"https:\/\/parafiasmardzewo.pl\/?p=9561"},"modified":"2024-05-25T21:34:18","modified_gmt":"2024-05-25T19:34:18","slug":"uroczystosc-trojcy-przenajswietszej-26-maja-2024","status":"publish","type":"post","link":"https:\/\/parafiasmardzewo.pl\/?p=9561","title":{"rendered":"UROCZYSTO\u015a\u0106 TR\u00d3JCY PRZENAJ\u015aWI\u0118TSZEJ  26 maja 2024"},"content":{"rendered":"<p><strong>OG\u0141OSZENIA DUSZPASTERSKIE<\/strong><\/p>\n<ol>\n<li>Wiar\u0119 w Jednego Boga w Trzech Osobach \u2013 wyznajemy za ka\u017cdym razem, kiedy czynimy znak krzy\u017ca \u015bwi\u0119tego. Niech zatem ka\u017cdy znak krzy\u017ca b\u0119dzie wykonywany w\u0142a\u015bnie z t\u0105 \u015bwiadomo\u015bci\u0105, \u017ce dotykamy niepoj\u0119tej tajemnicy, niech b\u0119dzie zawsze naszym odwa\u017cnym wyznaniem wiary w Ojca i Syna, i Ducha \u015awi\u0119tego \u2013 Jednego Boga w Tr\u00f3jcy Os\u00f3b.<\/li>\n<li>Dzi\u015b z dzie\u0107mi z klasy IV prze\u017cywamy dzie\u0144 Odnowienia Przyrzecze\u0144 Chrzcielnych. M\u00f3dlmy si\u0119 za nie, aby mia\u0142y ci\u0105g\u0142e pragnienie spotykania si\u0119 z Panem Jezusem w Komunii \u015awi\u0119tej i dawa\u0142y \u015bwiadectwo wierno\u015bci Chrystusowi. \u00a0Pomagajmy m\u0142odemu pokoleniu w zbli\u017caniu si\u0119 do Pana naszym prawdziwie chrze\u015bcija\u0144skim \u017cyciem, dobrym przyk\u0142adem i odwa\u017cnym \u015bwiadectwem wiary.<\/li>\n<li>Dzieci kl. IV zapraszam na Msz\u0119 \u015awi\u0119t\u0105 na godz. 18.00 w poniedzia\u0142ek, wtorek i \u015brod\u0119 oraz w czwartek na godz. 10.00. Ka\u017cdego dnia b\u0119d\u0105 modli\u0107 si\u0119 w r\u00f3\u017cnych intencjach. Rodzicom i dzieciom dzi\u0119kuj\u0119 za ustrojenie o\u0142tarzy kwiatami na dzisiejsz\u0105 uroczysto\u015b\u0107 oraz za dar o\u0142tarza \u2013 bielizn\u0119 na kielich i ampu\u0142ki.<\/li>\n<li>Dzisiaj r\u00f3wnie\u017c \u015bwi\u0119to naszych kochanych Mam. Wyra\u017camy im nasz\u0105 wdzi\u0119czno\u015b\u0107 przez modlitewn\u0105 pami\u0119\u0107 czy skromne upominki.<\/li>\n<li>Nasze Mamy polecimy opiece Matki Naj\u015bwi\u0119tszej w czasie dzisiejszego majowego nabo\u017ce\u0144stwa. Zapraszam na godz. 15.40.<\/li>\n<li>W czwartek, 30 maja, b\u0119dziemy celebrowa\u0107 uroczysto\u015b\u0107 Naj\u015bwi\u0119tszego Cia\u0142a i Krwi Chrystusa (Bo\u017ce Cia\u0142o). Uczestnicz\u0105c w tym dniu w procesji, publicznie wyznajemy wiar\u0119 w ukrytego w\u00a0Bia\u0142ej Hostii Jezusa Chrystusa. Msze \u015awi\u0119te b\u0119d\u0105 odprawione o godz. 8.00 i 10.00. Po Eucharystii o godz. 10.00 wyruszymy w procesji do czterech o\u0142tarzy z Jezusem Eucharystycznym. W\u0142\u0105czmy si\u0119 czynnie w przygotowanie procesji, niech b\u0119dzie to wyraz naszej mi\u0142o\u015bci do Zbawiciela. Zapraszam asyst\u0119 procesyjn\u0105 do niesienia chor\u0105gwi, feretron\u00f3w, dziewczynki do sypania kwiat\u00f3w oraz ministrant\u00f3w. Bardzo serdecznie prosz\u0119 mieszka\u0144c\u00f3w poszczeg\u00f3lnych wiosek o ustrojenie o\u0142tarzy. O\u0142tarz pierwszy przygotowuj\u0105 mieszka\u0144cy: S\u0142oszewo i S\u0142oszewo Kolonia, o\u0142tarz drugi K\u0119pa, o\u0142tarz trzeci Koliszewo P\u00f3\u0142noc, o\u0142tarz czwarty\u00a0 Smardzewo Dzia\u0142ki i Smardzewo Sp\u00f3\u0142dzielnia.<\/li>\n<li>Do ko\u0144ca maja trwa w naszym ko\u015bciele wsp\u00f3lna modlitwa maryjna. Zach\u0119cam do licznego udzia\u0142u. W pi\u0105tek, 31 maja, przypada \u015bwi\u0119to Nawiedzenia Naj\u015bwi\u0119tszej Maryi Panny i ostatni dzie\u0144 wsp\u00f3lnego \u015bpiewania Litanii Loreta\u0144skiej w\u00a0ko\u015bciele. Natomiast w\u00a0sobot\u0119, 1 czerwca, rozpoczniemy nabo\u017ce\u0144stwa ku czci Naj\u015bwi\u0119tszego Serca Pana Jezusa: to sobotnie po\u0142\u0105czymy z r\u00f3\u017ca\u0144cem wynagradzaj\u0105cym ku czci Niepokalanego Serca Naj\u015bwi\u0119tszej Maryi Panny.<\/li>\n<li>W sobot\u0119 b\u0119dziemy pzre\u017cywa\u0107 tak\u017ce Mi\u0119dzynarodowy Dzie\u0144 Dziecka. Pami\u0119tajmy w tym dniu, w spos\u00f3b szczeg\u00f3lny, w swoich o modlitwach o dzieciach.<\/li>\n<li>W minion\u0105 niedziel\u0119 prze\u017cywali\u015bmy uroczysto\u015b\u0107 odpustow\u0105 Zes\u0142anie Ducha \u015awi\u0119tego. Bardzo serdecznie dzi\u0119kuj\u0119 osobom zaanga\u017cowanym w przygotowanie i przebieg tej uroczysto\u015bci. Dzi\u0119kuj\u0119 asy\u015bcie procesyjnej, dziewczynkom sypi\u0105cym kwiatkami, paniom, kt\u00f3re opiekuj\u0105 si\u0119 dziewczynkami. Dzi\u0119kuj\u0119 s\u0142u\u017cbie liturgicznej: ministrantom, lektorom i lektorkom. Pomagali: Danuta i Henryk Kr\u00f3lowie, Bo\u017cena Chojnacka,\u00a0 Tomasz Geller i Wincenty Sta\u0144czak oraz Karolina i Krzysztof Kosobudzccy.. Dzi\u0119kuj\u0119 panu organi\u015bcie, panu ko\u015bcielnemu i wszystkim osobom, kt\u00f3re w\u0142\u0105czy\u0142y si\u0119 do pomocy..<\/li>\n<li>1 czerwca (sobota) br., planujemy pielgrzymk\u0119 autokarem na Jasn\u0105 G\u00f3r\u0119. Jest to XII OG\u00d3LNOPOLSKA PIELGRZYMKA K\u00d3\u0141 R\u00d3\u017bA\u0143COWYCH NA JASN\u0104 G\u00d3R\u0118. Koszt wyjazdu 80,00 z\u0142 od osoby. S\u0105 jeszcze wolne miejsca. Wyjazd ze Smardzewa o godz. 5.00.<\/li>\n<li>Zach\u0119cam do nabycia prasy katolickiej.<\/li>\n<\/ol>\n<p>&nbsp;<\/p>\n<p>&nbsp;<\/p>\n","protected":false},"excerpt":{"rendered":"<p>OG\u0141OSZENIA DUSZPASTERSKIE Wiar\u0119 w Jednego Boga w Trzech Osobach \u2013 wyznajemy za ka\u017cdym razem, kiedy czynimy znak krzy\u017ca \u015bwi\u0119tego. Niech zatem ka\u017cdy znak krzy\u017ca b\u0119dzie wykonywany w\u0142a\u015bnie z t\u0105 \u015bwiadomo\u015bci\u0105, \u017ce dotykamy niepoj\u0119tej tajemnicy, niech b\u0119dzie zawsze naszym odwa\u017cnym wyznaniem wiary w Ojca i Syna, i Ducha \u015awi\u0119tego \u2013 Jednego Boga w Tr\u00f3jcy Os\u00f3b. Dzi\u015b &hellip; <\/p>\n<p><a class=\"more-link btn\" href=\"https:\/\/parafiasmardzewo.pl\/?p=9561\">Kontynuuj czytanie<\/a><\/p>\n","protected":false},"author":2,"featured_media":4017,"comment_status":"open","ping_status":"open","sticky":false,"template":"","format":"standard","meta":[],"categories":[2],"tags":[],"_links":{"self":[{"href":"https:\/\/parafiasmardzewo.pl\/index.php?rest_route=\/wp\/v2\/posts\/9561"}],"collection":[{"href":"https:\/\/parafiasmardzewo.pl\/index.php?rest_route=\/wp\/v2\/posts"}],"about":[{"href":"https:\/\/parafiasmardzewo.pl\/index.php?rest_route=\/wp\/v2\/types\/post"}],"author":[{"embeddable":true,"href":"https:\/\/parafiasmardzewo.pl\/index.php?rest_route=\/wp\/v2\/users\/2"}],"replies":[{"embeddable":true,"href":"https:\/\/parafiasmardzewo.pl\/index.php?rest_route=%2Fwp%2Fv2%2Fcomments&post=9561"}],"version-history":[{"count":1,"href":"https:\/\/parafiasmardzewo.pl\/index.php?rest_route=\/wp\/v2\/posts\/9561\/revisions"}],"predecessor-version":[{"id":9562,"href":"https:\/\/parafiasmardzewo.pl\/index.php?rest_route=\/wp\/v2\/posts\/9561\/revisions\/9562"}],"wp:featuredmedia":[{"embeddable":true,"href":"https:\/\/parafiasmardzewo.pl\/index.php?rest_route=\/wp\/v2\/media\/4017"}],"wp:attachment":[{"href":"https:\/\/parafiasmardzewo.pl\/index.php?rest_route=%2Fwp%2Fv2%2Fmedia&parent=9561"}],"wp:term":[{"taxonomy":"category","embeddable":true,"href":"https:\/\/parafiasmardzewo.pl\/index.php?rest_route=%2Fwp%2Fv2%2Fcategories&post=9561"},{"taxonomy":"post_tag","embeddable":true,"href":"https:\/\/parafiasmardzewo.pl\/index.php?rest_route=%2Fwp%2Fv2%2Ftags&post=9561"}],"curies":[{"name":"wp","href":"https:\/\/api.w.org\/{rel}","templated":true}]}}