{"id":9569,"date":"2024-06-01T23:28:19","date_gmt":"2024-06-01T21:28:19","guid":{"rendered":"https:\/\/parafiasmardzewo.pl\/?p=9569"},"modified":"2024-06-01T23:28:19","modified_gmt":"2024-06-01T21:28:19","slug":"dziewiata-niedziela-w-ciagu-roku-2-czerwca-2024","status":"publish","type":"post","link":"https:\/\/parafiasmardzewo.pl\/?p=9569","title":{"rendered":"DZIEWI\u0104TA NIEDZIELA W CI\u0104GU ROKU &#8211; 2 czerwca 2024"},"content":{"rendered":"<p><strong>OG\u0141OSZENIA DUSZPASTERSKIE<\/strong><\/p>\n<ol>\n<li>Dzisiaj, po Mszy \u015awi\u0119tej o godz. 10.45 b\u0119dzie wystawienie Naj\u015bwi\u0119tszego Sakramentu i procesja wok\u00f3\u0142 ko\u015bcio\u0142a. Zapraszam asyst\u0119 procesyjn\u0105.<\/li>\n<li>Dzisiejsza niedziela w naszej Ojczy\u017anie obchodzona jest jako Dzie\u0144 Dzi\u0119kczynienia. Ka\u017cda i ka\u017cdy z nas ma za co Bogu dzi\u0119kowa\u0107, zatem nie b\u00f3jmy si\u0119 tego dzi\u0119kczynienia sk\u0142ada\u0107.<\/li>\n<li>Rozpocz\u0119li\u015bmy czerwiec \u2013 miesi\u0105c po\u015bwi\u0119cony czci Naj\u015bwi\u0119tszego Serca Pana Jezusa. Wieczorem, po Eucharystii o godz. 18.00 wsp\u00f3lnie odmawiamy Litani\u0119 do Serca Bo\u017cego.<\/li>\n<li>Trwamy w tak zwanej \u201eoktawie\u201d uroczysto\u015bci Bo\u017cego Cia\u0142a.\u00a0 W czwartek po Mszy \u015awi\u0119tej o godz. 18.00 odm\u00f3wimy Litani\u0119 do Serca Pana Jezusa i b\u0119dziemy uczestniczy\u0107 w procesji wok\u00f3\u0142 \u015bwi\u0105tyni. Zapraszam asyst\u0119 procesyjn\u0105 na zako\u0144czenie \u201eoktawy\u201d. Po procesji i nabo\u017ce\u0144stwie po\u015bwi\u0119cimy \u201ewianki\u201d z zio\u0142ami i\u00a0nowalijkami z naszych ogrod\u00f3w i dzia\u0142ek.<\/li>\n<li>W pierwszy pi\u0105tek czerwca celebrowa\u0107 b\u0119dziemy uroczysto\u015b\u0107 Naj\u015bwi\u0119tszego Serca Pana Jezusa, kt\u00f3ra jest r\u00f3wnie\u017c \u015awiatowym Dniem Modlitw o U\u015bwi\u0119cenie Kap\u0142an\u00f3w. Nasze wieczorne nabo\u017ce\u0144stwo b\u0119dzie mia\u0142o wymiar szczeg\u00f3lny. Jak ka\u017cdego pierwszego pi\u0105tku b\u0119dziemy chcieli wynagradza\u0107 Bo\u017cemu Sercu za grzechy i zniewagi ludzkie, lecz tak\u017ce b\u0119dziemy prosili, by wszyscy kap\u0142ani w Sercu Jezusowym znajdowali si\u0142\u0119 i moc do codziennej pos\u0142ugi oraz \u017ar\u00f3d\u0142o w\u0142asnego u\u015bwi\u0119cenia. Zapraszam w tym dniu do modlitwy i\u00a0do uczestnictwa w Mszy \u015awi\u0119tej o godz. 18.00. Przypominam r\u00f3wnie\u017c, \u017ce w tym uroczystym dniu nie obowi\u0105zuje nas wstrzemi\u0119\u017aliwo\u015b\u0107 od pokarm\u00f3w mi\u0119snych.<\/li>\n<li>W sobot\u0119, 8 czerwca, przypada wspomnienie Niepokalanego Serca Naj\u015bwi\u0119tszej Maryi Panny.<\/li>\n<li>W miniony czwartek prze\u017cywali\u015bmy Uroczysto\u015b\u0107 Naj\u015bwi\u0119tszego Cia\u0142a i Krwi Chrystusa. Dzi\u0119kuj\u0119 parafianom za przygotowanie o\u0142tarzy na t\u0119 uroczysto\u015b\u0107. O\u0142tarze przygotowali: I \u2013 S\u0142oszewo i S\u0142oszewo Kolonia, II \u2013 K\u0119pa, III \u2013 Koliszewo P\u00f3\u0142noc, IV \u2013 Smardzewo Dzia\u0142ki i Smardzewo Sp\u00f3\u0142dzielnia. Dzi\u0119kuj\u0119 asy\u015bcie procesyjnej, dziewczynkom, kt\u00f3re sypa\u0142y kwiatkami w czasie procesji i paniom, kt\u00f3re opiekuj\u0105 si\u0119 dziewczynkami. Dzi\u0119kuj\u0119 s\u0142u\u017cbie liturgicznej i pracownikom ko\u015bcielnym.<\/li>\n<li>Wczoraj, na Jasnej G\u00f3rze odby\u0142a si\u0119 XII Og\u00f3lnopolska Pielgrzymka K\u00f3\u0142 \u017bywego R\u00f3\u017ca\u0144ca. Z dekanatu P\u0142o\u0144sk P\u00f3\u0142noc wzi\u0119\u0142o udzia\u0142 46 os\u00f3b, w tym 16 os\u00f3b z naszej parafii.<\/li>\n<li>Zach\u0119cam do nabycia prasy katolickiej.<\/li>\n<\/ol>\n<p>&nbsp;<\/p>\n<p>&nbsp;<\/p>\n<p>&nbsp;<\/p>\n","protected":false},"excerpt":{"rendered":"<p>OG\u0141OSZENIA DUSZPASTERSKIE Dzisiaj, po Mszy \u015awi\u0119tej o godz. 10.45 b\u0119dzie wystawienie Naj\u015bwi\u0119tszego Sakramentu i procesja wok\u00f3\u0142 ko\u015bcio\u0142a. Zapraszam asyst\u0119 procesyjn\u0105. Dzisiejsza niedziela w naszej Ojczy\u017anie obchodzona jest jako Dzie\u0144 Dzi\u0119kczynienia. Ka\u017cda i ka\u017cdy z nas ma za co Bogu dzi\u0119kowa\u0107, zatem nie b\u00f3jmy si\u0119 tego dzi\u0119kczynienia sk\u0142ada\u0107. Rozpocz\u0119li\u015bmy czerwiec \u2013 miesi\u0105c po\u015bwi\u0119cony czci Naj\u015bwi\u0119tszego Serca &hellip; <\/p>\n<p><a class=\"more-link btn\" href=\"https:\/\/parafiasmardzewo.pl\/?p=9569\">Kontynuuj czytanie<\/a><\/p>\n","protected":false},"author":2,"featured_media":4017,"comment_status":"open","ping_status":"open","sticky":false,"template":"","format":"standard","meta":[],"categories":[2],"tags":[],"_links":{"self":[{"href":"https:\/\/parafiasmardzewo.pl\/index.php?rest_route=\/wp\/v2\/posts\/9569"}],"collection":[{"href":"https:\/\/parafiasmardzewo.pl\/index.php?rest_route=\/wp\/v2\/posts"}],"about":[{"href":"https:\/\/parafiasmardzewo.pl\/index.php?rest_route=\/wp\/v2\/types\/post"}],"author":[{"embeddable":true,"href":"https:\/\/parafiasmardzewo.pl\/index.php?rest_route=\/wp\/v2\/users\/2"}],"replies":[{"embeddable":true,"href":"https:\/\/parafiasmardzewo.pl\/index.php?rest_route=%2Fwp%2Fv2%2Fcomments&post=9569"}],"version-history":[{"count":1,"href":"https:\/\/parafiasmardzewo.pl\/index.php?rest_route=\/wp\/v2\/posts\/9569\/revisions"}],"predecessor-version":[{"id":9570,"href":"https:\/\/parafiasmardzewo.pl\/index.php?rest_route=\/wp\/v2\/posts\/9569\/revisions\/9570"}],"wp:featuredmedia":[{"embeddable":true,"href":"https:\/\/parafiasmardzewo.pl\/index.php?rest_route=\/wp\/v2\/media\/4017"}],"wp:attachment":[{"href":"https:\/\/parafiasmardzewo.pl\/index.php?rest_route=%2Fwp%2Fv2%2Fmedia&parent=9569"}],"wp:term":[{"taxonomy":"category","embeddable":true,"href":"https:\/\/parafiasmardzewo.pl\/index.php?rest_route=%2Fwp%2Fv2%2Fcategories&post=9569"},{"taxonomy":"post_tag","embeddable":true,"href":"https:\/\/parafiasmardzewo.pl\/index.php?rest_route=%2Fwp%2Fv2%2Ftags&post=9569"}],"curies":[{"name":"wp","href":"https:\/\/api.w.org\/{rel}","templated":true}]}}