{"id":9571,"date":"2024-06-08T22:19:11","date_gmt":"2024-06-08T20:19:11","guid":{"rendered":"https:\/\/parafiasmardzewo.pl\/?p=9571"},"modified":"2024-06-08T22:20:17","modified_gmt":"2024-06-08T20:20:17","slug":"dziesiata-niedziela-w-ciagu-roku-9-czerwca-2024","status":"publish","type":"post","link":"https:\/\/parafiasmardzewo.pl\/?p=9571","title":{"rendered":"DZIESI\u0104TA NIEDZIELA W CI\u0104GU ROKU &#8211;  9 czerwca 2024"},"content":{"rendered":"<p><strong>OG\u0141OSZENIA DUSZPASTERSKIE<\/strong><\/p>\n<ol>\n<li>Jezus swoim nauczaniem i znakami, kt\u00f3re czyni\u0142, daje zrozumie\u0107, \u017ce przyszed\u0142 jako obiecany Mesjasz i Odkupiciel. Dzie\u0142a zbawienia dokona\u0142 przez krzy\u017cow\u0105 ofiar\u0119, kt\u00f3ra jest ponawiana na o\u0142tarzach ca\u0142ego \u015bwiata.<\/li>\n<li>W czerwcu po\u015bwi\u0119conym czci Naj\u015bwi\u0119tszego Serca Pana Jezusa ka\u017cdego wieczoru po Eucharystii o godz. 18.00 wsp\u00f3lnie odmawiamy Litani\u0119 do Bo\u017cego Serca. Zapraszam do udzia\u0142u w tych nabo\u017ce\u0144stwach.<\/li>\n<li>W czwartek, 13 czerwca, obchodzimy wspomnienie \u015awi\u0119tego Antoniego z Padwy. <strong>Nadto w trzynasty dzie\u0144 miesi\u0105ca o godz. 19.00 zapraszam na nabo\u017ce\u0144stwo fatimskie.<\/strong><\/li>\n<li>15 sierpnia, br., b\u0119dziemy prze\u017cywa\u0107 5. rocznic\u0119 koronacji obrazu Matki Bo\u017cej Smardzewskiej. Bardzo prosz\u0119, aby cz\u0142onkinie poszczeg\u00f3lnych K\u00f3\u0142 R\u00f3\u017ca\u0144cowych z naszej parafii w ka\u017cd\u0105 niedziel\u0119 przed sum\u0105 odmawia\u0142y r\u00f3\u017caniec w intencji wszystkich czcicieli Matki Bo\u017cej Smardzewskiej, a zw\u0142aszcza w intencji Ko\u015bcio\u0142a i naszej Ojczyzny. Za tydzie\u0144 prosz\u0119 cz\u0142onkinie Ko\u0142a R\u00f3\u017ca\u0144cowego z Koliszewa. Niech b\u0119dzie to przygotowanie do dobrego prze\u017cycia tych uroczysto\u015bci.<\/li>\n<li>Zach\u0119cam do nabycia prasy katolickiej: <strong><em>Go\u015b\u0107 Niedzielny, Historia Ko\u015bcio\u0142a<\/em><\/strong> \u2013 kolejny numer dwumiesi\u0119cznika w kt\u00f3rym mi\u0119dzy innymi czytamy: Czy \u015bw. Piotr naprawd\u0119 przebywa\u0142 w Rzymie? \u2013 \u015bladami aposto\u0142a z kard. Grzegorzem Rysiem; w kolejnym wywiadzie z o. Tomaszem Ga\u0142uszk\u0105 OP o inkwizycji, <strong><em>Rycerz Niepokalanej, Ma\u0142y<\/em><\/strong> <strong>Rycerzyk <\/strong>(dla dzieci).<\/li>\n<li>Solenizantom i Jubilatom tygodnia przekazujemy wyrazy \u017cyczliwo\u015bci i serdeczno\u015bci.<\/li>\n<\/ol>\n<p><strong>\u00a0<\/strong><\/p>\n<p>&nbsp;<\/p>\n<p>&nbsp;<\/p>\n","protected":false},"excerpt":{"rendered":"<p>OG\u0141OSZENIA DUSZPASTERSKIE Jezus swoim nauczaniem i znakami, kt\u00f3re czyni\u0142, daje zrozumie\u0107, \u017ce przyszed\u0142 jako obiecany Mesjasz i Odkupiciel. Dzie\u0142a zbawienia dokona\u0142 przez krzy\u017cow\u0105 ofiar\u0119, kt\u00f3ra jest ponawiana na o\u0142tarzach ca\u0142ego \u015bwiata. W czerwcu po\u015bwi\u0119conym czci Naj\u015bwi\u0119tszego Serca Pana Jezusa ka\u017cdego wieczoru po Eucharystii o godz. 18.00 wsp\u00f3lnie odmawiamy Litani\u0119 do Bo\u017cego Serca. Zapraszam do udzia\u0142u &hellip; <\/p>\n<p><a class=\"more-link btn\" href=\"https:\/\/parafiasmardzewo.pl\/?p=9571\">Kontynuuj czytanie<\/a><\/p>\n","protected":false},"author":2,"featured_media":3590,"comment_status":"open","ping_status":"open","sticky":false,"template":"","format":"standard","meta":[],"categories":[2],"tags":[],"_links":{"self":[{"href":"https:\/\/parafiasmardzewo.pl\/index.php?rest_route=\/wp\/v2\/posts\/9571"}],"collection":[{"href":"https:\/\/parafiasmardzewo.pl\/index.php?rest_route=\/wp\/v2\/posts"}],"about":[{"href":"https:\/\/parafiasmardzewo.pl\/index.php?rest_route=\/wp\/v2\/types\/post"}],"author":[{"embeddable":true,"href":"https:\/\/parafiasmardzewo.pl\/index.php?rest_route=\/wp\/v2\/users\/2"}],"replies":[{"embeddable":true,"href":"https:\/\/parafiasmardzewo.pl\/index.php?rest_route=%2Fwp%2Fv2%2Fcomments&post=9571"}],"version-history":[{"count":3,"href":"https:\/\/parafiasmardzewo.pl\/index.php?rest_route=\/wp\/v2\/posts\/9571\/revisions"}],"predecessor-version":[{"id":9574,"href":"https:\/\/parafiasmardzewo.pl\/index.php?rest_route=\/wp\/v2\/posts\/9571\/revisions\/9574"}],"wp:featuredmedia":[{"embeddable":true,"href":"https:\/\/parafiasmardzewo.pl\/index.php?rest_route=\/wp\/v2\/media\/3590"}],"wp:attachment":[{"href":"https:\/\/parafiasmardzewo.pl\/index.php?rest_route=%2Fwp%2Fv2%2Fmedia&parent=9571"}],"wp:term":[{"taxonomy":"category","embeddable":true,"href":"https:\/\/parafiasmardzewo.pl\/index.php?rest_route=%2Fwp%2Fv2%2Fcategories&post=9571"},{"taxonomy":"post_tag","embeddable":true,"href":"https:\/\/parafiasmardzewo.pl\/index.php?rest_route=%2Fwp%2Fv2%2Ftags&post=9571"}],"curies":[{"name":"wp","href":"https:\/\/api.w.org\/{rel}","templated":true}]}}