{"id":9581,"date":"2024-06-15T21:40:37","date_gmt":"2024-06-15T19:40:37","guid":{"rendered":"https:\/\/parafiasmardzewo.pl\/?p=9581"},"modified":"2024-06-15T21:40:37","modified_gmt":"2024-06-15T19:40:37","slug":"jedenasta-niedziela-w-ciagu-roku-16-czerwca-2024","status":"publish","type":"post","link":"https:\/\/parafiasmardzewo.pl\/?p=9581","title":{"rendered":"JEDENASTA NIEDZIELA W CI\u0104GU ROKU &#8211; 16 czerwca 2024"},"content":{"rendered":"<p><strong>OG\u0141OSZENIA DUSZPASTERSKIE<\/strong><\/p>\n<ol>\n<li>W prostych s\u0142owach, za pomoc\u0105 przypowie\u015bci Pan Jezus przybli\u017ca rzeczywisto\u015b\u0107 Bo\u017cego kr\u00f3lestwa, do kt\u00f3rego wszyscy jeste\u015bmy zaproszeni. Ko\u0144cz\u0105cy si\u0119 rok szkolny i\u00a0katechetyczny 2023\/2024 niech nas pobudzi do refleksji: na ile z tego zaproszenia skorzystali\u015bmy i zbli\u017cyli\u015bmy si\u0119 do Pana.<\/li>\n<li>W pi\u0105tek, 21 czerwca, zako\u0144czy si\u0119 kolejny rok szkolny i katechetyczny. Na dzi\u0119kczynn\u0105 Msz\u0119 \u015awi\u0119t\u0105 zapraszam w pi\u0105tek o godz. 7.30. Spowied\u017a na zako\u0144czenie roku szkolnego w \u015brod\u0119 i czwartek od godz. 17.30.<\/li>\n<li>Zapraszam na czerwcowe nabo\u017ce\u0144stwa ku czci Naj\u015bwi\u0119tszego Serca Pana Jezusa ka\u017cdego dnia po wieczornej Eucharystii o godz. 18.00.<\/li>\n<li>Na dzie\u0144 20 czerwca ONZ wyznaczy\u0142a Mi\u0119dzynarodowy Dzie\u0144 Uchod\u017acy. W Ko\u015bciele ten dzie\u0144 obchodzimy w ostatni\u0105 niedziel\u0119 wrze\u015bnia, ale chciejmy serdeczn\u0105 modlitw\u0105 otoczy\u0107 tych, kt\u00f3rzy z powodu wojny czy prze\u015bladowa\u0144 musieli opu\u015bci\u0107 sw\u00f3j rodzinny dom i swoich bliskich.<\/li>\n<li>W ostatnich tygodniach dwie rodziny spoza parafii z\u0142o\u017cy\u0142y\u00a0 ofiar\u0119 pieni\u0119\u017cn\u0105, 1000,00 i 500,00 z\u0142otych,\u00a0 na prace, kt\u00f3re wykonujemy w \u015bwi\u0105tyni. Jedna rodzina z naszej parafii z\u0142o\u017cy\u0142a 1000,00 z\u0142. Wszystkim ofiarodawcom\u00a0 serdecznie dzi\u0119kuj\u0119.<\/li>\n<li>Zach\u0119cam do nabycia prasy katolickiej.<\/li>\n<li>W minionym tygodniu odszed\u0142 do wieczno\u015bci \u015bw. p. Zenon \u015awi\u0119cki, kt\u00f3ry prze\u017cy\u0142 75 lat. Od uczestnik\u00f3w pogrzebu b\u0119dzie odprawionych 12 Mszy \u015awi\u0119tych.<\/li>\n<li>Wszystkim prze\u017cywaj\u0105cym w tym tygodniu swoje osobiste \u015bwi\u0119ta, nade wszystko imieniny i urodziny, sk\u0142adamy najlepsze \u017cyczenia.<\/li>\n<\/ol>\n<p><strong>\u00a0<\/strong><\/p>\n<p><strong>\u00a0<\/strong><\/p>\n<p>&nbsp;<\/p>\n","protected":false},"excerpt":{"rendered":"<p>OG\u0141OSZENIA DUSZPASTERSKIE W prostych s\u0142owach, za pomoc\u0105 przypowie\u015bci Pan Jezus przybli\u017ca rzeczywisto\u015b\u0107 Bo\u017cego kr\u00f3lestwa, do kt\u00f3rego wszyscy jeste\u015bmy zaproszeni. Ko\u0144cz\u0105cy si\u0119 rok szkolny i\u00a0katechetyczny 2023\/2024 niech nas pobudzi do refleksji: na ile z tego zaproszenia skorzystali\u015bmy i zbli\u017cyli\u015bmy si\u0119 do Pana. W pi\u0105tek, 21 czerwca, zako\u0144czy si\u0119 kolejny rok szkolny i katechetyczny. Na dzi\u0119kczynn\u0105 Msz\u0119 &hellip; <\/p>\n<p><a class=\"more-link btn\" href=\"https:\/\/parafiasmardzewo.pl\/?p=9581\">Kontynuuj czytanie<\/a><\/p>\n","protected":false},"author":2,"featured_media":2833,"comment_status":"open","ping_status":"open","sticky":false,"template":"","format":"standard","meta":[],"categories":[2],"tags":[],"_links":{"self":[{"href":"https:\/\/parafiasmardzewo.pl\/index.php?rest_route=\/wp\/v2\/posts\/9581"}],"collection":[{"href":"https:\/\/parafiasmardzewo.pl\/index.php?rest_route=\/wp\/v2\/posts"}],"about":[{"href":"https:\/\/parafiasmardzewo.pl\/index.php?rest_route=\/wp\/v2\/types\/post"}],"author":[{"embeddable":true,"href":"https:\/\/parafiasmardzewo.pl\/index.php?rest_route=\/wp\/v2\/users\/2"}],"replies":[{"embeddable":true,"href":"https:\/\/parafiasmardzewo.pl\/index.php?rest_route=%2Fwp%2Fv2%2Fcomments&post=9581"}],"version-history":[{"count":1,"href":"https:\/\/parafiasmardzewo.pl\/index.php?rest_route=\/wp\/v2\/posts\/9581\/revisions"}],"predecessor-version":[{"id":9582,"href":"https:\/\/parafiasmardzewo.pl\/index.php?rest_route=\/wp\/v2\/posts\/9581\/revisions\/9582"}],"wp:featuredmedia":[{"embeddable":true,"href":"https:\/\/parafiasmardzewo.pl\/index.php?rest_route=\/wp\/v2\/media\/2833"}],"wp:attachment":[{"href":"https:\/\/parafiasmardzewo.pl\/index.php?rest_route=%2Fwp%2Fv2%2Fmedia&parent=9581"}],"wp:term":[{"taxonomy":"category","embeddable":true,"href":"https:\/\/parafiasmardzewo.pl\/index.php?rest_route=%2Fwp%2Fv2%2Fcategories&post=9581"},{"taxonomy":"post_tag","embeddable":true,"href":"https:\/\/parafiasmardzewo.pl\/index.php?rest_route=%2Fwp%2Fv2%2Ftags&post=9581"}],"curies":[{"name":"wp","href":"https:\/\/api.w.org\/{rel}","templated":true}]}}