{"id":9585,"date":"2024-06-22T22:45:48","date_gmt":"2024-06-22T20:45:48","guid":{"rendered":"https:\/\/parafiasmardzewo.pl\/?p=9585"},"modified":"2024-06-22T22:48:31","modified_gmt":"2024-06-22T20:48:31","slug":"dwunata-niedziela-w-ciagu-roku-23-czerwca-2024","status":"publish","type":"post","link":"https:\/\/parafiasmardzewo.pl\/?p=9585","title":{"rendered":"DWUNATA NIEDZIELA W CI\u0104GU ROKU &#8211; 23 czerwca 2024"},"content":{"rendered":"<p><strong>OG\u0141OSZENIA DUSZPASTERSKIE<\/strong><\/p>\n<ol>\n<li>\u201eKim dla mnie jest Jezus Chrystus?\u201d \u2013 to pytanie winno nam towarzyszy\u0107 zawsze i\u00a0wsz\u0119dzie. A razem z nim w\u0142a\u015bciwa odpowied\u017a, \u017ce jest On naszym Panem, Mistrzem i\u00a0Mesjaszem. Rozpoczynaj\u0105cy si\u0119 czas wakacji i urlop\u00f3w staje si\u0119 wspania\u0142\u0105 okazj\u0105, aby o\u00a0tym za\u015bwiadczy\u0107. Pro\u015bmy, by nie zabrak\u0142o nam w tym wiary i odwagi\u2026<\/li>\n<li>Dzisiaj prze\u017cywamy pierwsz\u0105 wakacyjn\u0105 niedziel\u0119. Dzieciom, m\u0142odzie\u017cy, rodzicom, nauczycielom i wszystkim wypoczywaj\u0105cym \u017cycz\u0119 Bo\u017cego b\u0142ogos\u0142awie\u0144stwa i dobrego wypoczynku. Przypominam te\u017c o uczestnictwie w niedzielnej Mszy \u015awi\u0119tej i o codziennym pacierzu.<\/li>\n<li>Dzisiaj, przypada te\u017c Dzie\u0144 Ojca.\u00a0 Pami\u0119tajmy o modlitwie w intencji tatusi\u00f3w.<\/li>\n<li>Ka\u017cdego czerwcowego wieczoru po Eucharystii o godz. 18.00 zapraszam na nabo\u017ce\u0144stwa ku czci Serca Pana Jezusa.<\/li>\n<li>Jutro przypada uroczysto\u015b\u0107 Narodzenia \u015awi\u0119tego Jana Chrzciciela. To poza Jezusem i Jego Matk\u0105, Maryj\u0105, jedyny \u015bwi\u0119ty, kt\u00f3rego czcimy ziemskie narodziny. Przez jego wstawiennictwo pragniemy modli\u0107 si\u0119 o \u0142ask\u0119 bycia wiarygodnym \u015bwiadkiem Jezusa Chrystusa. Parafia Sochocin prze\u017cywa jutro uroczysto\u015b\u0107 odpustow\u0105. Suma odpustowa w Sochocinie o godz.12.00.<\/li>\n<li>Natomiast w sobot\u0119, 29 czerwca, \u015bwi\u0119towa\u0107 b\u0119dziemy uroczysto\u015b\u0107 \u015awi\u0119tych Aposto\u0142\u00f3w Piotra i Paw\u0142a. To dwa filary, na kt\u00f3rych opiera si\u0119 ca\u0142a nasza ko\u015bcielna wsp\u00f3lnota. Zapraszam na wsp\u00f3ln\u0105 modlitw\u0119 na Mszach \u015awi\u0119tych o godz. 10.00 i 18.00 w intencji ca\u0142ego Ko\u015bcio\u0142a, jego widzialnej g\u0142owy, a tak\u017ce nas samych, by\u015bmy stawali si\u0119 aposto\u0142ami Chrystusa w miejscu naszej pracy, nauki i odpoczynku. Zbierana w tym dniu taca jest przeznaczona na potrzeby Stolicy \u015awi\u0119tej.<\/li>\n<li>Pierwsza Komunia \u015awi\u0119ta dzieci kl. III, w roku 2025, odb\u0119dzie si\u0119 w naszej parafii <strong>25 maja o godz. 10.45<\/strong>. Odnowienie Przyrzecze\u0144 Chrzcielnych \u2013 kl. IV odb\u0119dzie si\u0119 1 czerwca o <strong> 10.45.<\/strong><\/li>\n<li>Zach\u0119cam do nabycia prasy katolickiej.<\/li>\n<li>W minionym tygodniu odesz\u0142a do wieczno\u015bci + Monika D\u0142ugo\u0142\u0119cka, kt\u00f3ra prze\u017cy\u0142a 46 lat. Od uczestnik\u00f3w pogrzebu b\u0119dzie odprawionych 19 Mszy \u015awi\u0119tych<\/li>\n<li>\u017byczliwo\u015bci\u0105 i modlitw\u0105 pragniemy otoczy\u0107 naszych ojc\u00f3w w dniu ich \u015bwi\u0119ta, a tak\u017ce wszystkich obchodz\u0105cych w rozpoczynaj\u0105cym si\u0119 tygodniu swoje osobiste uroczysto\u015bci. Pami\u0119tamy o naszych zmar\u0142ych, zw\u0142aszcza o zmar\u0142ych ojcach, polecaj\u0105c ich niesko\u0144czonemu mi\u0142osierdziu Boga\u2026<\/li>\n<\/ol>\n<p>&nbsp;<\/p>\n","protected":false},"excerpt":{"rendered":"<p>OG\u0141OSZENIA DUSZPASTERSKIE \u201eKim dla mnie jest Jezus Chrystus?\u201d \u2013 to pytanie winno nam towarzyszy\u0107 zawsze i\u00a0wsz\u0119dzie. A razem z nim w\u0142a\u015bciwa odpowied\u017a, \u017ce jest On naszym Panem, Mistrzem i\u00a0Mesjaszem. Rozpoczynaj\u0105cy si\u0119 czas wakacji i urlop\u00f3w staje si\u0119 wspania\u0142\u0105 okazj\u0105, aby o\u00a0tym za\u015bwiadczy\u0107. Pro\u015bmy, by nie zabrak\u0142o nam w tym wiary i odwagi\u2026 Dzisiaj prze\u017cywamy pierwsz\u0105 &hellip; <\/p>\n<p><a class=\"more-link btn\" href=\"https:\/\/parafiasmardzewo.pl\/?p=9585\">Kontynuuj czytanie<\/a><\/p>\n","protected":false},"author":2,"featured_media":4017,"comment_status":"open","ping_status":"open","sticky":false,"template":"","format":"standard","meta":[],"categories":[2],"tags":[],"_links":{"self":[{"href":"https:\/\/parafiasmardzewo.pl\/index.php?rest_route=\/wp\/v2\/posts\/9585"}],"collection":[{"href":"https:\/\/parafiasmardzewo.pl\/index.php?rest_route=\/wp\/v2\/posts"}],"about":[{"href":"https:\/\/parafiasmardzewo.pl\/index.php?rest_route=\/wp\/v2\/types\/post"}],"author":[{"embeddable":true,"href":"https:\/\/parafiasmardzewo.pl\/index.php?rest_route=\/wp\/v2\/users\/2"}],"replies":[{"embeddable":true,"href":"https:\/\/parafiasmardzewo.pl\/index.php?rest_route=%2Fwp%2Fv2%2Fcomments&post=9585"}],"version-history":[{"count":3,"href":"https:\/\/parafiasmardzewo.pl\/index.php?rest_route=\/wp\/v2\/posts\/9585\/revisions"}],"predecessor-version":[{"id":9588,"href":"https:\/\/parafiasmardzewo.pl\/index.php?rest_route=\/wp\/v2\/posts\/9585\/revisions\/9588"}],"wp:featuredmedia":[{"embeddable":true,"href":"https:\/\/parafiasmardzewo.pl\/index.php?rest_route=\/wp\/v2\/media\/4017"}],"wp:attachment":[{"href":"https:\/\/parafiasmardzewo.pl\/index.php?rest_route=%2Fwp%2Fv2%2Fmedia&parent=9585"}],"wp:term":[{"taxonomy":"category","embeddable":true,"href":"https:\/\/parafiasmardzewo.pl\/index.php?rest_route=%2Fwp%2Fv2%2Fcategories&post=9585"},{"taxonomy":"post_tag","embeddable":true,"href":"https:\/\/parafiasmardzewo.pl\/index.php?rest_route=%2Fwp%2Fv2%2Ftags&post=9585"}],"curies":[{"name":"wp","href":"https:\/\/api.w.org\/{rel}","templated":true}]}}