{"id":9592,"date":"2024-06-29T22:26:23","date_gmt":"2024-06-29T20:26:23","guid":{"rendered":"https:\/\/parafiasmardzewo.pl\/?p=9592"},"modified":"2024-06-29T22:26:40","modified_gmt":"2024-06-29T20:26:40","slug":"trzynasta-niedziela-w-ciagu-roku-30-czerwca-2024","status":"publish","type":"post","link":"https:\/\/parafiasmardzewo.pl\/?p=9592","title":{"rendered":"TRZYNASTA NIEDZIELA W CI\u0104GU ROKU &#8211; 30 czerwca 2024"},"content":{"rendered":"<p><strong>OG\u0141OSZENIA DUSZPASTERSKIE<\/strong><\/p>\n<ol>\n<li>\u201eNie b\u00f3j si\u0119, wierz tylko\u201d \u2013 dzisiaj te s\u0142owa Pan Jezus kieruje do ka\u017cdej i ka\u017cdego z nas. Warto rozpocz\u0119ty czas wakacji wykorzysta\u0107 do pog\u0142\u0119bienia wiary i relacji z Bogiem.<\/li>\n<li>Dzisiaj ostatnie nabo\u017ce\u0144stwo czerwcowe ku czci Naj\u015bwi\u0119tszego Serca Pana Jezusa o godz. 15.40. Przypominamy, \u017ce rozpoczynaj\u0105cy si\u0119 jutro lipiec tradycyjnie po\u015bwi\u0119cony jest czci Najdro\u017cszej Krwi Chrystusa. W lipcowe dni zach\u0119camy do modlitwy Litani\u0105 do Krwi Chrystusa.<\/li>\n<li>W tym tygodniu przypada pierwszy czwartek, pierwszy pi\u0105tek i pierwsza sobota miesi\u0105ca.<\/li>\n<li>W pierwszy czwartek zapraszamy do wsp\u00f3lnej modlitwy za wszystkich powo\u0142anych do s\u0142u\u017cby Bo\u017cej oraz o nowe i \u015bwi\u0119te powo\u0142ania \u2013 w tych intencjach odm\u00f3wimy wsp\u00f3lnie Litani\u0119 do Najdro\u017cszej Krwi Chrystusa.<\/li>\n<li>W pierwszy pi\u0105tek od godz. 17.30 mo\u017cliwo\u015b\u0107 korzystania z sakramentu pokuty. Po Eucharystii o godz. 18.00 odm\u00f3wimy Litani\u0119 do Serca Pana Jezusa przed Naj\u015bwi\u0119tszym Sakramentem.<\/li>\n<li>W pierwsz\u0105 sobot\u0119 miesi\u0105ca Msza \u015awi\u0119ta o Niepokalanym Sercu NMP o godz. 8.00. Za tydzie\u0144 niedziela adoracyjna. Na sum\u0119 zapraszam asyst\u0119 procesyjn\u0105 i dziewczynki do sypania kwiatkami.<\/li>\n<li>Zach\u0119cam do nabycia prasy katolickiej.<\/li>\n<li>Green Office Ecologic Sp. z o.o. wraz ze Stowarzyszeniem Dobrych Inicjatyw \u201ePro Missio\u201d podejmuj\u0105 si\u0119 organizacji Akcji na terenie Diecezji. Jest to akcja ekologiczna polegaj\u0105ca na zbi\u00f3rce zu\u017cytego materia\u0142u elektrycznego i elektronicznego. Przekazany w zbi\u00f3rce sprz\u0119t zostaje poddawany procesowi utylizacji. Sprzeda\u017c odzyskanych surowc\u00f3w pozwala nam na finansowanie projekt\u00f3w misyjnych Ko\u015bcio\u0142a Katolickiego. <strong>W tym roku przychody pozwol\u0105 wesprze\u0107 plac\u00f3wk\u0119 misyjn\u0105 prowadzon\u0105 przez ks. Marka Bruli\u0144skiego w Brazylii. Przewidywana data i godzina odbioru: 20 lipca 2024 roku \u2013 godz. 11.00. Zbi\u00f3rk\u0119 prosimy zako\u0144czy\u0107 do godz. 16.00 poprzedzaj\u0105cego dnia<\/strong>. Na stoliku przy gazetach znajduj\u0105 si\u0119 ulotki z informacj\u0105 o zbi\u00f3rce. Miejsce z\u0142o\u017cenia zu\u017cytego sprz\u0119tu \u2013 <strong>parking przy ko\u015bciele w Smardzewie.<\/strong><\/li>\n<li>Sk\u0142adamy najserdeczniejsze \u017cyczenia \u015bwi\u0119tuj\u0105cym w tym tygodniu swoje urodziny i\u00a0imieniny. Wszystkim, kt\u00f3rzy niebawem wyrusz\u0105 na wakacje, \u017cyczymy bezpiecznej podr\u00f3\u017cy i dobrego wypoczynku. A tych, kt\u00f3rzy w naszej wsp\u00f3lnocie b\u0119d\u0105 sp\u0119dza\u0107 czas wolny, serdecznie pozdrawiamy. Pom\u00f3dlmy si\u0119 tak\u017ce za zmar\u0142ych w ostatnim czasie Parafian\u2026<\/li>\n<\/ol>\n<p><strong>\u00a0<\/strong><\/p>\n<p><strong>\u00a0<\/strong><\/p>\n<p>&nbsp;<\/p>\n","protected":false},"excerpt":{"rendered":"<p>OG\u0141OSZENIA DUSZPASTERSKIE \u201eNie b\u00f3j si\u0119, wierz tylko\u201d \u2013 dzisiaj te s\u0142owa Pan Jezus kieruje do ka\u017cdej i ka\u017cdego z nas. Warto rozpocz\u0119ty czas wakacji wykorzysta\u0107 do pog\u0142\u0119bienia wiary i relacji z Bogiem. Dzisiaj ostatnie nabo\u017ce\u0144stwo czerwcowe ku czci Naj\u015bwi\u0119tszego Serca Pana Jezusa o godz. 15.40. Przypominamy, \u017ce rozpoczynaj\u0105cy si\u0119 jutro lipiec tradycyjnie po\u015bwi\u0119cony jest czci &hellip; <\/p>\n<p><a class=\"more-link btn\" href=\"https:\/\/parafiasmardzewo.pl\/?p=9592\">Kontynuuj czytanie<\/a><\/p>\n","protected":false},"author":2,"featured_media":4017,"comment_status":"open","ping_status":"open","sticky":false,"template":"","format":"standard","meta":[],"categories":[2],"tags":[],"_links":{"self":[{"href":"https:\/\/parafiasmardzewo.pl\/index.php?rest_route=\/wp\/v2\/posts\/9592"}],"collection":[{"href":"https:\/\/parafiasmardzewo.pl\/index.php?rest_route=\/wp\/v2\/posts"}],"about":[{"href":"https:\/\/parafiasmardzewo.pl\/index.php?rest_route=\/wp\/v2\/types\/post"}],"author":[{"embeddable":true,"href":"https:\/\/parafiasmardzewo.pl\/index.php?rest_route=\/wp\/v2\/users\/2"}],"replies":[{"embeddable":true,"href":"https:\/\/parafiasmardzewo.pl\/index.php?rest_route=%2Fwp%2Fv2%2Fcomments&post=9592"}],"version-history":[{"count":2,"href":"https:\/\/parafiasmardzewo.pl\/index.php?rest_route=\/wp\/v2\/posts\/9592\/revisions"}],"predecessor-version":[{"id":9594,"href":"https:\/\/parafiasmardzewo.pl\/index.php?rest_route=\/wp\/v2\/posts\/9592\/revisions\/9594"}],"wp:featuredmedia":[{"embeddable":true,"href":"https:\/\/parafiasmardzewo.pl\/index.php?rest_route=\/wp\/v2\/media\/4017"}],"wp:attachment":[{"href":"https:\/\/parafiasmardzewo.pl\/index.php?rest_route=%2Fwp%2Fv2%2Fmedia&parent=9592"}],"wp:term":[{"taxonomy":"category","embeddable":true,"href":"https:\/\/parafiasmardzewo.pl\/index.php?rest_route=%2Fwp%2Fv2%2Fcategories&post=9592"},{"taxonomy":"post_tag","embeddable":true,"href":"https:\/\/parafiasmardzewo.pl\/index.php?rest_route=%2Fwp%2Fv2%2Ftags&post=9592"}],"curies":[{"name":"wp","href":"https:\/\/api.w.org\/{rel}","templated":true}]}}