{"id":9597,"date":"2024-07-06T21:03:51","date_gmt":"2024-07-06T19:03:51","guid":{"rendered":"https:\/\/parafiasmardzewo.pl\/?p=9597"},"modified":"2024-07-06T23:45:22","modified_gmt":"2024-07-06T21:45:22","slug":"czternasta-niedziela-w-ciagu-roku-7-lipca-2024","status":"publish","type":"post","link":"https:\/\/parafiasmardzewo.pl\/?p=9597","title":{"rendered":"CZTERNASTA NIEDZIELA W CI\u0104GU ROKU &#8211; 7 lipca 2024"},"content":{"rendered":"<p><strong>OG\u0141OSZENIA DUSZPASTERSKIE<\/strong><\/p>\n<ol>\n<li>\u201eDo Ciebie, Bo\u017ce, wznosz\u0119 moje oczy\u201d \u2013 refren psalmu responsoryjnego pi\u0119knie opisuje ka\u017cde nasze spotkanie z Panem. Zr\u00f3bmy wszystko, co w naszej mocy, aby w czasie wolnym od pracy i nauki nie zaniedbywa\u0107 relacji z Bogiem; pami\u0119tajmy o powiedzeniu, \u017ce nie ma wakacji od Pana Boga.<\/li>\n<li>Wakacyjne miesi\u0105ce to tak\u017ce czas wyt\u0119\u017conej pracy na polach. Wypraszajmy u Boga dar sprzyjaj\u0105cej pogody na czas \u017cniw oraz obfite plony.<\/li>\n<li>W sobot\u0119, 13 lipca, zapraszam na nabo\u017ce\u0144stwo ku czci Matki Bo\u017cej Fatimskiej. Msza \u015awi\u0119ta o godz. 19.00. Zach\u0119cam do sk\u0142adania pr\u00f3\u015bb do Matki Bo\u017cej, kt\u00f3re czytamy w czasie modlitwy r\u00f3\u017ca\u0144cowej.<\/li>\n<li>Cz\u0142onkiniom ko\u0142a \u017bywego R\u00f3\u017ca\u0144ca ze Smardzewa k\/ko\u015bcio\u0142a dzi\u0119kuj\u0119 za przewodniczenie modlitwie r\u00f3\u017ca\u0144cowej w intencji rodzin naszej parafii i pielgrzym\u00f3w, kt\u00f3rzy w ci\u0105gu roku przybywaj\u0105 do naszego sanktuarium. Za tydzie\u0144 modlitwie b\u0119d\u0105 przewodniczy\u0107 cz\u0142onkinie ko\u0142a \u017bR ze Smardzewa Kolonii.<\/li>\n<li>6 sierpnia br. roku wyruszy z P\u0142ocka <strong>43. PIESZA PIELGRZYMKA DIECEZJI P\u0141OCKIEJ NA\u00a0 JASN\u0104\u00a0 G\u00d3R\u0118.<\/strong> Zach\u0119cam do udzia\u0142u, szczeg\u00f3lnie m\u0142odych, w tych w\u0119drownych rekolekcjach. Ci, kt\u00f3rzy nie mog\u0105 wzi\u0105\u0107 udzia\u0142u w pielgrzymce mog\u0105 w\u0142\u0105czy\u0107 si\u0119 do pielgrzymowania duchowego. Zapisy w zakrystii.<\/li>\n<li>Green Office Ecologic Sp. z o.o. wraz ze Stowarzyszeniem Dobrych Inicjatyw \u201ePro Missio\u201d podejmuj\u0105 si\u0119 organizacji Akcji na terenie Diecezji. Jest to akcja ekologiczna polegaj\u0105ca na zbi\u00f3rce zu\u017cytego materia\u0142u elektrycznego i elektronicznego. Przekazany w zbi\u00f3rce sprz\u0119t zostaje poddawany procesowi utylizacji. Sprzeda\u017c odzyskanych surowc\u00f3w pozwala nam na finansowanie projekt\u00f3w misyjnych Ko\u015bcio\u0142a Katolickiego. <strong>W tym roku przychody pozwol\u0105 wesprze\u0107 plac\u00f3wk\u0119 misyjn\u0105 prowadzon\u0105 przez ks. Marka Bruli\u0144skiego w Brazylii. Przewidywana data i godzina odbioru: 20 lipca 2024 roku \u2013 godz. 11.00. Zbi\u00f3rk\u0119 prosimy zako\u0144czy\u0107 do godz. 16.00 poprzedzaj\u0105cego dnia<\/strong>. Na stoliku przy gazetach znajduj\u0105 si\u0119 ulotki z informacj\u0105 o zbi\u00f3rce. Miejsce z\u0142o\u017cenia zu\u017cytego sprz\u0119tu \u2013 <strong>parking przy ko\u015bciele w Smardzewie.<\/strong><\/li>\n<li>Zach\u0119cam do nabycia prasy katolickiej.<\/li>\n<li>Wczoraj odby\u0142 si\u0119 pogrzeb \u015bw. p. Kazimierza Sikorskiego, kt\u00f3ry prze\u017cy\u0142 72 lata. Od uczestnik\u00f3w pogrzebu b\u0119dzie odprawionych 9 Mszy \u015awi\u0119tych, w tym jedna od P. Anieli Sta\u0144czak. Rodzinie zmar\u0142ego Kazimierza dzi\u0119kuj\u0119 za udekorowanie o\u0142tarzy kwiatami.<\/li>\n<li>Niech czas wakacyjnego wypoczynku b\u0119dzie dla wszystkich czasem bezpiecznym, pogodnym i radosnym. Nie zapominajmy w tym czasie o codziennej modlitwie i niedzielnej Eucharystii.<\/li>\n<\/ol>\n<p>&nbsp;<\/p>\n<p><strong>W TYM TYGODNIU PATRONUJ\u0104 NAM:<\/strong><\/p>\n<p><strong>Dzisiaj, niedziela, 7 lipca<\/strong> \u00a0\u2013 b\u0142ogos\u0142awiona Rodzina Ulm\u00f3w: Wiktoria i J\u00f3zef oraz si\u00f3demka ich dzieci. Mi\u0142osierni Samarytanie z Markowej, kt\u00f3rzy zgin\u0119li, poniewa\u017c chcieli ocali\u0107 swoich s\u0105siad\u00f3w i przyjaci\u00f3\u0142 \u017cydowskiego pochodzenia.<\/p>\n<p><strong>W poniedzia\u0142ek, 8 lipca<\/strong> \u2013 \u015bw. Jan z Dukli, najpierw pustelnik, a potem franciszka\u0144ski kap\u0142an, kt\u00f3ry zas\u0142yn\u0105\u0142 jako wybitny spowiednik i kaznodzieja.<\/p>\n<p><strong>W czwartek, 11 lipca<\/strong> \u2013 \u015bw. Benedykt z Nursji, opat i patron Europy, autor s\u0142ynnej \u201eRegu\u0142y\u201d, uwa\u017cany za duchowego ojca wszystkich mnich\u00f3w Ko\u015bcio\u0142a zachodniego.<\/p>\n<p><strong>W pi\u0105tek, 12 lipca<\/strong> \u2013 \u015bw. Bruno Bonifacy z Kwerfurtu, biskup i m\u0119czennik, autor \u017cywota \u015bw.\u00a0Wojciecha i Pi\u0119ciu Braci M\u0119czennik\u00f3w, przyjaciel Polski, energicznie wyst\u0119puj\u0105cy w jej obronie wobec cesarza Henryka II.<\/p>\n<p><strong>W sobot\u0119, 13 lipca<\/strong> \u2013 \u015bw. \u015bw. Pustelnicy Andrzej \u015awierad i Benedykt, kt\u00f3rzy jako drog\u0119 swojego u\u015bwi\u0119cenia obrali surowe \u017cycie w odosobnieniu i liczne praktyki ascetyczne.<\/p>\n<p>&nbsp;<\/p>\n","protected":false},"excerpt":{"rendered":"<p>OG\u0141OSZENIA DUSZPASTERSKIE \u201eDo Ciebie, Bo\u017ce, wznosz\u0119 moje oczy\u201d \u2013 refren psalmu responsoryjnego pi\u0119knie opisuje ka\u017cde nasze spotkanie z Panem. Zr\u00f3bmy wszystko, co w naszej mocy, aby w czasie wolnym od pracy i nauki nie zaniedbywa\u0107 relacji z Bogiem; pami\u0119tajmy o powiedzeniu, \u017ce nie ma wakacji od Pana Boga. Wakacyjne miesi\u0105ce to tak\u017ce czas wyt\u0119\u017conej pracy &hellip; <\/p>\n<p><a class=\"more-link btn\" href=\"https:\/\/parafiasmardzewo.pl\/?p=9597\">Kontynuuj czytanie<\/a><\/p>\n","protected":false},"author":2,"featured_media":4017,"comment_status":"open","ping_status":"open","sticky":false,"template":"","format":"standard","meta":[],"categories":[2,1],"tags":[],"_links":{"self":[{"href":"https:\/\/parafiasmardzewo.pl\/index.php?rest_route=\/wp\/v2\/posts\/9597"}],"collection":[{"href":"https:\/\/parafiasmardzewo.pl\/index.php?rest_route=\/wp\/v2\/posts"}],"about":[{"href":"https:\/\/parafiasmardzewo.pl\/index.php?rest_route=\/wp\/v2\/types\/post"}],"author":[{"embeddable":true,"href":"https:\/\/parafiasmardzewo.pl\/index.php?rest_route=\/wp\/v2\/users\/2"}],"replies":[{"embeddable":true,"href":"https:\/\/parafiasmardzewo.pl\/index.php?rest_route=%2Fwp%2Fv2%2Fcomments&post=9597"}],"version-history":[{"count":6,"href":"https:\/\/parafiasmardzewo.pl\/index.php?rest_route=\/wp\/v2\/posts\/9597\/revisions"}],"predecessor-version":[{"id":9605,"href":"https:\/\/parafiasmardzewo.pl\/index.php?rest_route=\/wp\/v2\/posts\/9597\/revisions\/9605"}],"wp:featuredmedia":[{"embeddable":true,"href":"https:\/\/parafiasmardzewo.pl\/index.php?rest_route=\/wp\/v2\/media\/4017"}],"wp:attachment":[{"href":"https:\/\/parafiasmardzewo.pl\/index.php?rest_route=%2Fwp%2Fv2%2Fmedia&parent=9597"}],"wp:term":[{"taxonomy":"category","embeddable":true,"href":"https:\/\/parafiasmardzewo.pl\/index.php?rest_route=%2Fwp%2Fv2%2Fcategories&post=9597"},{"taxonomy":"post_tag","embeddable":true,"href":"https:\/\/parafiasmardzewo.pl\/index.php?rest_route=%2Fwp%2Fv2%2Ftags&post=9597"}],"curies":[{"name":"wp","href":"https:\/\/api.w.org\/{rel}","templated":true}]}}