{"id":9607,"date":"2024-07-13T23:02:45","date_gmt":"2024-07-13T21:02:45","guid":{"rendered":"https:\/\/parafiasmardzewo.pl\/?p=9607"},"modified":"2024-07-13T23:03:12","modified_gmt":"2024-07-13T21:03:12","slug":"pietnasta-niedziela-w-ciagu-roku-14-lipca-2024","status":"publish","type":"post","link":"https:\/\/parafiasmardzewo.pl\/?p=9607","title":{"rendered":"PI\u0118TNASTA NIEDZIELA W CI\u0104GU ROKU &#8211; 14 lipca 2024"},"content":{"rendered":"<p><strong>OG\u0141OSZENIA DUSZPASTERSKIE<\/strong><\/p>\n<ol>\n<li>Jeste\u015bmy nieustannie posy\u0142ani przez Pana, aby g\u0142osi\u0107 kr\u00f3lestwo Bo\u017ce, aby \u015bwiadczy\u0107, \u017ce Pan jest i dzia\u0142a po\u015br\u00f3d nas. T\u0119 misj\u0119 realizujemy przez codzienn\u0105 wierno\u015b\u0107 Ewangelii, mi\u0119dzy innymi przez udzia\u0142 w niedzielnej Eucharystii podczas wakacyjnych woja\u017cy.<\/li>\n<li>We wtorek, 16 lipca, przypada wspomnienie Naj\u015bwi\u0119tszej Maryi Panny z G\u00f3ry Karmel. G\u00f3ra Karmel ze Starego Testamentu kojarzy nam si\u0119 z obron\u0105 wiary w Jedynego Boga przez proroka Eliasza, w \u015bredniowieczu sta\u0142a si\u0119 miejscem powstania zakonu karmelita\u0144skiego. Z\u00a0tym dniem i z karmelita\u0144sk\u0105 rodzin\u0105 zakonn\u0105 wi\u0105\u017ce si\u0119 r\u00f3wnie\u017c tradycja noszenia szkaplerza i zwi\u0105zane z nim obietnice Matki Bo\u017cej. Niech b\u0119dzie on znakiem, \u017ce chcemy na\u015bladowa\u0107 Maryj\u0119 w Jej zawierzeniu Bogu i Jego s\u0142owu. We wtorek, 16 lipca o godz. 18.00 odprawi\u0119 Msz\u0119 \u015awi\u0119t\u0105 w intencji cz\u0142onk\u00f3w Szkaplerza \u015awi\u0119tego i K\u00f3\u0142 \u017bywego R\u00f3\u017ca\u0144ca. Serdecznie zapraszam na wsp\u00f3ln\u0105 modlitw\u0119.<\/li>\n<li>W nast\u0119pn\u0105 niedziel\u0119, 21 lipca, na wszystkich Mszach \u015awi\u0119tych b\u0119dziemy modli\u0107 si\u0119 w intencji kierowc\u00f3w i podr\u00f3\u017cuj\u0105cych. Po ka\u017cdej Eucharystii b\u0119dziemy \u015bwi\u0119ci\u0107 pojazdy mechaniczne. Podobnie jak w latach ubieg\u0142ych b\u0119dziemy zbiera\u0107 drobne ofiary, kt\u00f3re przeznaczymy na misje na zakup \u015brodk\u00f3w lokomocji dla misjonarzy w krajach misyjnych.<\/li>\n<li>Cz\u0142onkiniom ko\u0142a \u017bywego R\u00f3\u017ca\u0144ca ze Smardzewa Kolonii dzi\u0119kuj\u0119 za przewodniczenie modlitwie r\u00f3\u017ca\u0144cowej w intencji rodzin naszej parafii i pielgrzym\u00f3w, kt\u00f3rzy w ci\u0105gu roku przybywaj\u0105 do naszego sanktuarium. Za tydzie\u0144 modlitwie b\u0119d\u0105 przewodniczy\u0107 cz\u0142onkinie ko\u0142a \u017bR ze S\u0142oszewa i S\u0142oszewa Kolonii.<\/li>\n<li>Green Office Ecologic Sp. z o.o. wraz ze Stowarzyszeniem Dobrych Inicjatyw \u201ePro Missio\u201d podejmuj\u0105 si\u0119 organizacji Akcji na terenie Diecezji. Jest to akcja ekologiczna polegaj\u0105ca na zbi\u00f3rce zu\u017cytego materia\u0142u elektrycznego i elektronicznego. Przekazany w zbi\u00f3rce sprz\u0119t zostaje poddawany procesowi utylizacji. Sprzeda\u017c odzyskanych surowc\u00f3w pozwala nam na finansowanie projekt\u00f3w misyjnych Ko\u015bcio\u0142a Katolickiego. <strong>W tym roku przychody pozwol\u0105 wesprze\u0107 plac\u00f3wk\u0119 misyjn\u0105 prowadzon\u0105 przez ks. Marka Bruli\u0144skiego w Brazylii. Przewidywana data i godzina odbioru: 20 lipca 2024 roku \u2013 godz. 11.00. Zbi\u00f3rk\u0119 prosimy zako\u0144czy\u0107 do godz. 16.00 poprzedzaj\u0105cego dnia<\/strong>. Na stoliku przy gazetach znajduj\u0105 si\u0119 ulotki z informacj\u0105 o zbi\u00f3rce. Miejsce z\u0142o\u017cenia zu\u017cytego sprz\u0119tu \u2013 <strong>parking przy ko\u015bciele w Smardzewie.<\/strong><\/li>\n<li>Zach\u0119cam do nabycia prasy katolickiej.<\/li>\n<li>Pozdrawiamy wszystkich korzystaj\u0105cych z wakacji i urlop\u00f3w, \u017cycz\u0105c pi\u0119knego i\u00a0bezpiecznego wypoczynku. Solenizantom i jubilatom tygodnia sk\u0142adamy najserdeczniejsze \u017cyczenia.<\/li>\n<\/ol>\n<p><strong>W TYM TYGODNIU PATRONUJE NAM:<\/strong><\/p>\n<p>W poniedzia\u0142ek, 15 lipca \u2013 \u015bw. Bonawentura, biskup i doktor Ko\u015bcio\u0142a, duchowy syn \u015bw.\u00a0Franciszka z Asy\u017cu i drugi \u201eOjciec Zakonu\u201d z racji stworzenia pierwszych konstytucji dla swojego zakonu \u2013 wyk\u0142adni regu\u0142y Ojca Za\u0142o\u017cyciela.<\/p>\n<p>&nbsp;<\/p>\n<p>&nbsp;<\/p>\n","protected":false},"excerpt":{"rendered":"<p>OG\u0141OSZENIA DUSZPASTERSKIE Jeste\u015bmy nieustannie posy\u0142ani przez Pana, aby g\u0142osi\u0107 kr\u00f3lestwo Bo\u017ce, aby \u015bwiadczy\u0107, \u017ce Pan jest i dzia\u0142a po\u015br\u00f3d nas. T\u0119 misj\u0119 realizujemy przez codzienn\u0105 wierno\u015b\u0107 Ewangelii, mi\u0119dzy innymi przez udzia\u0142 w niedzielnej Eucharystii podczas wakacyjnych woja\u017cy. We wtorek, 16 lipca, przypada wspomnienie Naj\u015bwi\u0119tszej Maryi Panny z G\u00f3ry Karmel. G\u00f3ra Karmel ze Starego Testamentu kojarzy &hellip; <\/p>\n<p><a class=\"more-link btn\" href=\"https:\/\/parafiasmardzewo.pl\/?p=9607\">Kontynuuj czytanie<\/a><\/p>\n","protected":false},"author":2,"featured_media":4017,"comment_status":"open","ping_status":"open","sticky":false,"template":"","format":"standard","meta":[],"categories":[2],"tags":[],"_links":{"self":[{"href":"https:\/\/parafiasmardzewo.pl\/index.php?rest_route=\/wp\/v2\/posts\/9607"}],"collection":[{"href":"https:\/\/parafiasmardzewo.pl\/index.php?rest_route=\/wp\/v2\/posts"}],"about":[{"href":"https:\/\/parafiasmardzewo.pl\/index.php?rest_route=\/wp\/v2\/types\/post"}],"author":[{"embeddable":true,"href":"https:\/\/parafiasmardzewo.pl\/index.php?rest_route=\/wp\/v2\/users\/2"}],"replies":[{"embeddable":true,"href":"https:\/\/parafiasmardzewo.pl\/index.php?rest_route=%2Fwp%2Fv2%2Fcomments&post=9607"}],"version-history":[{"count":2,"href":"https:\/\/parafiasmardzewo.pl\/index.php?rest_route=\/wp\/v2\/posts\/9607\/revisions"}],"predecessor-version":[{"id":9609,"href":"https:\/\/parafiasmardzewo.pl\/index.php?rest_route=\/wp\/v2\/posts\/9607\/revisions\/9609"}],"wp:featuredmedia":[{"embeddable":true,"href":"https:\/\/parafiasmardzewo.pl\/index.php?rest_route=\/wp\/v2\/media\/4017"}],"wp:attachment":[{"href":"https:\/\/parafiasmardzewo.pl\/index.php?rest_route=%2Fwp%2Fv2%2Fmedia&parent=9607"}],"wp:term":[{"taxonomy":"category","embeddable":true,"href":"https:\/\/parafiasmardzewo.pl\/index.php?rest_route=%2Fwp%2Fv2%2Fcategories&post=9607"},{"taxonomy":"post_tag","embeddable":true,"href":"https:\/\/parafiasmardzewo.pl\/index.php?rest_route=%2Fwp%2Fv2%2Ftags&post=9607"}],"curies":[{"name":"wp","href":"https:\/\/api.w.org\/{rel}","templated":true}]}}