{"id":9615,"date":"2024-07-20T21:00:00","date_gmt":"2024-07-20T19:00:00","guid":{"rendered":"https:\/\/parafiasmardzewo.pl\/?p=9615"},"modified":"2024-07-20T21:00:00","modified_gmt":"2024-07-20T19:00:00","slug":"szesnasta-niedziela-w-ciagu-roku-21-lipca-2024","status":"publish","type":"post","link":"https:\/\/parafiasmardzewo.pl\/?p=9615","title":{"rendered":"SZESNASTA NIEDZIELA W CI\u0104GU ROKU &#8211; 21 lipca 2024"},"content":{"rendered":"<p><strong>OG\u0141OSZENIA DUSZPASTERSKIE<\/strong><\/p>\n<ol>\n<li>Us\u0142yszeli\u015bmy, \u017ce B\u00f3g jest prawdziwie Dobrym Pasterzem, kt\u00f3ry lituje si\u0119 nad swoim ludem i obdarza go wieloma dobrodziejstwami. B\u0105d\u017amy wdzi\u0119czni za otrzymywane dary i\u00a0starajmy si\u0119 do Niego zbli\u017ca\u0107 i z Nim jednoczy\u0107. Mo\u017ce warto w ten spos\u00f3b wykorzysta\u0107 trwaj\u0105cy okres wakacji.<\/li>\n<li>Bie\u017c\u0105cy tydzie\u0144 obfituje w obchody liturgiczne: w poniedzia\u0142ek przypada \u015bwi\u0119to \u015awi\u0119tej Marii Magdaleny, we wtorek \u2013 \u015awi\u0119tej Brygidy Szwedzkiej, w czwartek \u2013 \u015awi\u0119tego Jakuba, Aposto\u0142a. Dope\u0142niaj\u0105 je \u015brodowe wspomnienie \u015awi\u0119tej Kingi i sobotnie \u2013 \u015awi\u0119tych Anny i\u00a0Joachima.<\/li>\n<li>Dzisiaj, po Mszach \u015awi\u0119tych pob\u0142ogos\u0142awimy pojazdy i ich u\u017cytkownik\u00f3w z\u00a0racji na przypadaj\u0105ce 25 lipca wspomnienie \u015awi\u0119tego Krzysztofa, patrona kierowc\u00f3w i\u00a0podr\u00f3\u017cuj\u0105cych. Podobnie jak w latach ubieg\u0142ych b\u0119dziemy zbierali drobne ofiary na potrzeby dla misjonarzy.<\/li>\n<li>W przysz\u0142\u0105 niedziel\u0119 po raz czwarty b\u0119dziemy prze\u017cywa\u0107 \u015awiatowy Dzie\u0144 Dziadk\u00f3w i Os\u00f3b Starszych.<\/li>\n<li>6 sierpnia br., wyruszy z P\u0142ocka 43. Piesza Pielgrzymka z P\u0142ocka na Jasn\u0105 G\u00f3r\u0119. Zach\u0119cam do udzia\u0142u w tych w\u0119drownych rekolekcjach. Mo\u017cna r\u00f3wnie\u017c uczestniczy\u0107 w spos\u00f3b duchowy w pielgrzymce. Zapisy w zakrystii po Mszach \u015awi\u0119tych.<\/li>\n<li>Wczoraj odby\u0142 si\u0119 pogrzeb \u015bw. p. Jana Benedykta Wyrwicha, kt\u00f3ry prze\u017cy\u0142 75 lat. Od uczestnik\u00f3w pogrzebu b\u0119dzie odprawionych 14 Mszy \u015awi\u0119tych, w tym 4 zam\u00f3wione przed pogrzebem.<\/li>\n<li>Zach\u0119cam do nabycia prasy katolickiej.<\/li>\n<li>\u017byczymy wszystkim wypoczywaj\u0105cym i udaj\u0105cym si\u0119 na wakacje bezpiecznego i\u00a0radosnego czasu odpoczynku. Solenizantom i jubilatom natomiast \u017cyczymy wielu Bo\u017cych \u0142ask.<\/li>\n<\/ol>\n<p><strong>W TYM TYGODNIU PATRONUJ\u0104 NAM:<\/strong><\/p>\n<p>W poniedzia\u0142ek, 22 lipca \u2013 \u015bw. Maria Magdalena, Aposto\u0142ka Aposto\u0142\u00f3w, kt\u00f3ra zatrwo\u017conym uczniom jako pierwsza przynios\u0142a radosn\u0105 nowin\u0119 o zmartwychwstaniu Jezusa.<\/p>\n<p>We wtorek, 23 lipca \u2013 \u015bw. Brygida Szwedzka, wzorowa \u017cona i matka, zakonnica i mistyczka, kt\u00f3rej mistyczne spotkania z Jezusem stanowi\u0105 do dzisiaj inspiracj\u0119 dla chrze\u015bcijan.<\/p>\n<p>W \u015brod\u0119, 24 lipca \u2013 \u015bw. Kinga, ksi\u0119\u017cna i fundatorka klasztoru klarysek w S\u0105czu, kt\u00f3ra zosta\u0142a zapami\u0119tana jako pani pobo\u017cna, mi\u0142osierna i czu\u0142a na ludzk\u0105 niedol\u0119.<\/p>\n<p>W czwartek, 25 lipca \u2013 \u015bw. Jakub, Aposto\u0142, zwany Starszym lub Wi\u0119kszym, brat \u015bw. Jana Aposto\u0142a i Ewangelisty, kt\u00f3ry jako pierwszy z Aposto\u0142\u00f3w poni\u00f3s\u0142 \u015bmier\u0107 m\u0119cze\u0144sk\u0105.<\/p>\n<p>R\u00f3wnie\u017c w czwartek, 25 lipca \u2013 \u015bw. Krzysztof, kt\u00f3rego imi\u0119 znaczy \u201enios\u0105cy Chrystusa\u201d i\u00a0kt\u00f3ry patronuje kierowcom oraz podr\u00f3\u017cuj\u0105cym.<\/p>\n<p>W pi\u0105tek, 26 lipca \u2013 \u015bw. \u015bw. Anna i Joachim, rodzice Naj\u015bwi\u0119tszej Maryi Panny i dziadkowie Pana Jezusa.<\/p>\n<p>&nbsp;<\/p>\n<p>&nbsp;<\/p>\n","protected":false},"excerpt":{"rendered":"<p>OG\u0141OSZENIA DUSZPASTERSKIE Us\u0142yszeli\u015bmy, \u017ce B\u00f3g jest prawdziwie Dobrym Pasterzem, kt\u00f3ry lituje si\u0119 nad swoim ludem i obdarza go wieloma dobrodziejstwami. B\u0105d\u017amy wdzi\u0119czni za otrzymywane dary i\u00a0starajmy si\u0119 do Niego zbli\u017ca\u0107 i z Nim jednoczy\u0107. Mo\u017ce warto w ten spos\u00f3b wykorzysta\u0107 trwaj\u0105cy okres wakacji. Bie\u017c\u0105cy tydzie\u0144 obfituje w obchody liturgiczne: w poniedzia\u0142ek przypada \u015bwi\u0119to \u015awi\u0119tej Marii &hellip; <\/p>\n<p><a class=\"more-link btn\" href=\"https:\/\/parafiasmardzewo.pl\/?p=9615\">Kontynuuj czytanie<\/a><\/p>\n","protected":false},"author":2,"featured_media":9521,"comment_status":"open","ping_status":"open","sticky":false,"template":"","format":"standard","meta":[],"categories":[2],"tags":[],"_links":{"self":[{"href":"https:\/\/parafiasmardzewo.pl\/index.php?rest_route=\/wp\/v2\/posts\/9615"}],"collection":[{"href":"https:\/\/parafiasmardzewo.pl\/index.php?rest_route=\/wp\/v2\/posts"}],"about":[{"href":"https:\/\/parafiasmardzewo.pl\/index.php?rest_route=\/wp\/v2\/types\/post"}],"author":[{"embeddable":true,"href":"https:\/\/parafiasmardzewo.pl\/index.php?rest_route=\/wp\/v2\/users\/2"}],"replies":[{"embeddable":true,"href":"https:\/\/parafiasmardzewo.pl\/index.php?rest_route=%2Fwp%2Fv2%2Fcomments&post=9615"}],"version-history":[{"count":1,"href":"https:\/\/parafiasmardzewo.pl\/index.php?rest_route=\/wp\/v2\/posts\/9615\/revisions"}],"predecessor-version":[{"id":9616,"href":"https:\/\/parafiasmardzewo.pl\/index.php?rest_route=\/wp\/v2\/posts\/9615\/revisions\/9616"}],"wp:featuredmedia":[{"embeddable":true,"href":"https:\/\/parafiasmardzewo.pl\/index.php?rest_route=\/wp\/v2\/media\/9521"}],"wp:attachment":[{"href":"https:\/\/parafiasmardzewo.pl\/index.php?rest_route=%2Fwp%2Fv2%2Fmedia&parent=9615"}],"wp:term":[{"taxonomy":"category","embeddable":true,"href":"https:\/\/parafiasmardzewo.pl\/index.php?rest_route=%2Fwp%2Fv2%2Fcategories&post=9615"},{"taxonomy":"post_tag","embeddable":true,"href":"https:\/\/parafiasmardzewo.pl\/index.php?rest_route=%2Fwp%2Fv2%2Ftags&post=9615"}],"curies":[{"name":"wp","href":"https:\/\/api.w.org\/{rel}","templated":true}]}}