{"id":9623,"date":"2024-07-27T20:01:39","date_gmt":"2024-07-27T18:01:39","guid":{"rendered":"https:\/\/parafiasmardzewo.pl\/?p=9623"},"modified":"2024-07-27T20:06:13","modified_gmt":"2024-07-27T18:06:13","slug":"siedemnasta-niedziela-w-ciagu-roku-28-lipca-2024","status":"publish","type":"post","link":"https:\/\/parafiasmardzewo.pl\/?p=9623","title":{"rendered":"SIEDEMNASTA NIEDZIELA W CI\u0104GU ROKU &#8211; 28 lipca 2024"},"content":{"rendered":"<p><strong>OG\u0141OSZENIA DUSZPASTERSKIE\u00a0\u00a0\u00a0\u00a0\u00a0\u00a0\u00a0\u00a0\u00a0\u00a0\u00a0\u00a0\u00a0\u00a0\u00a0\u00a0\u00a0\u00a0\u00a0\u00a0\u00a0\u00a0\u00a0\u00a0\u00a0\u00a0\u00a0\u00a0\u00a0\u00a0\u00a0\u00a0\u00a0\u00a0\u00a0\u00a0\u00a0\u00a0 <\/strong><\/p>\n<ol>\n<li>Dzisiaj wspania\u0142a okazja, aby pomodli\u0107 si\u0119 za nasze Babcie i\u00a0Dziadk\u00f3w, a tak\u017ce wyrazi\u0107 im wdzi\u0119czno\u015b\u0107 za dobro\u0107 ich serca, \u017ce zawsze maj\u0105 czas dla swoich wnucz\u0105t.<\/li>\n<li>W tym tygodniu przypadaj\u0105: pierwszy czwartek, pierwszy pi\u0105tek i pierwsza sobota miesi\u0105ca. W czwartek, 1 sierpnia, w liturgiczne wspomnienie \u015awi\u0119tego Alfonsa Marii Liguoriego, nasz\u0105 modlitw\u0119 ofiarujemy w intencji powo\u0142anych do s\u0142u\u017cby Bo\u017cej oraz o nowe i \u015bwi\u0119te powo\u0142ania. W pierwszy pi\u0105tek mo\u017cliwo\u015b\u0107 skorzystania sakramentu pokuty od godz. 17.30 , a po Mszy \u015awi\u0119tej o godz. 18.00 b\u0119dzie adoracja Naj\u015bwi\u0119tszego Sakramentu, kt\u00f3r\u0105 zako\u0144czymy nabo\u017ce\u0144stwem ku czci Naj\u015bwi\u0119tszego Serca Pana Jezusa. W pierwsz\u0105 sobot\u0119 o godz. 8.30 Msza \u015awi\u0119ta \u00a0o Niepokalanym\u00a0 Sercu NMP.<\/li>\n<li>\u015awi\u0119ty Franciszek z Asy\u017cu \u017cywi\u0142 wyj\u0105tkow\u0105 mi\u0142o\u015b\u0107 do Maryi, tote\u017c starann\u0105 opiek\u0105 otoczy\u0142 kaplic\u0119 ku Jej czci, zwan\u0105 Porcjunkul\u0105. Rocznica po\u015bwi\u0119cenia tej kaplicy przypada 2\u00a0sierpnia i wed\u0142ug podania \u015awi\u0119ty Franciszek otrzyma\u0142 w niej s\u0142ynny odpust, kt\u00f3ry papie\u017ce zatwierdzili i rozci\u0105gn\u0119li na ca\u0142y Ko\u015bci\u00f3\u0142 na dzie\u0144 rocznicy jej po\u015bwi\u0119cenia. Warunkiem jego uzyskania jest wzbudzenie takiej intencji, stan \u0142aski u\u015bwi\u0119caj\u0105cej, modlitwa w intencjach wyznaczonych przez papie\u017ca oraz nawiedzenie ko\u015bcio\u0142a parafialnego. Korzystajmy z tej \u0142aski darowania kar doczesnych za grzechy ju\u017c odpuszczone nam w\u00a0sakramencie pojednania.<\/li>\n<li>Dnia 1 sierpnia b\u0119dziemy prze\u017cywali 80. rocznic\u0119 wybuchu powstania warszawskiego. Niech wspomnienie tego zrywu przypomina nam nieustannie o potrzebie modlitwy za nasz\u0105 umi\u0142owan\u0105 ojczyzn\u0119, za tych, kt\u00f3rzy w walce o jej wolno\u015b\u0107 oddali swoje \u017cycie, oraz za tych, kt\u00f3rym powierzono w niej odpowiedzialne stanowiska.<\/li>\n<li>Rozpoczynaj\u0105cy si\u0119 w tym tygodniu sierpie\u0144 jest miesi\u0105cem wielu wa\u017cnych wydarze\u0144 w\u00a0historii naszej ojczyzny. To miesi\u0105c pieszych pielgrzymek do Tronu Jasnog\u00f3rskiej Madonny oraz wyt\u0119\u017conej pracy przy \u017cniwach. Wesprzyjmy modlitw\u0105 r\u00f3wnie\u017c podejmuj\u0105cych trudy pielgrzymowania b\u0105d\u017a pracy w polu, sadzie czy ogrodzie. Wykorzystajmy go tak\u017ce, by \u0107wiczy\u0107 wol\u0119 i ducha przez ca\u0142kowit\u0105 lub czasow\u0105 abstynencj\u0119 od u\u017cywek, zw\u0142aszcza alkoholu.<\/li>\n<li>Zach\u0119cam do udzia\u0142u w 43. Pieszej Pielgrzymce z P\u0142ocka na Jasn\u0105 G\u00f3r\u0119.<\/li>\n<li>W dniu 04 sierpnia (niedziela) oko\u0142o godz. 8.30 w naszej parafii b\u0119dziemy go\u015bci\u0107 pielgrzym\u00f3w z 41. Warmi\u0144skiej Pieszej Pielgrzymki na Jasn\u0105 G\u00f3r\u0119. Podobnie jak w latach ubieg\u0142ych dla p\u0105tnik\u00f3w przygotowujemy \u015bniadanie. W tym roku w\u0142\u0105cz\u0105 si\u0119 przedstawiciele Milewa i \u0106wiklinka. Je\u015bli kto\u015b chcia\u0142by z\u0142o\u017cy\u0107 ofiar\u0119 na przygotowanie posi\u0142ku dla pielgrzym\u00f3w to mo\u017ce to uczyni\u0107. Pielgrzymi do Cz\u0119stochowy zanosz\u0105 corocznie r\u00f3wnie\u017c nasze intencje.<\/li>\n<li>Za tydzie\u0144 (niedziela) porz\u0105dek Mszy \u015awi\u0119tych b\u0119dzie nast\u0119puj\u0105cy: godz. 7.30 \u2013 10.45 \u2013 16.00. Msza \u015awi\u0119ta z godz. 9.00 jest przeniesiona na godz. 7.30 z racji na pielgrzym\u00f3w.<\/li>\n<li>Dnia 15 sierpnia (czwartek), prze\u017cywa\u0107 b\u0119dziemy Uroczysto\u015b\u0107 Wniebowzi\u0119cia NMP, w naszej parafii odpust. W tym roku, w tym dniu, przypada r\u00f3wnie\u017c 5. rocznica Koronacji obrazu\u00a0 Matki Bo\u017cej Smardzewskiej. Przyb\u0119dzie na te uroczysto\u015bci ks. biskup Miros\u0142aw Milewski z P\u0142ocka. Szczeg\u00f3\u0142owy program tej uroczysto\u015bci zostanie przedstawiony w nast\u0119pn\u0105 niedziel\u0119. Za dwa tygodnie, 11 sierpnia, na wszystkich Mszach \u015awi\u0119tych b\u0119d\u0105 \u015bpiewa\u0107 i prowadzi\u0107 modlitewne rozwa\u017cania Pa\u0144stwo Marta i Pawe\u0142 Stawi\u0144scy, muzycy z M\u0142awy, kt\u00f3rzy uczestniczyli w przygotowaniach do koronacji obrazu Matki Bo\u017cej w 2019 roku.<\/li>\n<li>Zach\u0119cam do nabycia prasy katolickiej.<\/li>\n<li>Pozdrawiamy wszystkich urlopowicz\u00f3w i \u017cyczymy pi\u0119knego wypoczynku. Solenizantom i\u00a0Jubilatom przekazujemy najlepsze \u017cyczenia.<\/li>\n<\/ol>\n<p><strong>\u00a0<\/strong><strong>W TYM TYGODNIU PATRONUJ\u0104 NAM:\u00a0 \u00a0 \u00a0 \u00a0 \u00a0 \u00a0 \u00a0 \u00a0 \u00a0 \u00a0 \u00a0 \u00a0 \u00a0 \u00a0 \u00a0 \u00a0 \u00a0 \u00a0 \u00a0 \u00a0 \u00a0 \u00a0 \u00a0 \u00a0 \u00a0 \u00a0 \u00a0 \u00a0 \u00a0 \u00a0 \u00a0 \u00a0 \u00a0 \u00a0 \u00a0 \u00a0 \u00a0 \u00a0 \u00a0 \u00a0 \u00a0 \u00a0 \u00a0 \u00a0 \u00a0 \u00a0 \u00a0 \u00a0 \u00a0 \u00a0 \u00a0 \u00a0 \u00a0 \u00a0 \u00a0 \u00a0 \u00a0 \u00a0 \u00a0 \u00a0 \u00a0 \u00a0 \u00a0 \u00a0 \u00a0 \u00a0 \u00a0 \u00a0 \u00a0 \u00a0 \u00a0 \u00a0 \u00a0 \u00a0 \u00a0 <\/strong><strong>W poniedzia\u0142ek<\/strong>, 29 lipca \u2013 \u015bw. \u015bw. Marta, Maria i \u0141azarz z Betanii, \u015awi\u0119te Rodze\u0144stwo, u\u00a0kt\u00f3rego bardzo cz\u0119sto przebywa\u0142 Mistrz z Nazaretu.<\/p>\n<p><strong>W \u015brod\u0119, 31<\/strong> lipca \u2013 \u015bw. Ignacy z Loyoli, kt\u00f3ry pod wp\u0142ywem lektury religijno-duchowej przeszed\u0142 niesamowit\u0105 drog\u0119 nawr\u00f3cenia.<\/p>\n<p><strong>W czwartek,<\/strong> 1 sierpnia \u2013 \u015bw. Alfons Maria Liguori, biskup i doktor Ko\u015bcio\u0142a, za\u0142o\u017cyciel zgromadzenia redemptoryst\u00f3w, patron spowiednik\u00f3w i teolog\u00f3w.<\/p>\n<p>&nbsp;<\/p>\n<p>&nbsp;<\/p>\n","protected":false},"excerpt":{"rendered":"<p>OG\u0141OSZENIA DUSZPASTERSKIE\u00a0\u00a0\u00a0\u00a0\u00a0\u00a0\u00a0\u00a0\u00a0\u00a0\u00a0\u00a0\u00a0\u00a0\u00a0\u00a0\u00a0\u00a0\u00a0\u00a0\u00a0\u00a0\u00a0\u00a0\u00a0\u00a0\u00a0\u00a0\u00a0\u00a0\u00a0\u00a0\u00a0\u00a0\u00a0\u00a0\u00a0\u00a0 Dzisiaj wspania\u0142a okazja, aby pomodli\u0107 si\u0119 za nasze Babcie i\u00a0Dziadk\u00f3w, a tak\u017ce wyrazi\u0107 im wdzi\u0119czno\u015b\u0107 za dobro\u0107 ich serca, \u017ce zawsze maj\u0105 czas dla swoich wnucz\u0105t. W tym tygodniu przypadaj\u0105: pierwszy czwartek, pierwszy pi\u0105tek i pierwsza sobota miesi\u0105ca. W czwartek, 1 sierpnia, w liturgiczne wspomnienie \u015awi\u0119tego Alfonsa Marii Liguoriego, nasz\u0105 modlitw\u0119 ofiarujemy w &hellip; <\/p>\n<p><a class=\"more-link btn\" href=\"https:\/\/parafiasmardzewo.pl\/?p=9623\">Kontynuuj czytanie<\/a><\/p>\n","protected":false},"author":2,"featured_media":4017,"comment_status":"open","ping_status":"open","sticky":false,"template":"","format":"standard","meta":[],"categories":[2],"tags":[],"_links":{"self":[{"href":"https:\/\/parafiasmardzewo.pl\/index.php?rest_route=\/wp\/v2\/posts\/9623"}],"collection":[{"href":"https:\/\/parafiasmardzewo.pl\/index.php?rest_route=\/wp\/v2\/posts"}],"about":[{"href":"https:\/\/parafiasmardzewo.pl\/index.php?rest_route=\/wp\/v2\/types\/post"}],"author":[{"embeddable":true,"href":"https:\/\/parafiasmardzewo.pl\/index.php?rest_route=\/wp\/v2\/users\/2"}],"replies":[{"embeddable":true,"href":"https:\/\/parafiasmardzewo.pl\/index.php?rest_route=%2Fwp%2Fv2%2Fcomments&post=9623"}],"version-history":[{"count":4,"href":"https:\/\/parafiasmardzewo.pl\/index.php?rest_route=\/wp\/v2\/posts\/9623\/revisions"}],"predecessor-version":[{"id":9627,"href":"https:\/\/parafiasmardzewo.pl\/index.php?rest_route=\/wp\/v2\/posts\/9623\/revisions\/9627"}],"wp:featuredmedia":[{"embeddable":true,"href":"https:\/\/parafiasmardzewo.pl\/index.php?rest_route=\/wp\/v2\/media\/4017"}],"wp:attachment":[{"href":"https:\/\/parafiasmardzewo.pl\/index.php?rest_route=%2Fwp%2Fv2%2Fmedia&parent=9623"}],"wp:term":[{"taxonomy":"category","embeddable":true,"href":"https:\/\/parafiasmardzewo.pl\/index.php?rest_route=%2Fwp%2Fv2%2Fcategories&post=9623"},{"taxonomy":"post_tag","embeddable":true,"href":"https:\/\/parafiasmardzewo.pl\/index.php?rest_route=%2Fwp%2Fv2%2Ftags&post=9623"}],"curies":[{"name":"wp","href":"https:\/\/api.w.org\/{rel}","templated":true}]}}