{"id":9631,"date":"2024-08-03T22:29:50","date_gmt":"2024-08-03T20:29:50","guid":{"rendered":"https:\/\/parafiasmardzewo.pl\/?p=9631"},"modified":"2024-08-03T22:32:00","modified_gmt":"2024-08-03T20:32:00","slug":"osiemnasta-niedziela-w-ciagu-roku-4-sierpnia-2024","status":"publish","type":"post","link":"https:\/\/parafiasmardzewo.pl\/?p=9631","title":{"rendered":"OSIEMNASTA NIEDZIELA W CI\u0104GU ROKU &#8211; 4 sierpnia 2024"},"content":{"rendered":"<p><strong>OG\u0141OSZENIA DUSZPASTERSKIE<\/strong><\/p>\n<ol>\n<li>Dzisiaj, 04 sierpnia, w naszej parafii go\u015bcimy pielgrzym\u00f3w z 41. Warmi\u0144skiej Pieszej Pielgrzymki na Jasn\u0105 G\u00f3r\u0119. Podobnie jak w latach ubieg\u0142ych dla p\u0105tnik\u00f3w przygotowali\u015bmy \u015bniadanie. W tym roku w\u0142\u0105czyli\u00a0 si\u0119 mieszka\u0144cy\u00a0 Milewa i \u0106wiklinka. Pielgrzymi do Cz\u0119stochowy zanosz\u0105 corocznie\u00a0 r\u00f3wnie\u017c nasze intencje. Serdecznie dzi\u0119kuj\u0119 osobom, kt\u00f3re w\u0142\u0105czy\u0142y si\u0119 w przygotowanie posi\u0142ku dla p\u0105tnik\u00f3w.<\/li>\n<li>Dzisiaj te\u017c prze\u017cywamy pierwsz\u0105 niedziel\u0119 sierpnia. Po Mszy \u015awi\u0119tej o godz. 10.45 b\u0119dzie adoracja i procesja eucharystyczna wok\u00f3\u0142 \u015bwi\u0105tyni.<\/li>\n<li>Rozpocz\u0105\u0142 si\u0119 sierpie\u0144 \u2013 to miesi\u0105c wielu wa\u017cnych wydarze\u0144 w historii naszej ojczyzny, miesi\u0105c pieszych pielgrzymek do Tronu Jasnog\u00f3rskiej Madonny oraz miesi\u0105c wyt\u0119\u017conej pracy przy zbiorze tegorocznych plon\u00f3w. Otoczmy modlitw\u0105 nasz kraj, podejmuj\u0105cych trud pielgrzymowania, pracy w polu, sadzie b\u0105d\u017a ogrodzie oraz ca\u0142kowitej lub czasowej abstynencji od alkoholu. A mo\u017ce sami zaanga\u017cujmy si\u0119 w to \u0107wiczenie woli i ducha przez powstrzymanie si\u0119 od spo\u017cywania alkoholu w bie\u017c\u0105cym miesi\u0105cu.<\/li>\n<li>We wtorek, 6 sierpnia, b\u0119dziemy obchodzili \u015bwi\u0119to Przemienienia Pa\u0144skiego. Zapraszam w tym dniu na Msze \u015awi\u0119te o godz. 7.30 i 18.00. Pami\u0119tajmy, \u017ce ka\u017cda Eucharystia jest takim naszym wej\u015bciem na G\u00f3r\u0119 Przemienienia i kontemplacj\u0105 Chrystusowego oblicza.<\/li>\n<li>W pi\u0105tek przypada \u015bwi\u0119to \u015awi\u0119tej Teresy Benedykty od Krzy\u017ca, karmelitanki i patronki Europy, a w sobot\u0119 \u2013 \u015awi\u0119tego Wawrzy\u0144ca, diakona i m\u0119czennika. Zach\u0119cam do udzia\u0142u we Mszach ku czci tych \u015bwi\u0119tych i wsp\u00f3lnej modlitwy.<\/li>\n<li>Dnia 15 sierpnia (czwartek), prze\u017cywa\u0107 b\u0119dziemy uroczysto\u015b\u0107 Wniebowzi\u0119cia NMP, w naszej parafii odpust. W tym roku, w tym dniu, przypada r\u00f3wnie\u017c 5. rocznica Koronacji obrazu\u00a0 Matki Bo\u017cej Smardzewskiej. Przyb\u0119dzie na te uroczysto\u015bci ks. biskup Miros\u0142aw Milewski z P\u0142ocka. Za tydzie\u0144, 11 sierpnia, na wszystkich Mszach \u015awi\u0119tych b\u0119d\u0105 \u015bpiewa\u0107 i prowadzi\u0107 modlitewne rozwa\u017cania Pa\u0144stwo Marta i Pawe\u0142 Stawi\u0144scy, muzycy z M\u0142awy, kt\u00f3rzy uczestniczyli w przygotowaniach do koronacji obrazu Matki Bo\u017cej w 2019 roku. 13 sierpnia (wtorek) b\u0119dziemy prze\u017cywa\u0107 kolejne nabo\u017ce\u0144stwo fatimskie, kt\u00f3re rozpocznie si\u0119 o godz. 19.00. W wigili\u0119 Wniebowzi\u0119cia NMP (\u015broda) zapraszam na Msz\u0119 \u015awi\u0119t\u0105 na godz. 19.30. Po Eucharystii b\u0119dzie modlitewne czuwanie zako\u0144czone Apelem Jasnog\u00f3rskim.<\/li>\n<li>Za tydzie\u0144 prosz\u0119 cz\u0142onkinie Ko\u0142a R\u00f3\u017ca\u0144cowego z Milewa o odm\u00f3wienie r\u00f3\u017ca\u0144ca przed Msz\u0105 \u015awi\u0119t\u0105. Jest to modlitwa w nast\u0119puj\u0105cych intencjach: Ko\u015bcio\u0142a, naszej ojczyzny, pielgrzym\u00f3w, kt\u00f3rzy do nas przybywaj\u0105 i za nasze rodziny oraz o pok\u00f3j na \u015bwiecie.<\/li>\n<li>Dwie rodziny z\u0142o\u017cy\u0142y ofiary na zakup konfesjona\u0142\u00f3w. Serdecznie dzi\u0119kuj\u0119.<\/li>\n<li>Zach\u0119cam do nabycia prasy katolickiej.<\/li>\n<li>Obchodz\u0105cym w tym tygodniu swoje osobiste uroczysto\u015bci, zw\u0142aszcza urodziny i imieniny, przekazujemy zapewnienie o naszej \u017cyczliwo\u015bci. Swoje pozdrowienia kierujemy do wszystkich korzystaj\u0105cych z wakacyjnego odpoczynku.<\/li>\n<\/ol>\n<p><strong>W TYM TYGODNIU PATRONUJ\u0104 NAM:<\/strong><\/p>\n<p>[<strong>Dzisiaj, w niedziel\u0119, 4 sierpnia<\/strong> \u2013 \u015bw. Jan Maria Vianney, patron wszystkich proboszcz\u00f3w, kt\u00f3ry przez swoj\u0105 ascez\u0119 i gorliw\u0105 dzia\u0142alno\u015b\u0107 duszpastersk\u0105 odrodzi\u0142 duchowo i moralnie parafi\u0119 w Ars, do kt\u00f3rej zosta\u0142 pos\u0142any].<\/p>\n<p><strong>W czwartek,<\/strong> <strong>8 sierpnia<\/strong> \u2013 \u015bw. Dominik, za\u0142o\u017cyciel Zakonu Kaznodziejskiego, wybitny kaznodzieja, kt\u00f3ry owocnie zwalcza\u0142 szerz\u0105ce si\u0119 w \u00f3wczesnej Europie herezje.<\/p>\n<p><strong>W pi\u0105tek, 9 sierpnia <\/strong>\u2013 \u015bw. Teresa Benedykta od Krzy\u017ca (Edyta Stein), filozofka, karmelitanka, patronka Europy, kt\u00f3ra poszukuj\u0105c prawdy, odnalaz\u0142a j\u0105 w wierze w Jezusa Chrystusa i w Ko\u015bciele.<\/p>\n<p><strong>W sobot\u0119, 10 sierpnia<\/strong> \u2013 \u015bw. Wawrzyniec, diakon rzymskiego Ko\u015bcio\u0142a, kt\u00f3ry poni\u00f3s\u0142 \u015bmier\u0107 m\u0119cze\u0144sk\u0105 przez spalenie na \u017celaznej kracie.<\/p>\n","protected":false},"excerpt":{"rendered":"<p>OG\u0141OSZENIA DUSZPASTERSKIE Dzisiaj, 04 sierpnia, w naszej parafii go\u015bcimy pielgrzym\u00f3w z 41. Warmi\u0144skiej Pieszej Pielgrzymki na Jasn\u0105 G\u00f3r\u0119. Podobnie jak w latach ubieg\u0142ych dla p\u0105tnik\u00f3w przygotowali\u015bmy \u015bniadanie. W tym roku w\u0142\u0105czyli\u00a0 si\u0119 mieszka\u0144cy\u00a0 Milewa i \u0106wiklinka. Pielgrzymi do Cz\u0119stochowy zanosz\u0105 corocznie\u00a0 r\u00f3wnie\u017c nasze intencje. Serdecznie dzi\u0119kuj\u0119 osobom, kt\u00f3re w\u0142\u0105czy\u0142y si\u0119 w przygotowanie posi\u0142ku dla p\u0105tnik\u00f3w. &hellip; <\/p>\n<p><a class=\"more-link btn\" href=\"https:\/\/parafiasmardzewo.pl\/?p=9631\">Kontynuuj czytanie<\/a><\/p>\n","protected":false},"author":2,"featured_media":4017,"comment_status":"open","ping_status":"open","sticky":false,"template":"","format":"standard","meta":[],"categories":[2],"tags":[],"_links":{"self":[{"href":"https:\/\/parafiasmardzewo.pl\/index.php?rest_route=\/wp\/v2\/posts\/9631"}],"collection":[{"href":"https:\/\/parafiasmardzewo.pl\/index.php?rest_route=\/wp\/v2\/posts"}],"about":[{"href":"https:\/\/parafiasmardzewo.pl\/index.php?rest_route=\/wp\/v2\/types\/post"}],"author":[{"embeddable":true,"href":"https:\/\/parafiasmardzewo.pl\/index.php?rest_route=\/wp\/v2\/users\/2"}],"replies":[{"embeddable":true,"href":"https:\/\/parafiasmardzewo.pl\/index.php?rest_route=%2Fwp%2Fv2%2Fcomments&post=9631"}],"version-history":[{"count":4,"href":"https:\/\/parafiasmardzewo.pl\/index.php?rest_route=\/wp\/v2\/posts\/9631\/revisions"}],"predecessor-version":[{"id":9635,"href":"https:\/\/parafiasmardzewo.pl\/index.php?rest_route=\/wp\/v2\/posts\/9631\/revisions\/9635"}],"wp:featuredmedia":[{"embeddable":true,"href":"https:\/\/parafiasmardzewo.pl\/index.php?rest_route=\/wp\/v2\/media\/4017"}],"wp:attachment":[{"href":"https:\/\/parafiasmardzewo.pl\/index.php?rest_route=%2Fwp%2Fv2%2Fmedia&parent=9631"}],"wp:term":[{"taxonomy":"category","embeddable":true,"href":"https:\/\/parafiasmardzewo.pl\/index.php?rest_route=%2Fwp%2Fv2%2Fcategories&post=9631"},{"taxonomy":"post_tag","embeddable":true,"href":"https:\/\/parafiasmardzewo.pl\/index.php?rest_route=%2Fwp%2Fv2%2Ftags&post=9631"}],"curies":[{"name":"wp","href":"https:\/\/api.w.org\/{rel}","templated":true}]}}