{"id":9638,"date":"2024-08-10T22:13:23","date_gmt":"2024-08-10T20:13:23","guid":{"rendered":"https:\/\/parafiasmardzewo.pl\/?p=9638"},"modified":"2024-08-10T22:13:23","modified_gmt":"2024-08-10T20:13:23","slug":"dziewietnasta-niedziela-w-ciagu-roku-11-sierpnia-2024","status":"publish","type":"post","link":"https:\/\/parafiasmardzewo.pl\/?p=9638","title":{"rendered":"DZIEWI\u0118TNASTA NIEDZIELA W CI\u0104GU ROKU &#8211; 11 sierpnia 2024"},"content":{"rendered":"<p><strong>OG\u0141OSZENIA DUSZPASTERSKI<\/strong><\/p>\n<ol>\n<li>Dzisiaj, 11 sierpnia, s\u0105 z nami Pa\u0144stwo Marta i Pawe\u0142 Stawi\u0144scy, muzycy z M\u0142awy, kt\u00f3rzy \u015bpiewem i modlitewnymi rozwa\u017caniami pomagaj\u0105 nam lepiej przygotowa\u0107 si\u0119 do uroczysto\u015bci Wniebowzi\u0119cia NMP. Przed koronacj\u0105 obrazu Matki Bo\u017cej Smardzewskiej, w 2019 roku, Pa\u0144stwo Marta i Pawe\u0142 przez kilka dni pomagali nam w dobrym przygotowaniu do prze\u017cycia koronacji obrazu Matki Bo\u017cej Smardzewskiej. Bardzo serdecznie dzi\u0119kuj\u0119 za pi\u0119kne \u015bwiadectwo\u00a0 mi\u0142o\u015bci do Ko\u015bcio\u0142a Chrystusowego, jakie dajecie muzyk\u0105 i \u015bpiewem. Pani Marta jest nauczycielk\u0105 religii i j\u0119zyka polskiego. Pan Pawe\u0142 uczy j\u0119zyka angielskiego w szkole \u015bredniej, wyst\u0119powa\u0142 w telewizji w programie\u00a0 \u201eMam Talent\u201d.<\/li>\n<li>We wtorek, z racji 13. dnia miesi\u0105ca \u2013 zapraszam na nabo\u017ce\u0144stwo fatimskie o godz. 19.00. W \u015brod\u0119 o godz. 19.30 b\u0119dzie sprawowana Eucharystia a nast\u0119pnie b\u0119dzie modlitewne czuwanie zako\u0144czone Apelem Jasnog\u00f3rskim. Zapraszam na te nabo\u017ce\u0144stwa, kt\u00f3re pomog\u0105\u00a0 nam przygotowa\u0107 si\u0119 do uroczysto\u015bci Wniebowzi\u0119cia NMP.<\/li>\n<li>W czwartek, 15 sierpnia, b\u0119dziemy obchodzili uroczysto\u015b\u0107 Wniebowzi\u0119cia Naj\u015bwi\u0119tszej Maryi Panny. Przypominam, \u017ce jest to \u015bwi\u0119to nakazane, w kt\u00f3re jeste\u015bmy zobowi\u0105zani do uczestnictwa w Eucharystii. Nasza parafia prze\u017cywa w tym dniu odpust i 5. rocznic\u0119 koronacji obrazu Matki Bo\u017cej Smardzewskiej. Msze \u015awi\u0119te\u00a0 b\u0119d\u0105 sprawowane <strong>o godz. 9.00 -12.00 \u2013 17.00,<\/strong> na zako\u0144czenie kt\u00f3rych pob\u0142ogos\u0142awimy przyniesione zio\u0142a, owoce, warzywa i kwiaty. Sum\u0119 odpustow\u0105 odprawi i s\u0142owo Bo\u017ce wyg\u0142osi ks. Biskup Miros\u0142aw Milewski, biskup pomocniczy naszej diecezji. Po sumie b\u0119dzie adoracja i procesja eucharystyczna. Na sumie wyst\u0105pi Orkiestra D\u0119ta Sochocin.<\/li>\n<li>W uroczysto\u015b\u0107 Wniebowzi\u0119cia NMP, wspominamy t 104. rocznic\u0119 Bitwy Warszawskiej z 1920 roku, zwanej \u201eCudem nad Wis\u0142\u0105\u201d i prze\u017cywamy Dzie\u0144 Wojska Polskiego. W naszych modlitwach pami\u0119tajmy o polskich \u017co\u0142nierzach pe\u0142ni\u0105cych pokojowe misje w r\u00f3\u017cnych zak\u0105tkach \u015bwiata, jak i o ca\u0142ej naszej umi\u0142owanej ojczy\u017anie.<\/li>\n<li>W ubieg\u0142\u0105 niedziel\u0119 go\u015bcili\u015bmy pielgrzym\u00f3w z 41. Warmi\u0144skiej Pieszej Pielgrzymki na Jasn\u0105 G\u00f3r\u0119. Podobnie jak w latach ubieg\u0142ych dla p\u0105tnik\u00f3w przygotowali\u015bmy \u015bniadanie. W tym roku w\u0142\u0105czyli\u00a0 si\u0119 mieszka\u0144cy Milewa i \u0106wiklinka. Serdecznie dzi\u0119kuj\u0119 osobom, kt\u00f3re w\u0142\u0105czy\u0142y si\u0119 w przygotowanie posi\u0142ku dla p\u0105tnik\u00f3w. By\u0142y to nast\u0119puj\u0105ce osoby:\u00a0 Lilla Dalgiewicz, Alicja B\u0142aszkowska, Hanna Pawlak, Czes\u0142aw Pawlak,\u00a0 Anna Garlicka, Jolanta Zieli\u0144ska, Julia Mro\u015bkieicz i Adam Mro\u015bkiewicz. Pieczywo ofiarowa\u0142 Pan J\u00f3zef Popio\u0142kowski. Dzi\u0119kuj\u0119 kilku osobom za ofiary, kt\u00f3re z\u0142o\u017cy\u0142y\u00a0 na \u015bniadanie dla pielgrzym\u00f3w. Ofiar\u0119 w wysoko\u015bci 500,00 z\u0142otych przeznaczy\u0142em\u00a0 na inne potrzeby\u00a0 naszej parafii, poniewa\u017c Pan Adam Sta\u0144czak \u00a0sfinansowa\u0142 zakup produkt\u00f3w \u017cywno\u015bciowych dla p\u0105tnik\u00f3w.\u00a0 Panu adamowi dzi\u0119kuj\u0119 r\u00f3wnie\u017c<\/li>\n<li>Jest ju\u017c w \u015bwi\u0105tyni jeden nowy konfesjona\u0142. Kolejne maj\u0105 by\u0107 wykonane na pocz\u0105tku wrze\u015bnia br.<\/li>\n<li>\u201eNie ma wakacji od Pana Boga\u201d \u2013 niech ta maksyma towarzyszy wyruszaj\u0105cym na zas\u0142u\u017cony wakacyjny wypoczynek i z niego korzystaj\u0105cym, kt\u00f3rych serdecznie pozdrawiamy. Solenizantom i Jubilatom sk\u0142adamy najlepsze \u017cyczenia.<\/li>\n<li>Zach\u0119cam do nabycia prasy katolickiej.<\/li>\n<\/ol>\n<p><strong>W TYM TYGODNIU PATRONUJ\u0104 NAM:<\/strong><\/p>\n<p>[Dzisiaj, w niedziel\u0119, 11 sierpnia \u2013 \u015bw. Klara, kt\u00f3ra, zach\u0119cona przyk\u0142adem \u015bw. Franciszka, po\u015bwi\u0119ci\u0142a si\u0119 ca\u0142kowicie Panu Bogu i z r\u0105k Biedaczyny z Asy\u017cu otrzyma\u0142a zakonny habit, daj\u0105c pocz\u0105tek Zakonowi Ubogich Panien].<\/p>\n<p>W \u015brod\u0119, 14 sierpnia \u2013 \u015bw. Maksymilian Maria Kolbe, franciszkanin konwentualny, kap\u0142an i\u00a0m\u0119czennik, kt\u00f3ry na ochotnika zg\u0142osi\u0142 si\u0119 na \u015bmier\u0107 g\u0142odow\u0105 za wsp\u00f3\u0142wi\u0119\u017ania, ojca rodziny.<\/p>\n<p>W sobot\u0119, 17 sierpnia \u2013 \u015bw. Jacek Odrow\u0105\u017c, duchowy syn \u015bw. Dominika, kt\u00f3ry od niego otrzyma\u0142 zakonny habit.<\/p>\n<p><strong>\u00a0<\/strong><\/p>\n<p>&nbsp;<\/p>\n<p>&nbsp;<\/p>\n","protected":false},"excerpt":{"rendered":"<p>OG\u0141OSZENIA DUSZPASTERSKI Dzisiaj, 11 sierpnia, s\u0105 z nami Pa\u0144stwo Marta i Pawe\u0142 Stawi\u0144scy, muzycy z M\u0142awy, kt\u00f3rzy \u015bpiewem i modlitewnymi rozwa\u017caniami pomagaj\u0105 nam lepiej przygotowa\u0107 si\u0119 do uroczysto\u015bci Wniebowzi\u0119cia NMP. Przed koronacj\u0105 obrazu Matki Bo\u017cej Smardzewskiej, w 2019 roku, Pa\u0144stwo Marta i Pawe\u0142 przez kilka dni pomagali nam w dobrym przygotowaniu do prze\u017cycia koronacji obrazu &hellip; <\/p>\n<p><a class=\"more-link btn\" href=\"https:\/\/parafiasmardzewo.pl\/?p=9638\">Kontynuuj czytanie<\/a><\/p>\n","protected":false},"author":2,"featured_media":4017,"comment_status":"open","ping_status":"open","sticky":false,"template":"","format":"standard","meta":[],"categories":[2],"tags":[],"_links":{"self":[{"href":"https:\/\/parafiasmardzewo.pl\/index.php?rest_route=\/wp\/v2\/posts\/9638"}],"collection":[{"href":"https:\/\/parafiasmardzewo.pl\/index.php?rest_route=\/wp\/v2\/posts"}],"about":[{"href":"https:\/\/parafiasmardzewo.pl\/index.php?rest_route=\/wp\/v2\/types\/post"}],"author":[{"embeddable":true,"href":"https:\/\/parafiasmardzewo.pl\/index.php?rest_route=\/wp\/v2\/users\/2"}],"replies":[{"embeddable":true,"href":"https:\/\/parafiasmardzewo.pl\/index.php?rest_route=%2Fwp%2Fv2%2Fcomments&post=9638"}],"version-history":[{"count":2,"href":"https:\/\/parafiasmardzewo.pl\/index.php?rest_route=\/wp\/v2\/posts\/9638\/revisions"}],"predecessor-version":[{"id":9640,"href":"https:\/\/parafiasmardzewo.pl\/index.php?rest_route=\/wp\/v2\/posts\/9638\/revisions\/9640"}],"wp:featuredmedia":[{"embeddable":true,"href":"https:\/\/parafiasmardzewo.pl\/index.php?rest_route=\/wp\/v2\/media\/4017"}],"wp:attachment":[{"href":"https:\/\/parafiasmardzewo.pl\/index.php?rest_route=%2Fwp%2Fv2%2Fmedia&parent=9638"}],"wp:term":[{"taxonomy":"category","embeddable":true,"href":"https:\/\/parafiasmardzewo.pl\/index.php?rest_route=%2Fwp%2Fv2%2Fcategories&post=9638"},{"taxonomy":"post_tag","embeddable":true,"href":"https:\/\/parafiasmardzewo.pl\/index.php?rest_route=%2Fwp%2Fv2%2Ftags&post=9638"}],"curies":[{"name":"wp","href":"https:\/\/api.w.org\/{rel}","templated":true}]}}