{"id":9646,"date":"2024-08-17T22:33:53","date_gmt":"2024-08-17T20:33:53","guid":{"rendered":"https:\/\/parafiasmardzewo.pl\/?p=9646"},"modified":"2024-08-17T22:33:53","modified_gmt":"2024-08-17T20:33:53","slug":"dwudziesta-niedziela-w-ciagu-roku-18-sierpnia-2024","status":"publish","type":"post","link":"https:\/\/parafiasmardzewo.pl\/?p=9646","title":{"rendered":"DWUDZIESTA NIEDZIELA W CI\u0104GU ROKU &#8211; 18 SIERPNIA 2024"},"content":{"rendered":"<p><strong>OG\u0141OSZENIA DUSZPASTERSKIE<\/strong><\/p>\n<ol>\n<li>Mowa eucharystyczna w synagodze w Kafarnaum, kt\u00f3r\u0105 fragmentami czytamy i\u00a0rozwa\u017camy w kolejne sierpniowe niedziele, jest zaproszeniem, aby nie lekcewa\u017cy\u0107 niedzielnej Mszy \u015awi\u0119tej, a nawet podj\u0105\u0107 zamiar uczestnictwa w niej r\u00f3wnie\u017c w dni powszednie.<\/li>\n<li>W czwartek, 22 sierpnia, przypada wspomnienie Naj\u015bwi\u0119tszej Maryi Panny Kr\u00f3lowej. Zapraszam do wsp\u00f3lnej modlitwy w naszej \u015bwi\u0105tyni. Msze \u015awi\u0119te o godz. 7.30 i 18.00.<\/li>\n<li>Natomiast w pi\u0105tek, w rocznic\u0119 podpisania paktu Ribbentrop-Mo\u0142otow, obchodzimy Dzie\u0144 Pami\u0119ci Ofiar Re\u017cim\u00f3w Totalitarnych. To wspania\u0142a okazja, aby modli\u0107 si\u0119 o pok\u00f3j na \u015bwiecie (szczeg\u00f3lnie w Ukrainie), modli\u0107 si\u0119 za tych, kt\u00f3rzy ucierpieli wskutek nazistowskiej i komunistycznej ideologii, a tak\u017ce o to, by ludzko\u015b\u0107 zosta\u0142a zachowana od podobnych zagro\u017ce\u0144.<\/li>\n<li>Bardzo serdecznie dzi\u0119kuj\u0119 wszystkim, kt\u00f3rzy w\u0142\u0105czyli si\u0119 do przygotowania i przebiegu uroczysto\u015bci Wniebowzi\u0119cia NMP, 15 sierpnia. Dzi\u0119kuj\u0119 asy\u015bcie procesyjnej, dziewczynkom, kt\u00f3re sypi\u0105 kwiatkami i Paniom, kt\u00f3re si\u0119 nimi opiekuj\u0105. Dzi\u0119kuj\u0119 stra\u017cakom i M\u0142odzie\u017cowej Dru\u017cynie Po\u017carniczej OSP Smardzewo, ministrantom, lektorom, kantorce. Dzi\u0119kuj\u0119 pracownikom ko\u015bcielnym \u2013 Panu organi\u015bcie i Panu ko\u015bcielnemu. Przy sprz\u0105taniu ko\u015bcio\u0142a i na cmentarzu pomagali: Pa\u0144stwo Danuta i Henryk Kr\u00f3l, Wies\u0142aw i Bernarda Gierkowscy, Bo\u017cena Chojnacka. S\u0142owa wdzi\u0119czno\u015bci kieruj\u0119 do Pa\u0144, kt\u00f3re pomaga\u0142y sprz\u0105ta\u0107 ko\u015bci\u00f3\u0142 przed odpustem. Dzi\u0119kuj\u0119 r\u00f3wnie\u017c Paniom kucharkom, kt\u00f3re\u00a0 pomaga\u0142y na plebanii. Wszystkim sk\u0142adam serdeczne podzi\u0119kowanie.<\/li>\n<li>Wczoraj odby\u0142o si\u0119 spotkanie zelatorek i zelator\u00f3w w sanktuarium Zwiastowania NMP w Czerwi\u0144sku n. Wis\u0142\u0105. Z wielu parafii naszej diecezji przyby\u0142o oko\u0142o 300 os\u00f3b. Panu J\u00f3zefowi Popio\u0142kowskiemu dzi\u0119kuj\u0119 za s\u0142odkie bu\u0142ki, kt\u00f3re ofiarowa\u0142 dla uczestnik\u00f3w spotkania w Czerwi\u0144sku. Pan Adam Sta\u0144czak ofiarowa\u0142 wod\u0119 do picia w butelkach dla pielgrzym\u00f3w w Smardzewie w czasie odpustu i dla pielgrzym\u00f3w\u00a0 w sanktuarium w Czerwi\u0144sku n. Wis\u0142\u0105, w czasie spotkania zelatorek i zelator\u00f3w. Bardzo serdecznie dzi\u0119kuj\u0119 Panom za te dary. Ks. kan. J\u00f3zef Kacperski w\u0142asnym transportem przewi\u00f3z\u0142 bu\u0142ki i wod\u0119 do Czerwi\u0144ska. B\u00f3g zap\u0142a\u0107.<\/li>\n<li>Zach\u0119cam do nabycia prasy katolickiej.<\/li>\n<li>Pozdrawiamy wszystkich odpoczywaj\u0105cych i \u017cyczymy im przyjemnego i bezpiecznego wypoczynku. \u017byczenia zdrowia i Bo\u017cego b\u0142ogos\u0142awie\u0144stwa przekazujemy Solenizantom i\u00a0Jubilatom tygodnia.<\/li>\n<\/ol>\n<p><strong>W TYM TYGODNIU PATRONUJ\u0104 NAM:<\/strong><\/p>\n<p>We wtorek, 20 sierpnia \u2013 \u015bw. Bernard z Clairvaux, cz\u0142owiek wielkiej wiedzy, modlitwy i\u00a0kontemplacji, kt\u00f3ry potrafi\u0142 \u0142\u0105czy\u0107 przedziwnie \u017cycie niezmiernie czynne z kontemplacj\u0105 i\u00a0mistyk\u0105, a kt\u00f3ry zas\u0142yn\u0105\u0142 r\u00f3wnie\u017c jako autor wielu pism teologicznych i ascetycznych.<\/p>\n<p>W \u015brod\u0119, 21 sierpnia \u2013 \u015bw. Pius X, papie\u017c, kt\u00f3ry w czasie swojego pontyfikatu dokona\u0142 wielu reform zgodnie z tym, co zawar\u0142 w pierwszej encyklice pt. \u201eOdnowi\u0107 wszystko w\u00a0Chrystusie\u201d.<\/p>\n<p>W sobot\u0119, 24 sierpnia \u2013 \u015bw. Bart\u0142omiej, Aposto\u0142, znany te\u017c jako Natanael, pochodzi\u0142 z Kany Galilejskiej i wed\u0142ug tradycji poni\u00f3s\u0142 \u015bmier\u0107 m\u0119cze\u0144sk\u0105 przez odarcie ze sk\u00f3ry.<\/p>\n<p>&nbsp;<\/p>\n<p>&nbsp;<\/p>\n","protected":false},"excerpt":{"rendered":"<p>OG\u0141OSZENIA DUSZPASTERSKIE Mowa eucharystyczna w synagodze w Kafarnaum, kt\u00f3r\u0105 fragmentami czytamy i\u00a0rozwa\u017camy w kolejne sierpniowe niedziele, jest zaproszeniem, aby nie lekcewa\u017cy\u0107 niedzielnej Mszy \u015awi\u0119tej, a nawet podj\u0105\u0107 zamiar uczestnictwa w niej r\u00f3wnie\u017c w dni powszednie. W czwartek, 22 sierpnia, przypada wspomnienie Naj\u015bwi\u0119tszej Maryi Panny Kr\u00f3lowej. Zapraszam do wsp\u00f3lnej modlitwy w naszej \u015bwi\u0105tyni. Msze \u015awi\u0119te o &hellip; <\/p>\n<p><a class=\"more-link btn\" href=\"https:\/\/parafiasmardzewo.pl\/?p=9646\">Kontynuuj czytanie<\/a><\/p>\n","protected":false},"author":2,"featured_media":4017,"comment_status":"open","ping_status":"open","sticky":false,"template":"","format":"standard","meta":[],"categories":[2],"tags":[],"_links":{"self":[{"href":"https:\/\/parafiasmardzewo.pl\/index.php?rest_route=\/wp\/v2\/posts\/9646"}],"collection":[{"href":"https:\/\/parafiasmardzewo.pl\/index.php?rest_route=\/wp\/v2\/posts"}],"about":[{"href":"https:\/\/parafiasmardzewo.pl\/index.php?rest_route=\/wp\/v2\/types\/post"}],"author":[{"embeddable":true,"href":"https:\/\/parafiasmardzewo.pl\/index.php?rest_route=\/wp\/v2\/users\/2"}],"replies":[{"embeddable":true,"href":"https:\/\/parafiasmardzewo.pl\/index.php?rest_route=%2Fwp%2Fv2%2Fcomments&post=9646"}],"version-history":[{"count":1,"href":"https:\/\/parafiasmardzewo.pl\/index.php?rest_route=\/wp\/v2\/posts\/9646\/revisions"}],"predecessor-version":[{"id":9647,"href":"https:\/\/parafiasmardzewo.pl\/index.php?rest_route=\/wp\/v2\/posts\/9646\/revisions\/9647"}],"wp:featuredmedia":[{"embeddable":true,"href":"https:\/\/parafiasmardzewo.pl\/index.php?rest_route=\/wp\/v2\/media\/4017"}],"wp:attachment":[{"href":"https:\/\/parafiasmardzewo.pl\/index.php?rest_route=%2Fwp%2Fv2%2Fmedia&parent=9646"}],"wp:term":[{"taxonomy":"category","embeddable":true,"href":"https:\/\/parafiasmardzewo.pl\/index.php?rest_route=%2Fwp%2Fv2%2Fcategories&post=9646"},{"taxonomy":"post_tag","embeddable":true,"href":"https:\/\/parafiasmardzewo.pl\/index.php?rest_route=%2Fwp%2Fv2%2Ftags&post=9646"}],"curies":[{"name":"wp","href":"https:\/\/api.w.org\/{rel}","templated":true}]}}