{"id":9650,"date":"2024-08-24T21:37:21","date_gmt":"2024-08-24T19:37:21","guid":{"rendered":"https:\/\/parafiasmardzewo.pl\/?p=9650"},"modified":"2024-08-25T14:29:16","modified_gmt":"2024-08-25T12:29:16","slug":"dwudziesta-pierwsza-niedziela-w-ciagu-roku-25-sierpnia-2024","status":"publish","type":"post","link":"https:\/\/parafiasmardzewo.pl\/?p=9650","title":{"rendered":"DWUDZIESTA PIERWSZA NIEDZIELA W CI\u0104GU ROKU &#8211; 25 sierpnia 2024"},"content":{"rendered":"<p><strong>OG\u0141OSZENIA DUSZPASTERSKIE<\/strong><\/p>\n<ol>\n<li>W niedziel\u0119 rozpoczynaj\u0105c\u0105 ostatni tydzie\u0144 wakacji Ewangelia przywo\u0142uje wyznanie Aposto\u0142a Piotra: \u201ePanie, do kogo p\u00f3jdziemy? Ty masz s\u0142owa \u017cycia wiecznego. A my uwierzyli\u015bmy i poznali\u015bmy, \u017ce Ty jeste\u015b \u015awi\u0119tym Bo\u017cym\u201d. S\u0105 one jak przynaglenie do zrobienia rachunku sumienia z prze\u017cytego czasu wypoczynku: czy przypadkiem sobie nie pofolgowali\u015bmy, zwalniaj\u0105c si\u0119 z niedzielnej Mszy \u015awi\u0119tej, z codziennej modlitwy.<\/li>\n<li>Jutro przypada uroczysto\u015b\u0107 Naj\u015bwi\u0119tszej Maryi Panny Cz\u0119stochowskiej. Msze \u015awi\u0119te o\u00a0godz. 7.30 i 18.00, podczas kt\u00f3rych ponowimy Jasnog\u00f3rskie \u015aluby Narodu Polskiego. Parafia Baboszewo prze\u017cywa w tym dniu odpust. Suma odpustowa w Baboszewie o godz. 11.00. Natomiast w kaplicy w Ko\u0142oz\u0119biu , w parafii Sochocin, suma odpustowa 26 sierpnia o godz. 12.00.<\/li>\n<li>W ostatnim dniu sierpnia prze\u017cywa\u0107 b\u0119dziemy Dzie\u0144 Solidarno\u015bci i Wolno\u015bci, kt\u00f3ry zosta\u0142 ustanowiony niemal\u017ce dwadzie\u015bcia lat temu na pami\u0105tk\u0119 historycznego zrywu Polak\u00f3w do wolno\u015bci w sierpniu 1980 roku. O godz. 18.00 zapraszam na Msz\u0119 \u015awi\u0119t\u0105 w intencji naszej umi\u0142owanej ojczyzny.<\/li>\n<li>Za tydzie\u0144 zapraszam na sum\u0119 asyst\u0119 procesyjn\u0105 z racji pierwszej niedzieli wrze\u015bnia.<\/li>\n<li>Dzieci i m\u0142odzie\u017c zach\u0119cam do spowiedzi, dzisiaj lub w najbli\u017cszych dniach, poniewa\u017c wakacje powoli si\u0119 ko\u0144cz\u0105\u00a0 i na pocz\u0105tek roku szkolnego i katechetycznego trzeba przyj\u0105\u0107 Chrystusa w Komunii \u015awi\u0119tej.<\/li>\n<li>Zach\u0119cam do nabycia prasy katolickiej.<\/li>\n<li>Pan Pawe\u0142 Marchel udoskonali\u0142 monitor, kt\u00f3ry s\u0142u\u017cy do wy\u015bwietlania tekst\u00f3w i muzyki w czasie Mszy \u015awi\u0119tej. Bardzo serdecznie dzi\u0119kuj\u0119 za wykonan\u0105 prac\u0119.<\/li>\n<li>Pozdrawiamy serdecznie tych, kt\u00f3rzy jeszcze korzystaj\u0105 z wypoczynku, a tak\u017ce Solenizant\u00f3w i Jubilat\u00f3w tygodnia.<\/li>\n<\/ol>\n<p><strong>\u00a0<\/strong><strong>W TYM TYGODNIU PATRONUJ\u0104 NAM:<\/strong><\/p>\n<p>We wtorek, 27 sierpnia \u2013 \u015bw. Monika, matka \u015bw. Augustyna; jej \u0142zy, a nade wszystko gorliwa i wytrwa\u0142a modlitwa oraz \u015bwi\u0119te \u017cycie doprowadzi\u0142y do nawr\u00f3cenia m\u0119\u017ca i syn\u00f3w.<\/p>\n<p>W \u015brod\u0119, 28 sierpnia \u2013 \u015bw. Augustyn, najwi\u0119kszy teolog chrze\u015bcija\u0144skiej staro\u017cytno\u015bci, jeden z czterech wielkich doktor\u00f3w Ko\u015bcio\u0142a Zachodniego.<\/p>\n<p>W czwartek, 29 sierpnia \u2013 \u015bw. Jan Chrzciciel, kt\u00f3ry wskaza\u0142 Mesjasza, Baranka Bo\u017cego, i\u00a0poprzedzi\u0142 Go r\u00f3wnie\u017c w m\u0119cze\u0144stwie.<\/p>\n<p>&nbsp;<\/p>\n<p>&nbsp;<\/p>\n","protected":false},"excerpt":{"rendered":"<p>OG\u0141OSZENIA DUSZPASTERSKIE W niedziel\u0119 rozpoczynaj\u0105c\u0105 ostatni tydzie\u0144 wakacji Ewangelia przywo\u0142uje wyznanie Aposto\u0142a Piotra: \u201ePanie, do kogo p\u00f3jdziemy? Ty masz s\u0142owa \u017cycia wiecznego. A my uwierzyli\u015bmy i poznali\u015bmy, \u017ce Ty jeste\u015b \u015awi\u0119tym Bo\u017cym\u201d. S\u0105 one jak przynaglenie do zrobienia rachunku sumienia z prze\u017cytego czasu wypoczynku: czy przypadkiem sobie nie pofolgowali\u015bmy, zwalniaj\u0105c si\u0119 z niedzielnej Mszy \u015awi\u0119tej, &hellip; <\/p>\n<p><a class=\"more-link btn\" href=\"https:\/\/parafiasmardzewo.pl\/?p=9650\">Kontynuuj czytanie<\/a><\/p>\n","protected":false},"author":2,"featured_media":4017,"comment_status":"open","ping_status":"open","sticky":false,"template":"","format":"standard","meta":[],"categories":[2],"tags":[],"_links":{"self":[{"href":"https:\/\/parafiasmardzewo.pl\/index.php?rest_route=\/wp\/v2\/posts\/9650"}],"collection":[{"href":"https:\/\/parafiasmardzewo.pl\/index.php?rest_route=\/wp\/v2\/posts"}],"about":[{"href":"https:\/\/parafiasmardzewo.pl\/index.php?rest_route=\/wp\/v2\/types\/post"}],"author":[{"embeddable":true,"href":"https:\/\/parafiasmardzewo.pl\/index.php?rest_route=\/wp\/v2\/users\/2"}],"replies":[{"embeddable":true,"href":"https:\/\/parafiasmardzewo.pl\/index.php?rest_route=%2Fwp%2Fv2%2Fcomments&post=9650"}],"version-history":[{"count":4,"href":"https:\/\/parafiasmardzewo.pl\/index.php?rest_route=\/wp\/v2\/posts\/9650\/revisions"}],"predecessor-version":[{"id":9658,"href":"https:\/\/parafiasmardzewo.pl\/index.php?rest_route=\/wp\/v2\/posts\/9650\/revisions\/9658"}],"wp:featuredmedia":[{"embeddable":true,"href":"https:\/\/parafiasmardzewo.pl\/index.php?rest_route=\/wp\/v2\/media\/4017"}],"wp:attachment":[{"href":"https:\/\/parafiasmardzewo.pl\/index.php?rest_route=%2Fwp%2Fv2%2Fmedia&parent=9650"}],"wp:term":[{"taxonomy":"category","embeddable":true,"href":"https:\/\/parafiasmardzewo.pl\/index.php?rest_route=%2Fwp%2Fv2%2Fcategories&post=9650"},{"taxonomy":"post_tag","embeddable":true,"href":"https:\/\/parafiasmardzewo.pl\/index.php?rest_route=%2Fwp%2Fv2%2Ftags&post=9650"}],"curies":[{"name":"wp","href":"https:\/\/api.w.org\/{rel}","templated":true}]}}