{"id":9660,"date":"2024-08-31T17:19:05","date_gmt":"2024-08-31T15:19:05","guid":{"rendered":"https:\/\/parafiasmardzewo.pl\/?p=9660"},"modified":"2024-08-31T17:19:47","modified_gmt":"2024-08-31T15:19:47","slug":"slowo-konferencji-episkopatu-polski-z-okazji-rozpoczecia-nowego-roku-szkolnego-2024-2025","status":"publish","type":"post","link":"https:\/\/parafiasmardzewo.pl\/?p=9660","title":{"rendered":"S\u0142owo Konferencji Episkopatu Polski z okazji rozpocz\u0119cia nowego roku szkolnego 2024\/2025"},"content":{"rendered":"<p><strong>S\u0142owo Konferencji Episkopatu Polski z okazji rozpocz\u0119cia nowego roku szkolnego 2024\/2025<\/strong><\/p>\n<p>Rozpoczyna si\u0119 nowy rok szkolny. Oddajemy ten czas nauki i wychowania w opiek\u0119 Pana Boga. Niech Chrystus, Nauczyciel nauczycieli, obdarza wszystkich potrzebnymi \u0142askami.<\/p>\n<p>W spos\u00f3b szczeg\u00f3lny zwracamy si\u0119 do Was, Czcigodni Rodzice, prosz\u0105c aby\u015bcie podejmowali trosk\u0119 o wychowanie w wierze Waszych dzieci. Dzi\u0119kujemy Wam za posy\u0142anie ich na lekcje religii. To jest realizacja Waszego zobowi\u0105zania wyra\u017conego podczas zawierania sakramentu ma\u0142\u017ce\u0144stwa i potwierdzonego przy chrzcie Waszych dzieci. Dzi\u0119ki nauce religii Wasze dzieci maj\u0105 mo\u017cliwo\u015b\u0107 poznawania wiedzy o Bogu i kszta\u0142towania postaw z niej wyp\u0142ywaj\u0105cych. Lekcja religii ma te\u017c wielkie znaczenie wychowawcze. Pomaga formowa\u0107 sumienia, charaktery i postawy m\u0142odych ludzi. Kszta\u0142tuje postawy spo\u0142eczne, uczy mi\u0142o\u015bci bli\u017aniego, wra\u017cliwo\u015bci, otwarto\u015bci, empatii i wsp\u00f3\u0142pracy. Lekcja religii to tak\u017ce cenna pomoc dla zrozumienia w\u0142asnej kultury i historii.<\/p>\n<p>Was, Drodzy Uczniowie, zach\u0119camy do udzia\u0142u w zaj\u0119ciach lekcji religii w szkole. Skorzystajcie z tej szansy g\u0142\u0119bszego poznania Boga. Je\u015bli trzeba, podejmijcie wysi\u0142ek, aby pokona\u0107 pojawiaj\u0105ce si\u0119 trudno\u015bci. Wybieraj\u0105c zaj\u0119cia z religii dajecie pi\u0119kne \u015bwiadectwo w\u0142asnej wiary.<\/p>\n<p>Wyra\u017camy wielk\u0105 wdzi\u0119czno\u015b\u0107 wszystkim osobom zaanga\u017cowanym w dzie\u0142o lekcji religii w szkole. Dzi\u0119kujemy dyrekcjom i organom prowadz\u0105cym szko\u0142y za trosk\u0119, aby nauczanie religii odbywa\u0142o si\u0119 w odpowiednich warunkach. Dzi\u0119kujemy Wam, Drodzy Katecheci, kt\u00f3rzy ucz\u0105c o Bogu i wychowuj\u0105c w duchu chrze\u015bcija\u0144skich warto\u015bci codziennie towarzyszycie dzieciom i m\u0142odzie\u017cy w w\u0119dr\u00f3wce przez \u017cycie.<\/p>\n<p>Dzi\u0119kujemy Wam, Nauczyciele i Wychowawcy za Wasz\u0105 ci\u0119\u017ck\u0105 prac\u0119. Dzi\u0119kujemy za nieustann\u0105 gotowo\u015b\u0107 podejmowania pos\u0142ugi nauczania i wychowywania.<\/p>\n<p>Jednocze\u015bnie chcemy potwierdzi\u0107, \u017ce nie zgadzamy si\u0119 z decyzjami Ministerstwa Edukacji Narodowej odno\u015bnie organizacji lekcji religii w szkole. Wy\u0142\u0105czenie oceny z lekcji religii ze \u015bredniej ocen i \u0142\u0105czenie klas uwa\u017camy za krzywdz\u0105ce i niesprawiedliwe. Podobnie odczytujemy zapowiedzi redukcji godzin i umieszczanie zaj\u0119\u0107 lekcji religii na pierwszej i ostatniej godzinie. Przypominamy, \u017ce zmiany w rozporz\u0105dzeniu o organizacji lekcji religii z 1992 roku powinny by\u0107 zawsze podejmowane w porozumieniu z Ko\u015bcio\u0142ami i zwi\u0105zkami wyznaniowymi. Powinny dokonywa\u0107 si\u0119 na drodze dialogu i zgodnie z obowi\u0105zuj\u0105cym prawem. Wyra\u017camy nieustann\u0105 gotowo\u015b\u0107 do takiego dialogu.<\/p>\n<p>Na nadchodz\u0105cy rok 2025 otrzymujemy dar \u015awi\u0119tego Roku Jubileuszowego og\u0142oszonego przez papie\u017ca Franciszka. Otwierajmy si\u0119 na Boga, aby\u015bmy w my\u015bl przes\u0142ania Roku \u015awi\u0119tego stawali si\u0119 Pielgrzymami nadziei w dziele wychowania w wierze.<\/p>\n<p>Na nowy rok szkolny \u017cyczymy wszystkim Bo\u017cego b\u0142ogos\u0142awie\u0144stwa<\/p>\n<p>Podpisali: Kardyna\u0142owie, Arcybiskupi i Biskupi obecni na Sesji Rady Biskup\u00f3w Diecezjalnych Jasna G\u00f3ra, 27 sierpnia 2024 r.<\/p>\n<p>\u201eS\u0142owo\u201d przeznaczone do odczytania w niedziel\u0119, 1 wrze\u015bnia 2024 r.<\/p>\n<p>&nbsp;<\/p>\n<p>&nbsp;<\/p>\n<p>&nbsp;<\/p>\n","protected":false},"excerpt":{"rendered":"<p>S\u0142owo Konferencji Episkopatu Polski z okazji rozpocz\u0119cia nowego roku szkolnego 2024\/2025 Rozpoczyna si\u0119 nowy rok szkolny. Oddajemy ten czas nauki i wychowania w opiek\u0119 Pana Boga. Niech Chrystus, Nauczyciel nauczycieli, obdarza wszystkich potrzebnymi \u0142askami. W spos\u00f3b szczeg\u00f3lny zwracamy si\u0119 do Was, Czcigodni Rodzice, prosz\u0105c aby\u015bcie podejmowali trosk\u0119 o wychowanie w wierze Waszych dzieci. Dzi\u0119kujemy Wam &hellip; <\/p>\n<p><a class=\"more-link btn\" href=\"https:\/\/parafiasmardzewo.pl\/?p=9660\">Kontynuuj czytanie<\/a><\/p>\n","protected":false},"author":2,"featured_media":8408,"comment_status":"open","ping_status":"open","sticky":false,"template":"","format":"standard","meta":[],"categories":[6],"tags":[],"_links":{"self":[{"href":"https:\/\/parafiasmardzewo.pl\/index.php?rest_route=\/wp\/v2\/posts\/9660"}],"collection":[{"href":"https:\/\/parafiasmardzewo.pl\/index.php?rest_route=\/wp\/v2\/posts"}],"about":[{"href":"https:\/\/parafiasmardzewo.pl\/index.php?rest_route=\/wp\/v2\/types\/post"}],"author":[{"embeddable":true,"href":"https:\/\/parafiasmardzewo.pl\/index.php?rest_route=\/wp\/v2\/users\/2"}],"replies":[{"embeddable":true,"href":"https:\/\/parafiasmardzewo.pl\/index.php?rest_route=%2Fwp%2Fv2%2Fcomments&post=9660"}],"version-history":[{"count":3,"href":"https:\/\/parafiasmardzewo.pl\/index.php?rest_route=\/wp\/v2\/posts\/9660\/revisions"}],"predecessor-version":[{"id":9663,"href":"https:\/\/parafiasmardzewo.pl\/index.php?rest_route=\/wp\/v2\/posts\/9660\/revisions\/9663"}],"wp:featuredmedia":[{"embeddable":true,"href":"https:\/\/parafiasmardzewo.pl\/index.php?rest_route=\/wp\/v2\/media\/8408"}],"wp:attachment":[{"href":"https:\/\/parafiasmardzewo.pl\/index.php?rest_route=%2Fwp%2Fv2%2Fmedia&parent=9660"}],"wp:term":[{"taxonomy":"category","embeddable":true,"href":"https:\/\/parafiasmardzewo.pl\/index.php?rest_route=%2Fwp%2Fv2%2Fcategories&post=9660"},{"taxonomy":"post_tag","embeddable":true,"href":"https:\/\/parafiasmardzewo.pl\/index.php?rest_route=%2Fwp%2Fv2%2Ftags&post=9660"}],"curies":[{"name":"wp","href":"https:\/\/api.w.org\/{rel}","templated":true}]}}