{"id":9664,"date":"2024-08-31T19:40:52","date_gmt":"2024-08-31T17:40:52","guid":{"rendered":"https:\/\/parafiasmardzewo.pl\/?p=9664"},"modified":"2024-08-31T19:42:38","modified_gmt":"2024-08-31T17:42:38","slug":"dwudziesta-druga-niedziela-w-ciagu-roku-1-wrzesnia-2024","status":"publish","type":"post","link":"https:\/\/parafiasmardzewo.pl\/?p=9664","title":{"rendered":"DWUDZIESTA DRUGA NIEDZIELA W CI\u0104GU ROKU &#8211; 1 wrze\u015bnia 2024"},"content":{"rendered":"<p><strong>OG\u0141OSZENIA DUSZPASTERSKIE<\/strong><\/p>\n<ol>\n<li>Dzisiaj, z racji pierwszej niedzieli miesi\u0105ca po sumie b\u0119dzie adoracja i procesja eucharystyczna wok\u00f3\u0142 \u015bwi\u0105tyni.<\/li>\n<li>Dzisiaj te\u017c przypada 85. rocznica wybuchu II wojny \u015bwiatowej. R\u00f3wnie\u017c dzisiaj prze\u017cywamy ustanowiony w 2015 roku przez papie\u017ca Franciszka \u015awiatowy Dzie\u0144 Modlitw o Ochron\u0119 Stworzenia.<\/li>\n<li>Jutro dzieci i m\u0142odzie\u017c rozpoczynaj\u0105 nowy rok szkolny: zatroszczmy si\u0119, by rozpocz\u0105\u0107 go w Imi\u0119 Bo\u017ce. <strong>Dlatego zapraszam najm\u0142odszych Parafian, ich rodzic\u00f3w, nauczycieli, katechet\u00f3w i pracownik\u00f3w szko\u0142y na Eucharysti\u0119 o godz. 9.00,<\/strong> podczas kt\u00f3rej b\u0119dziemy modli\u0107 si\u0119 o \u015bwiat\u0142o i dary Ducha \u015awi\u0119tego w nowym roku szkolnym. <strong>W nast\u0119pn\u0105 niedziel\u0119 na Mszy \u015awi\u0119tej o godz. 9.00 b\u0119dzie po\u015bwi\u0119cenie tornistr\u00f3w i przybor\u00f3w szkolnych. <\/strong><\/li>\n<li>Podobnie jak w latach ubieg\u0142ych dzieci b\u0119d\u0105 otrzymywa\u0142y karteczki \u2013 kontrolki na niedzielnych Mszach \u015awi\u0119tych, kt\u00f3re trzeba b\u0119dzie wklei\u0107 do ksi\u0105\u017ceczki, zatytu\u0142owanej: NIEDZIELA z PIELGRZYMAMI NADZIEI, kt\u00f3r\u0105 ka\u017cdy ucze\u0144 ju\u017c dzisiaj otrzyma.<\/li>\n<li>Zatroszczmy si\u0119 o dobre wychowanie m\u0142odego pokolenia. Postarajmy si\u0119 znale\u017a\u0107 czas dla naszych dzieci, \u017cywo interesujmy si\u0119 ich post\u0119pami w szkole, zainteresujmy si\u0119 tak\u017ce ich udzia\u0142em w lekcjach religii.<\/li>\n<li>W tym tygodniu przypada pierwszy czwartek, pierwszy pi\u0105tek i pierwsza sobota miesi\u0105ca. W pierwszy pi\u0105tek po po\u0142udniu zapraszam na Eucharysti\u0119 o godz. 18.00 i na adoracj\u0119 Naj\u015bwi\u0119tszego Sakramentu, kt\u00f3r\u0105 zako\u0144czymy nabo\u017ce\u0144stwem ku czci Serca Pana Jezusa. Wzbud\u017amy pragnienie rozpocz\u0119cia nowego roku szkolnego i katechetycznego pojednanymi z Bogiem i bra\u0107mi. W pierwsz\u0105 sobot\u0119 o godz. 8.30 b\u0119dzie sprawowana Msza \u015awi\u0119ta o Niepokalanym Sercu NMP.<\/li>\n<li>Za tydzie\u0144, 8 wrze\u015bnia, parafia nasza prze\u017cywa\u0107 b\u0119dzie uroczysto\u015b\u0107 odpustow\u0105 \u2013 \u015aWI\u0118TO NARODZENIA NMP. Porz\u0105dek Mszy \u015awi\u0119tych za tydzie\u0144: godz. 9.00 \u2013 12.00 (suma z adoracj\u0105 i procesj\u0105 eucharystyczn\u0105) \u2013 16.00. Na sumie b\u0119dziemy dzi\u0119kowa\u0107 Bogu za tegoroczne plony, po\u015bwi\u0119cimy wieniec do\u017cynkowy oraz kosze z warzywami i owocami. Po\u015bwi\u0119cimy r\u00f3wnie\u017c zbo\u017ce pod tegoroczny zasiew. Zapraszam asyst\u0119 procesyjn\u0105 na sum\u0119 oraz dziewczynki do sypania kwiatkami.<\/li>\n<li>W sobot\u0119, 7 wrze\u015bnia, zapraszam na godz. 20.30 na r\u00f3\u017caniec i Apel Jasnog\u00f3rski.<\/li>\n<li>W minionym tygodniu kupili\u015bmy 210 krzese\u0142, kt\u00f3re b\u0119dziemy u\u017cywa\u0107 w czasie odpust\u00f3w i innych uroczysto\u015bci na placu przy ko\u015bciele. Koszt zakupu wynosi jedena\u015bcie tysi\u0119cy z\u0142otych. Pan Bogdan Szcze\u015bniewski w\u0142asnym pojazdem przywi\u00f3z\u0142 \u00a0krzes\u0142a z Warszawy. Bardzo serdecznie dzi\u0119kuj\u0119.<\/li>\n<li>Przekazujemy wszystkim obchodz\u0105cym imieniny i urodziny najserdeczniejsze \u017cyczenia.<\/li>\n<\/ol>\n<p><strong>W TYM TYGODNIU PATRONUJ\u0104 NAM:<\/strong><\/p>\n<p><strong>We wtorek, 3 wrze\u015bnia \u2013 \u015bw. Grzegorz Wielki, papie\u017c i doktor Ko\u015bcio\u0142a,<\/strong> kt\u00f3ry by\u0142 pe\u0142en boja\u017ani Bo\u017cej i najwy\u017cszej pokory oraz ja\u015bnia\u0142 wielkim \u015bwiat\u0142em Ducha \u015awi\u0119tego.<\/p>\n<p><strong>W \u015brod\u0119, 4 wrze\u015bnia \u2013 B\u0142ogos\u0142awione Nazaretanki, m\u0119czenniczki z Nowogr\u00f3dka,<\/strong> kt\u00f3re ofiarowa\u0142y swoje \u017cycie za ocalenie aresztowanych: miejscowego proboszcza i mieszka\u0144c\u00f3w miasteczka.<\/p>\n<p>&nbsp;<\/p>\n<p>&nbsp;<\/p>\n","protected":false},"excerpt":{"rendered":"<p>OG\u0141OSZENIA DUSZPASTERSKIE Dzisiaj, z racji pierwszej niedzieli miesi\u0105ca po sumie b\u0119dzie adoracja i procesja eucharystyczna wok\u00f3\u0142 \u015bwi\u0105tyni. Dzisiaj te\u017c przypada 85. rocznica wybuchu II wojny \u015bwiatowej. R\u00f3wnie\u017c dzisiaj prze\u017cywamy ustanowiony w 2015 roku przez papie\u017ca Franciszka \u015awiatowy Dzie\u0144 Modlitw o Ochron\u0119 Stworzenia. Jutro dzieci i m\u0142odzie\u017c rozpoczynaj\u0105 nowy rok szkolny: zatroszczmy si\u0119, by rozpocz\u0105\u0107 go &hellip; <\/p>\n<p><a class=\"more-link btn\" href=\"https:\/\/parafiasmardzewo.pl\/?p=9664\">Kontynuuj czytanie<\/a><\/p>\n","protected":false},"author":2,"featured_media":4017,"comment_status":"open","ping_status":"open","sticky":false,"template":"","format":"standard","meta":[],"categories":[2],"tags":[],"_links":{"self":[{"href":"https:\/\/parafiasmardzewo.pl\/index.php?rest_route=\/wp\/v2\/posts\/9664"}],"collection":[{"href":"https:\/\/parafiasmardzewo.pl\/index.php?rest_route=\/wp\/v2\/posts"}],"about":[{"href":"https:\/\/parafiasmardzewo.pl\/index.php?rest_route=\/wp\/v2\/types\/post"}],"author":[{"embeddable":true,"href":"https:\/\/parafiasmardzewo.pl\/index.php?rest_route=\/wp\/v2\/users\/2"}],"replies":[{"embeddable":true,"href":"https:\/\/parafiasmardzewo.pl\/index.php?rest_route=%2Fwp%2Fv2%2Fcomments&post=9664"}],"version-history":[{"count":4,"href":"https:\/\/parafiasmardzewo.pl\/index.php?rest_route=\/wp\/v2\/posts\/9664\/revisions"}],"predecessor-version":[{"id":9667,"href":"https:\/\/parafiasmardzewo.pl\/index.php?rest_route=\/wp\/v2\/posts\/9664\/revisions\/9667"}],"wp:featuredmedia":[{"embeddable":true,"href":"https:\/\/parafiasmardzewo.pl\/index.php?rest_route=\/wp\/v2\/media\/4017"}],"wp:attachment":[{"href":"https:\/\/parafiasmardzewo.pl\/index.php?rest_route=%2Fwp%2Fv2%2Fmedia&parent=9664"}],"wp:term":[{"taxonomy":"category","embeddable":true,"href":"https:\/\/parafiasmardzewo.pl\/index.php?rest_route=%2Fwp%2Fv2%2Fcategories&post=9664"},{"taxonomy":"post_tag","embeddable":true,"href":"https:\/\/parafiasmardzewo.pl\/index.php?rest_route=%2Fwp%2Fv2%2Ftags&post=9664"}],"curies":[{"name":"wp","href":"https:\/\/api.w.org\/{rel}","templated":true}]}}