{"id":9671,"date":"2024-09-07T19:43:34","date_gmt":"2024-09-07T17:43:34","guid":{"rendered":"https:\/\/parafiasmardzewo.pl\/?p=9671"},"modified":"2024-09-07T19:44:07","modified_gmt":"2024-09-07T17:44:07","slug":"dwudziesta-trzecia-niedziela-w-ciagu-roku-8-wrzesnia-2024","status":"publish","type":"post","link":"https:\/\/parafiasmardzewo.pl\/?p=9671","title":{"rendered":"DWUDZIESTA TRZECIA NIEDZIELA W CI\u0104GU ROKU &#8211; 8 wrze\u015bnia 2024"},"content":{"rendered":"<p><strong>OG\u0141OSZENIA DUSZPASTERSKIE<\/strong><\/p>\n<ol>\n<li>Mimo \u017ce dzisiejsza niedziela niejako przykry\u0142a \u015bwi\u0119to Narodzenia Naj\u015bwi\u0119tszej Maryi Panny, zwane w Polsce \u015bwi\u0119tem Matki Bo\u017cej Siewnej, to w naszej parafii prze\u017cywamy odpust i Liturgia Mszy \u015awi\u0119tej jest ze \u015aWI\u0118TA NARODZENIA NMP.\u00a0 Msze \u015awi\u0119te dzisiaj s\u0105 sprawowane o godz. 9.00 \u2013 12.00 (suma odpustowa z adoracj\u0105 i procesj\u0105 eucharystyczn\u0105) \u2013 16.00. Na sumie b\u0119dziemy dzi\u0119kowa\u0107 Bogu za tegoroczne plony i po\u015bwi\u0119cimy wieniec do\u017cynkowy oraz kosze z warzywami i owocami.\u00a0\u00a0 Odb\u0119dzie si\u0119 te\u017c po\u015bwi\u0119cenie ziarna do jesiennych zasiew\u00f3w. Kazania dzisiaj g\u0142osi ks. Jacek Prusi\u0144ski, nauczyciel w szko\u0142ach katolickich w P\u0142ocku.<\/li>\n<li>Dzisiejsz\u0105 niedziel\u0105 rozpoczynamy Kwartalne dni modlitw za dzieci, m\u0142odzie\u017c i\u00a0wychowawc\u00f3w, kt\u00f3re w naszej ojczy\u017anie zbiegaj\u0105 si\u0119 z Tygodniem Wychowania. Zatroszczmy si\u0119 zatem o dobr\u0105 formacj\u0119 m\u0142odego pokolenia. Postarajmy si\u0119 znale\u017a\u0107 czas dla naszych dzieci \u2013 \u017cywo interesujmy si\u0119 ich post\u0119pami w szkole, zainteresujmy si\u0119 tak\u017ce ich udzia\u0142em w lekcjach religii. Na Mszy \u015awi\u0119tej o godz. 9.00 b\u0119dzie po\u015bwi\u0119cenie tornistr\u00f3w i przybor\u00f3w szkolnych.<\/li>\n<li>W \u015brod\u0119, 11 wrze\u015bnia, w rocznic\u0119 terrorystycznych zamach\u00f3w w Nowym Jorku, chcemy pami\u0119ta\u0107 o modlitwie w intencji ofiar terroru i re\u017cym\u00f3w totalitarnych oraz o pok\u00f3j na ca\u0142ym \u015bwiecie szczeg\u00f3lnie w Ukrainie<\/li>\n<li>W pi\u0105tek, 13 wrze\u015bnia, zapraszam do wsp\u00f3lnej modlitwy ku czci Matki Bo\u017cej z Fatimy. Msza \u015awi\u0119ta o godz. 18.00, nast\u0119pnie r\u00f3\u017caniec i procesja.<\/li>\n<li>W sobot\u0119, 14 wrze\u015bnia, b\u0119dziemy obchodzi\u0107 \u015bwi\u0119to Podwy\u017cszenia Krzy\u017ca \u015awi\u0119tego upami\u0119tniaj\u0105ce odnalezienie relikwii krzy\u017ca, na kt\u00f3rym dokona\u0142 zbawienia \u015bwiata nasz Pan, Jezus Chrystus. W czasach kiedy symbole naszej wiary s\u0105 zniewa\u017cane, miejmy odwag\u0119 przyzna\u0107 si\u0119, \u017ce jeste\u015bmy chrze\u015bcijanami, cho\u0107by przez pobo\u017cne czynienie znaku krzy\u017ca. Parafia Dziektarzewo prze\u017cywa w tym dniu odpust. W parafii Sochocin odpust przeniesiony jest na niedziel\u0119, 15 wrze\u015bnia.<\/li>\n<li>Cz\u0142onkinie Ko\u0142a R\u00f3\u017ca\u0144cowego z Koliszewa z\u0142o\u017cy\u0142y ofiar\u0119 na kwiaty \u2013 300, 00 z\u0142otych. Wp\u0142yn\u0119\u0142a te\u017c ofiara od rodziny\u2013 200,00 z\u0142otych na zakup konfesjona\u0142\u00f3w. B\u00f3g zap\u0142a\u0107.<\/li>\n<li>Zach\u0119cam do nabycia prasy katolickiej.<\/li>\n<li>Solenizant\u00f3w i Jubilat\u00f3w zapewniamy o naszej \u017cyczliwo\u015bci i modlitwie. W spos\u00f3b szczeg\u00f3lny ogarn\u0105\u0107 modlitw\u0105 pragniemy ostatnio zmar\u0142ych Parafian i ich bliskich\u2026<\/li>\n<\/ol>\n<p>&nbsp;<\/p>\n","protected":false},"excerpt":{"rendered":"<p>OG\u0141OSZENIA DUSZPASTERSKIE Mimo \u017ce dzisiejsza niedziela niejako przykry\u0142a \u015bwi\u0119to Narodzenia Naj\u015bwi\u0119tszej Maryi Panny, zwane w Polsce \u015bwi\u0119tem Matki Bo\u017cej Siewnej, to w naszej parafii prze\u017cywamy odpust i Liturgia Mszy \u015awi\u0119tej jest ze \u015aWI\u0118TA NARODZENIA NMP.\u00a0 Msze \u015awi\u0119te dzisiaj s\u0105 sprawowane o godz. 9.00 \u2013 12.00 (suma odpustowa z adoracj\u0105 i procesj\u0105 eucharystyczn\u0105) \u2013 16.00. Na &hellip; <\/p>\n<p><a class=\"more-link btn\" href=\"https:\/\/parafiasmardzewo.pl\/?p=9671\">Kontynuuj czytanie<\/a><\/p>\n","protected":false},"author":2,"featured_media":6301,"comment_status":"open","ping_status":"open","sticky":false,"template":"","format":"standard","meta":[],"categories":[2],"tags":[],"_links":{"self":[{"href":"https:\/\/parafiasmardzewo.pl\/index.php?rest_route=\/wp\/v2\/posts\/9671"}],"collection":[{"href":"https:\/\/parafiasmardzewo.pl\/index.php?rest_route=\/wp\/v2\/posts"}],"about":[{"href":"https:\/\/parafiasmardzewo.pl\/index.php?rest_route=\/wp\/v2\/types\/post"}],"author":[{"embeddable":true,"href":"https:\/\/parafiasmardzewo.pl\/index.php?rest_route=\/wp\/v2\/users\/2"}],"replies":[{"embeddable":true,"href":"https:\/\/parafiasmardzewo.pl\/index.php?rest_route=%2Fwp%2Fv2%2Fcomments&post=9671"}],"version-history":[{"count":2,"href":"https:\/\/parafiasmardzewo.pl\/index.php?rest_route=\/wp\/v2\/posts\/9671\/revisions"}],"predecessor-version":[{"id":9673,"href":"https:\/\/parafiasmardzewo.pl\/index.php?rest_route=\/wp\/v2\/posts\/9671\/revisions\/9673"}],"wp:featuredmedia":[{"embeddable":true,"href":"https:\/\/parafiasmardzewo.pl\/index.php?rest_route=\/wp\/v2\/media\/6301"}],"wp:attachment":[{"href":"https:\/\/parafiasmardzewo.pl\/index.php?rest_route=%2Fwp%2Fv2%2Fmedia&parent=9671"}],"wp:term":[{"taxonomy":"category","embeddable":true,"href":"https:\/\/parafiasmardzewo.pl\/index.php?rest_route=%2Fwp%2Fv2%2Fcategories&post=9671"},{"taxonomy":"post_tag","embeddable":true,"href":"https:\/\/parafiasmardzewo.pl\/index.php?rest_route=%2Fwp%2Fv2%2Ftags&post=9671"}],"curies":[{"name":"wp","href":"https:\/\/api.w.org\/{rel}","templated":true}]}}