{"id":9677,"date":"2024-09-14T21:26:28","date_gmt":"2024-09-14T19:26:28","guid":{"rendered":"https:\/\/parafiasmardzewo.pl\/?p=9677"},"modified":"2024-09-14T21:53:21","modified_gmt":"2024-09-14T19:53:21","slug":"dwudziesta-czwarta-niedziela-w-ciagu-roku-15-wrzesnia-2024","status":"publish","type":"post","link":"https:\/\/parafiasmardzewo.pl\/?p=9677","title":{"rendered":"DWUDZIESTA CZWARTA NIEDZIELA W CI\u0104GU ROKU &#8211; 15 wrze\u015bnia 2024"},"content":{"rendered":"<p><strong>OG\u0141OSZENIA DUSZPASTERSKIE<\/strong><\/p>\n<ol>\n<li>Dzisiaj, w trzeci\u0105 niedziel\u0119 wrze\u015bnia, w Polsce prze\u017cywamy Dzie\u0144 \u015arodk\u00f3w Spo\u0142ecznego Przekazu. Towarzyszy nam zatem modlitwa w intencji wszystkich dziennikarzy, reporter\u00f3w i\u00a0wszystkich pracuj\u0105cych w mediach, by stawali si\u0119 przekazicielami prawdy i trwa\u0142ych, nieprzemijaj\u0105cych warto\u015bci.<\/li>\n<li>We wtorek wspominamy 85. rocznic\u0119 sowieckiej agresji na Polsk\u0119. Pami\u0119tajmy w tym dniu w naszych modlitwach o wszystkich pomordowanych na Wschodzie, o wszystkich ofiarach \u201eGolgoty Wschodu\u201d oraz prosimy, by trudne i nierozwi\u0105zane dot\u0105d kwestie wsp\u00f3lnych dziej\u00f3w polsko-rosyjskich mog\u0142y doczeka\u0107 si\u0119 sprawiedliwego i zgodnego z\u00a0historyczn\u0105 prawd\u0105 rozstrzygni\u0119cia<\/li>\n<li>W \u015brod\u0119, 18 wrze\u015bnia, \u015bwi\u0119to \u015awi\u0119tego Stanis\u0142awa Kostki, patrona dzieci i m\u0142odzie\u017cy i patrona naszej parafii. W tym dniu prze\u017cywamy kolejn\u0105 uroczysto\u015b\u0107 odpustow\u0105, kt\u00f3r\u0105 celebrowa\u0107 b\u0119dziemy w nast\u0119pn\u0105 niedziel\u0119, 22 wrze\u015bnia. Za tydzie\u0144 dzieci i m\u0142odzie\u017c zapraszam na Msz\u0119 \u015awi\u0119t\u0105 na godz. 9.00. Dzisiaj, po Eucharystii o godz. 9.00 b\u0119dzie kr\u00f3tkie spotkanie z dzie\u0107mi kl. III i IV, przygotowuj\u0105ce do Pierwszej i Generalnej Komunii \u015awi\u0119tej.<\/li>\n<li>\u00a0W minion\u0105 niedziel\u0119, 8 wrze\u015bnia, prze\u017cywali\u015bmy uroczysto\u015b\u0107 odpustow\u0105 &#8211;\u00a0 \u015bwi\u0119to NARODZENIA NMP.\u00a0 Bardzo serdecznie dzi\u0119kuj\u0119 wszystkim, kt\u00f3rzy si\u0119 zaanga\u017cowali w przygotowanie i przebieg tej uroczysto\u015bci.\u00a0 Dzi\u0119kuj\u0119 asy\u015bcie procesyjnej i dziewczynkom, kt\u00f3re sypi\u0105 kwiatkami, osobom, kt\u00f3re nios\u0142y dary ofiarne, ministrantom i ca\u0142ej s\u0142u\u017cbie liturgicznej. Mieszka\u0144cy Smardzewo Dzia\u0142ki i Smardzewo Sp\u00f3\u0142dzielnia przygotowali wieniec do\u017cynkowy, kosze z warzywami i owocami przygotowa\u0142y\u00a0 cz\u0142onkinie Ko\u0142a R\u00f3\u017ca\u0144cowego z Koliszewa i Smardzewo Dzia\u0142ki. Pan J\u00f3zef Popio\u0142kowski tradycyjnie ofiarowa\u0142 bochen chleba do procesji z darami.\u00a0 Wszystkim bardzo serdecznie dzi\u0119kuj\u0119.<\/li>\n<li>Zach\u0119cam do nabycia prasy katolickiej. Mo\u017cna r\u00f3wnie\u017c naby\u0107 <strong><em>Kalendarz Rolnik\u00f3w <\/em><\/strong>na rok 2025.<\/li>\n<li>W minionym tygodniu odszed\u0142 do wieczno\u015bci <strong>+ Jan Pajewski<\/strong>, kt\u00f3ry prze\u017cy\u0142 75 lat. Od uczestnik\u00f3w pogrzebu b\u0119d\u0105 odprawione 22 Msze \u015awi\u0119te. Wieczny odpoczynek racz mu da\u0107 Panie\u2026<\/li>\n<li>Przekazujemy najlepsze \u017cyczenia wszystkim obchodz\u0105cym w tym tygodniu imieniny i\u00a0urodziny.<\/li>\n<\/ol>\n<p><strong>W TYM TYGODNIU PATRONUJ\u0104 NAM:\u00a0 \u00a0 \u00a0 \u00a0 \u00a0 \u00a0 \u00a0 \u00a0 \u00a0 \u00a0 \u00a0 \u00a0 \u00a0 \u00a0 \u00a0 \u00a0 \u00a0 \u00a0 \u00a0 \u00a0 \u00a0 \u00a0 \u00a0 \u00a0 \u00a0 \u00a0 \u00a0 \u00a0 \u00a0 \u00a0 \u00a0 \u00a0 \u00a0 \u00a0 \u00a0 \u00a0 \u00a0 \u00a0 \u00a0 \u00a0 \u00a0 \u00a0 \u00a0 \u00a0 \u00a0 \u00a0 \u00a0 \u00a0 \u00a0 \u00a0 \u00a0 \u00a0 \u00a0 \u00a0 \u00a0 \u00a0 \u00a0 \u00a0 \u00a0 \u00a0 \u00a0 \u00a0 \u00a0 \u00a0 \u00a0 \u00a0 \u00a0 \u00a0 \u00a0 \u00a0 \u00a0 \u00a0 \u00a0 \u00a0 \u00a0 <\/strong>W poniedzia\u0142ek, 16 wrze\u015bnia \u2013 \u015bw. \u015bw. m\u0119czennicy: papie\u017c Korneliusz i biskup Cyprian, nieugi\u0119ci obro\u0144cy chrze\u015bcija\u0144skiej wiary, za kt\u00f3r\u0105 z\u0142o\u017cyli w ofierze swoje \u017cycie w po\u0142owie III\u00a0wieku.<\/p>\n<p>W \u015brod\u0119, 18 wrze\u015bnia \u2013 \u015bw. Stanis\u0142aw Kostka, nowicjusz jezuicki, kt\u00f3ry odznacza\u0142 si\u0119 wielk\u0105 pobo\u017cno\u015bci\u0105 i pragnieniem ca\u0142kowitego po\u015bwi\u0119cenia si\u0119 Bogu. Patron nowicjuszy, dzieci i\u00a0m\u0142odzie\u017cy oraz naszej ojczyzny.<\/p>\n<p>W pi\u0105tek, 20 wrze\u015bnia \u2013 \u015bw. \u015bw. m\u0119czennicy z Korei: pierwszy korea\u0144ski kap\u0142an Andrzej Kim Taegon, wybitny aposto\u0142 \u015bwiecki Pawe\u0142 Chong Hasang oraz ich towarzysze.<\/p>\n<p>W sobot\u0119, 21 wrze\u015bnia \u2013 \u015bw. Mateusz, Aposto\u0142 i Ewangelista, powo\u0142any przez Chrystusa poborca c\u0142a i podatk\u00f3w dla rzymskiego okupanta, autor Ewangelii wskazuj\u0105cej \u015bcis\u0142y zwi\u0105zek mi\u0119dzy Starym i Nowym Testamentem<\/p>\n","protected":false},"excerpt":{"rendered":"<p>OG\u0141OSZENIA DUSZPASTERSKIE Dzisiaj, w trzeci\u0105 niedziel\u0119 wrze\u015bnia, w Polsce prze\u017cywamy Dzie\u0144 \u015arodk\u00f3w Spo\u0142ecznego Przekazu. Towarzyszy nam zatem modlitwa w intencji wszystkich dziennikarzy, reporter\u00f3w i\u00a0wszystkich pracuj\u0105cych w mediach, by stawali si\u0119 przekazicielami prawdy i trwa\u0142ych, nieprzemijaj\u0105cych warto\u015bci. We wtorek wspominamy 85. rocznic\u0119 sowieckiej agresji na Polsk\u0119. Pami\u0119tajmy w tym dniu w naszych modlitwach o wszystkich pomordowanych &hellip; <\/p>\n<p><a class=\"more-link btn\" href=\"https:\/\/parafiasmardzewo.pl\/?p=9677\">Kontynuuj czytanie<\/a><\/p>\n","protected":false},"author":2,"featured_media":4017,"comment_status":"open","ping_status":"open","sticky":false,"template":"","format":"standard","meta":[],"categories":[2],"tags":[],"_links":{"self":[{"href":"https:\/\/parafiasmardzewo.pl\/index.php?rest_route=\/wp\/v2\/posts\/9677"}],"collection":[{"href":"https:\/\/parafiasmardzewo.pl\/index.php?rest_route=\/wp\/v2\/posts"}],"about":[{"href":"https:\/\/parafiasmardzewo.pl\/index.php?rest_route=\/wp\/v2\/types\/post"}],"author":[{"embeddable":true,"href":"https:\/\/parafiasmardzewo.pl\/index.php?rest_route=\/wp\/v2\/users\/2"}],"replies":[{"embeddable":true,"href":"https:\/\/parafiasmardzewo.pl\/index.php?rest_route=%2Fwp%2Fv2%2Fcomments&post=9677"}],"version-history":[{"count":5,"href":"https:\/\/parafiasmardzewo.pl\/index.php?rest_route=\/wp\/v2\/posts\/9677\/revisions"}],"predecessor-version":[{"id":9682,"href":"https:\/\/parafiasmardzewo.pl\/index.php?rest_route=\/wp\/v2\/posts\/9677\/revisions\/9682"}],"wp:featuredmedia":[{"embeddable":true,"href":"https:\/\/parafiasmardzewo.pl\/index.php?rest_route=\/wp\/v2\/media\/4017"}],"wp:attachment":[{"href":"https:\/\/parafiasmardzewo.pl\/index.php?rest_route=%2Fwp%2Fv2%2Fmedia&parent=9677"}],"wp:term":[{"taxonomy":"category","embeddable":true,"href":"https:\/\/parafiasmardzewo.pl\/index.php?rest_route=%2Fwp%2Fv2%2Fcategories&post=9677"},{"taxonomy":"post_tag","embeddable":true,"href":"https:\/\/parafiasmardzewo.pl\/index.php?rest_route=%2Fwp%2Fv2%2Ftags&post=9677"}],"curies":[{"name":"wp","href":"https:\/\/api.w.org\/{rel}","templated":true}]}}