{"id":9685,"date":"2024-09-21T20:48:55","date_gmt":"2024-09-21T18:48:55","guid":{"rendered":"https:\/\/parafiasmardzewo.pl\/?p=9685"},"modified":"2024-09-21T20:49:15","modified_gmt":"2024-09-21T18:49:15","slug":"dudziesta-piata-niedziela-w-ciagu-roku-22-wrzesnia-2024","status":"publish","type":"post","link":"https:\/\/parafiasmardzewo.pl\/?p=9685","title":{"rendered":"DUDZIESTA PI\u0104TA NIEDZIELA W CI\u0104GU ROKU &#8211; 22 wrze\u015bnia 2024"},"content":{"rendered":"<p><strong>OG\u0141OSZENIA DUSZPASTERSKIE<\/strong><\/p>\n<ol>\n<li>W \u015brod\u0119, 18 wrze\u015bnia, prze\u017cywali\u015bmy \u015bwi\u0119to \u015awi\u0119tego Stanis\u0142awa Kostki, patrona dzieci i\u00a0m\u0142odzie\u017cy i patrona naszej parafii. Dzisiaj, 22 wrze\u015bnia, na ka\u017cdej Mszy \u015awi\u0119tej modlimy si\u0119 w intencji dzieci i m\u0142odzie\u017cy z naszej parafii i tych kt\u00f3rzy modl\u0105 si\u0119 z nami. Liturgicznie prze\u017cywamy dzisiaj uroczysto\u015b\u0107 odpustow\u0105.\u00a0 Po Eucharystii o godz. 9.00 b\u0119dzie \u00a0si\u0119 kr\u00f3tkie nabo\u017ce\u0144stwo przed wizerunkiem patrona dzieci i m\u0142odzie\u017cy i przy jego relikwiach.<\/li>\n<li>Za tydzie\u0144, 29 wrze\u015bnia, po Mszy \u015awi\u0119tej o godz. 10.45 b\u0119dzie spotkanie z rodzicami, kt\u00f3rych dzieci przygotowuj\u0105 si\u0119 do Pierwszej Komunii \u015awi\u0119tej (kl. III) i dzieci przygotowuj\u0105cych si\u0119 do Odnowienia Przyrzecze\u0144 Chrzcielnych (kl. IV).<\/li>\n<li><strong>Siostry i Bracia<\/strong>, od kilku dni po\u0142udniowo-zachodnia cz\u0119\u015b\u0107 Polski zmaga si\u0119 ze skutkami tragicznej powodzi. Pod wod\u0105 znalaz\u0142o si\u0119 wiele miejscowo\u015bci, a straty materialne s\u0105 ogromne. W zwi\u0105zku z tym, w odpowiedzi na pro\u015bb\u0119 ks. arcybiskupa Tadeusza Wojdy SAC, Przewodnicz\u0105cego Konferencji Episkopatu Polski, prosz\u0119, by w niedziel\u0119 22 wrze\u015bnia 2024 r., po wszystkich Mszach \u015bw., przed ko\u015bcio\u0142ami i kaplicami Diecezji P\u0142ockiej odby\u0142a si\u0119 zbi\u00f3rka do puszek na pomoc osobom poszkodowanym. <strong><em>Fragmenty apelu Biskupa P\u0142ockiego Szymona Stu\u0142kowskiego. <\/em><\/strong><\/li>\n<li>Zach\u0119cam do nabycia prasy katolickiej.<\/li>\n<li>W minionym tygodniu odeszli do wieczno\u015bci: + Barbara Porkuszewska, kt\u00f3ra prze\u017cy\u0142a 66 lat. Od uczestnik\u00f3w pogrzebu b\u0119dzie 12 Mszy \u015awi\u0119tych; + Tadeusz Za\u0142\u0119cki odszed\u0142 do wieczno\u015bci w 85. roku \u017cycia. Od uczestnik\u00f3w pogrzebu b\u0119dzie 14 Mszy \u015awi\u0119tych.<\/li>\n<\/ol>\n<p><strong><em>\u00a0<\/em><\/strong><strong>W TYM TYGODNIU PATRONUJ\u0104 NAM:<\/strong><\/p>\n<p>W poniedzia\u0142ek, 23 wrze\u015bnia \u2013 \u015bw. Ojciec Pio, gorliwy spowiednik i stygmatyk, jeden z\u00a0najbardziej popularnych i znanych \u015bwi\u0119tych minionego stulecia.<\/p>\n<p>W pi\u0105tek, 27 wrze\u015bnia \u2013 \u015bw. Wincenty \u00e0 Paulo, prezbiter, kt\u00f3ry zas\u0142yn\u0105\u0142 jako opiekun ubogich i wyrzuconych na margines \u017cycia spo\u0142ecznego oraz za\u0142o\u017cy\u0142 zgromadzenia ksi\u0119\u017cy misjonarzy i\u00a0si\u00f3str szarytek.<\/p>\n<p>W sobot\u0119, 28 wrze\u015bnia \u2013 \u015bw. Wac\u0142aw, m\u0119czennik i g\u0142\u00f3wny patron Czech, kt\u00f3ry, b\u0119d\u0105c w\u0142adc\u0105 tego kraju, przyk\u0142adem w\u0142asnego \u017cycia utwierdza\u0142 wiar\u0119 chrze\u015bcija\u0144sk\u0105 u naszych po\u0142udniowych s\u0105siad\u00f3w.<\/p>\n<p>&nbsp;<\/p>\n<p>&nbsp;<\/p>\n","protected":false},"excerpt":{"rendered":"<p>OG\u0141OSZENIA DUSZPASTERSKIE W \u015brod\u0119, 18 wrze\u015bnia, prze\u017cywali\u015bmy \u015bwi\u0119to \u015awi\u0119tego Stanis\u0142awa Kostki, patrona dzieci i\u00a0m\u0142odzie\u017cy i patrona naszej parafii. Dzisiaj, 22 wrze\u015bnia, na ka\u017cdej Mszy \u015awi\u0119tej modlimy si\u0119 w intencji dzieci i m\u0142odzie\u017cy z naszej parafii i tych kt\u00f3rzy modl\u0105 si\u0119 z nami. Liturgicznie prze\u017cywamy dzisiaj uroczysto\u015b\u0107 odpustow\u0105.\u00a0 Po Eucharystii o godz. 9.00 b\u0119dzie \u00a0si\u0119 kr\u00f3tkie &hellip; <\/p>\n<p><a class=\"more-link btn\" href=\"https:\/\/parafiasmardzewo.pl\/?p=9685\">Kontynuuj czytanie<\/a><\/p>\n","protected":false},"author":2,"featured_media":4017,"comment_status":"open","ping_status":"open","sticky":false,"template":"","format":"standard","meta":[],"categories":[2],"tags":[],"_links":{"self":[{"href":"https:\/\/parafiasmardzewo.pl\/index.php?rest_route=\/wp\/v2\/posts\/9685"}],"collection":[{"href":"https:\/\/parafiasmardzewo.pl\/index.php?rest_route=\/wp\/v2\/posts"}],"about":[{"href":"https:\/\/parafiasmardzewo.pl\/index.php?rest_route=\/wp\/v2\/types\/post"}],"author":[{"embeddable":true,"href":"https:\/\/parafiasmardzewo.pl\/index.php?rest_route=\/wp\/v2\/users\/2"}],"replies":[{"embeddable":true,"href":"https:\/\/parafiasmardzewo.pl\/index.php?rest_route=%2Fwp%2Fv2%2Fcomments&post=9685"}],"version-history":[{"count":2,"href":"https:\/\/parafiasmardzewo.pl\/index.php?rest_route=\/wp\/v2\/posts\/9685\/revisions"}],"predecessor-version":[{"id":9687,"href":"https:\/\/parafiasmardzewo.pl\/index.php?rest_route=\/wp\/v2\/posts\/9685\/revisions\/9687"}],"wp:featuredmedia":[{"embeddable":true,"href":"https:\/\/parafiasmardzewo.pl\/index.php?rest_route=\/wp\/v2\/media\/4017"}],"wp:attachment":[{"href":"https:\/\/parafiasmardzewo.pl\/index.php?rest_route=%2Fwp%2Fv2%2Fmedia&parent=9685"}],"wp:term":[{"taxonomy":"category","embeddable":true,"href":"https:\/\/parafiasmardzewo.pl\/index.php?rest_route=%2Fwp%2Fv2%2Fcategories&post=9685"},{"taxonomy":"post_tag","embeddable":true,"href":"https:\/\/parafiasmardzewo.pl\/index.php?rest_route=%2Fwp%2Fv2%2Ftags&post=9685"}],"curies":[{"name":"wp","href":"https:\/\/api.w.org\/{rel}","templated":true}]}}