{"id":9690,"date":"2024-09-21T22:13:46","date_gmt":"2024-09-21T20:13:46","guid":{"rendered":"https:\/\/parafiasmardzewo.pl\/?p=9690"},"modified":"2024-09-21T22:13:52","modified_gmt":"2024-09-21T20:13:52","slug":"apela-biskupa-plockiego-o-pomoc-dla-powodzian","status":"publish","type":"post","link":"https:\/\/parafiasmardzewo.pl\/?p=9690","title":{"rendered":"APELA BISKUPA P\u0141OCKIEGO O POMOC DLA POWODZIAN"},"content":{"rendered":"<p><strong>Siostry i Bracia<\/strong>, od kilku dni po\u0142udniowo-zachodnia cz\u0119\u015b\u0107 Polski zmaga si\u0119 ze skutkami tragicznej powodzi. Pod wod\u0105 znalaz\u0142o si\u0119 wiele miejscowo\u015bci, a straty materialne s\u0105 ogromne. W zwi\u0105zku z tym, w odpowiedzi na pro\u015bb\u0119 ks. arcybiskupa Tadeusza Wojdy SAC, Przewodnicz\u0105cego Konferencji Episkopatu Polski, prosz\u0119, by w niedziel\u0119 22 wrze\u015bnia 2024 r., po wszystkich Mszach \u015bw., przed ko\u015bcio\u0142ami i kaplicami Diecezji P\u0142ockiej odby\u0142a si\u0119 zbi\u00f3rka do puszek na pomoc osobom poszkodowanym. Zebrane w ten spos\u00f3b \u015brodki zostan\u0105 przekazane osobom potrzebuj\u0105cym pomocy materialnej, za po\u015brednictwem Caritas Polska. Ufam, \u017ce dzi\u0119ki temu uda si\u0119 zabezpieczy\u0107 ich pilne potrzeby. Jednocze\u015bnie, w duchu solidarno\u015bci z naszymi rodakami, kt\u00f3rzy z powodu powodzi musz\u0105 zmaga\u0107 si\u0119 z wieloma trudno\u015bciami, prosz\u0119 o modlitw\u0119 w ich intencji. Niech Mi\u0142osierny Pan da im nadziej\u0119 i si\u0142y, kt\u00f3rych tak bardzo potrzebuj\u0105.<\/p>\n<p>Wszystkim Drogim Diecezjanom z serca dzi\u0119kuj\u0119 i udzielam pasterskiego b\u0142ogos\u0142awie\u0144stwa!<\/p>\n<p>P\u0142ock, dnia 17 wrze\u015bnia 2024 r.<\/p>\n<p><em>\u2020 Szymon Stu\u0142kowski<\/em><br \/>\n<em>Biskup P\u0142ocki<\/em><\/p>\n<p>&nbsp;<\/p>\n","protected":false},"excerpt":{"rendered":"<p>Siostry i Bracia, od kilku dni po\u0142udniowo-zachodnia cz\u0119\u015b\u0107 Polski zmaga si\u0119 ze skutkami tragicznej powodzi. Pod wod\u0105 znalaz\u0142o si\u0119 wiele miejscowo\u015bci, a straty materialne s\u0105 ogromne. W zwi\u0105zku z tym, w odpowiedzi na pro\u015bb\u0119 ks. arcybiskupa Tadeusza Wojdy SAC, Przewodnicz\u0105cego Konferencji Episkopatu Polski, prosz\u0119, by w niedziel\u0119 22 wrze\u015bnia 2024 r., po wszystkich Mszach \u015bw., &hellip; <\/p>\n<p><a class=\"more-link btn\" href=\"https:\/\/parafiasmardzewo.pl\/?p=9690\">Kontynuuj czytanie<\/a><\/p>\n","protected":false},"author":2,"featured_media":8408,"comment_status":"open","ping_status":"open","sticky":false,"template":"","format":"standard","meta":[],"categories":[1],"tags":[],"_links":{"self":[{"href":"https:\/\/parafiasmardzewo.pl\/index.php?rest_route=\/wp\/v2\/posts\/9690"}],"collection":[{"href":"https:\/\/parafiasmardzewo.pl\/index.php?rest_route=\/wp\/v2\/posts"}],"about":[{"href":"https:\/\/parafiasmardzewo.pl\/index.php?rest_route=\/wp\/v2\/types\/post"}],"author":[{"embeddable":true,"href":"https:\/\/parafiasmardzewo.pl\/index.php?rest_route=\/wp\/v2\/users\/2"}],"replies":[{"embeddable":true,"href":"https:\/\/parafiasmardzewo.pl\/index.php?rest_route=%2Fwp%2Fv2%2Fcomments&post=9690"}],"version-history":[{"count":1,"href":"https:\/\/parafiasmardzewo.pl\/index.php?rest_route=\/wp\/v2\/posts\/9690\/revisions"}],"predecessor-version":[{"id":9691,"href":"https:\/\/parafiasmardzewo.pl\/index.php?rest_route=\/wp\/v2\/posts\/9690\/revisions\/9691"}],"wp:featuredmedia":[{"embeddable":true,"href":"https:\/\/parafiasmardzewo.pl\/index.php?rest_route=\/wp\/v2\/media\/8408"}],"wp:attachment":[{"href":"https:\/\/parafiasmardzewo.pl\/index.php?rest_route=%2Fwp%2Fv2%2Fmedia&parent=9690"}],"wp:term":[{"taxonomy":"category","embeddable":true,"href":"https:\/\/parafiasmardzewo.pl\/index.php?rest_route=%2Fwp%2Fv2%2Fcategories&post=9690"},{"taxonomy":"post_tag","embeddable":true,"href":"https:\/\/parafiasmardzewo.pl\/index.php?rest_route=%2Fwp%2Fv2%2Ftags&post=9690"}],"curies":[{"name":"wp","href":"https:\/\/api.w.org\/{rel}","templated":true}]}}