{"id":9695,"date":"2024-09-28T15:39:18","date_gmt":"2024-09-28T13:39:18","guid":{"rendered":"https:\/\/parafiasmardzewo.pl\/?p=9695"},"modified":"2024-09-28T15:39:30","modified_gmt":"2024-09-28T13:39:30","slug":"zmarl-ks-kan-jozef-blaszczak","status":"publish","type":"post","link":"https:\/\/parafiasmardzewo.pl\/?p=9695","title":{"rendered":"Zmar\u0142 ks. kan. J\u00f3zef B\u0142aszczak"},"content":{"rendered":"<p><strong>Z g\u0142\u0119bokim \u017calem informujemy, \u017ce 25 wrze\u015bnia 2024 r. zmar\u0142 ks. kan. mgr J\u00f3zef B\u0142aszczak, proboszcz parafii pw. \u015bw. Anny w Strzegowie. Odszed\u0142 do Pana w wieku 71 lat, w 47 roku kap\u0142a\u0144stwa.<\/strong><\/p>\n<p>Uroczysto\u015bci pogrzebowe \u015bp. ks. kan. J\u00f3zefa B\u0142aszczaka odb\u0119d\u0105 si\u0119\u00a0<strong>w poniedzia\u0142ek, 30 wrze\u015bnia o godz. 12:00 w ko\u015bciele parafialnym parafii pw. \u015bw. Anny w Pomiechowie.<\/strong>\u00a0Msz\u0119 \u015awi\u0119t\u0105 b\u0119dzie celebrowa\u0142 Biskup Pomocniczy Miros\u0142aw Milewski.<\/p>\n<p>Dzie\u0144 przed pogrzebem,\u00a0<strong>w niedziel\u0119, 29 wrze\u015bnia o godzinie 17:00 w ko\u015bciele parafialnym parafii pw. \u015bw. Anny w Strzegowie<\/strong>\u00a0b\u0119dzie celebrowana Msza \u015awi\u0119ta \u017ca\u0142obna pod przewodnictwem Biskupa Seniora Romana Marcinkowskiego.<\/p>\n<p><em>Zgodnie z wol\u0105 Zmar\u0142ego i Rodziny prosimy, aby zamiast kwiat\u00f3w i wie\u0144c\u00f3w z\u0142o\u017cy\u0107 ofiar\u0119 na Caritas Diecezji P\u0142ockiej (wolontariusze b\u0119d\u0105 stali przed ko\u015bcio\u0142ami zar\u00f3wno w niedziel\u0119, jak i w poniedzia\u0142ek).<\/em><\/p>\n<p><strong>Zmar\u0142ego ks. kan. J\u00f3zefa B\u0142aszczaka polecajmy Bo\u017cemu Mi\u0142osierdziu\u00a0 \u00a0 \u00a0<\/strong> \u00a0 \u00a0 \u00a0 \u00a0 \u00a0 \u00a0 \u00a0 \u00a0 \u00a0 \u00a0 \u00a0 \u00a0 \u00a0 \u00a0 \u00a0 \u00a0 \u00a0 \u00a0 \u00a0 \u00a0 \u00a0 \u00a0 \u00a0 \u00a0 \u00a0 \u00a0 \u00a0 \u00a0 \u00a0 \u00a0 \u00a0 \u00a0 \u00a0 \u00a0 \u00a0 \u00a0 \u00a0 \u00a0 \u00a0 \u00a0 \u00a0 <strong>Urodzony:\u00a0<\/strong>5 lutego 1953 r. w Go\u0142awicach, parafia \u015bw. Anny w Pomiechowie;\u00a0<strong><br \/>\nOchrzczony:\u00a0<\/strong>5 kwietnia 1953 r. w parafii pw. \u015bw. Anny w Pomiechowie;<strong><br \/>\nDiakonat:\u00a0<\/strong>27 marca 1977 r.. w P\u0142ocku;\u00a0<strong><br \/>\nKap\u0142a\u0144stwo:\u00a0<\/strong>4 czerwca 1978 r. w P\u0142ocku;<strong><br \/>\nPraca duszpasterska:\u00a0<\/strong>wikariusz w parafiach: Glinojeck (1978),\u00a0 Pu\u0142tusk-\u015bw. Mateusza (1978-1979), Wyszk\u00f3w-\u015bw. Idziego (1979-1982), Gostynin-\u015bw. Marcina (1982-1984), Ciechan\u00f3w-\u015bw. Piotra Aposto\u0142a (1984-1985), P\u0142ock-\u015bw. Bart\u0142omieja (1985-1987), Mak\u00f3w Mazowiecki &#8211; \u015bw. J\u00f3zefa (1987-1989) proboszcz w parafiach: Smardzewo (1989-1996), Strzegowo (1996-2024);<strong><br \/>\nPe\u0142nione funkcje:\u00a0<\/strong>dziekan dekanatu strzegowskiego, duszpasterz rodzin dekanatu strzegowskiego;<strong><br \/>\nOdznaczenia:\u00a0<\/strong>kanonik honorowy Kapitu\u0142y Kolegiackiej Pu\u0142tuskiej (od 1999 r.);<\/p>\n<p>&nbsp;<\/p>\n","protected":false},"excerpt":{"rendered":"<p>Z g\u0142\u0119bokim \u017calem informujemy, \u017ce 25 wrze\u015bnia 2024 r. zmar\u0142 ks. kan. mgr J\u00f3zef B\u0142aszczak, proboszcz parafii pw. \u015bw. Anny w Strzegowie. Odszed\u0142 do Pana w wieku 71 lat, w 47 roku kap\u0142a\u0144stwa. Uroczysto\u015bci pogrzebowe \u015bp. ks. kan. J\u00f3zefa B\u0142aszczaka odb\u0119d\u0105 si\u0119\u00a0w poniedzia\u0142ek, 30 wrze\u015bnia o godz. 12:00 w ko\u015bciele parafialnym parafii pw. \u015bw. Anny &hellip; <\/p>\n<p><a class=\"more-link btn\" href=\"https:\/\/parafiasmardzewo.pl\/?p=9695\">Kontynuuj czytanie<\/a><\/p>\n","protected":false},"author":2,"featured_media":6064,"comment_status":"open","ping_status":"open","sticky":false,"template":"","format":"standard","meta":[],"categories":[1],"tags":[],"_links":{"self":[{"href":"https:\/\/parafiasmardzewo.pl\/index.php?rest_route=\/wp\/v2\/posts\/9695"}],"collection":[{"href":"https:\/\/parafiasmardzewo.pl\/index.php?rest_route=\/wp\/v2\/posts"}],"about":[{"href":"https:\/\/parafiasmardzewo.pl\/index.php?rest_route=\/wp\/v2\/types\/post"}],"author":[{"embeddable":true,"href":"https:\/\/parafiasmardzewo.pl\/index.php?rest_route=\/wp\/v2\/users\/2"}],"replies":[{"embeddable":true,"href":"https:\/\/parafiasmardzewo.pl\/index.php?rest_route=%2Fwp%2Fv2%2Fcomments&post=9695"}],"version-history":[{"count":2,"href":"https:\/\/parafiasmardzewo.pl\/index.php?rest_route=\/wp\/v2\/posts\/9695\/revisions"}],"predecessor-version":[{"id":9697,"href":"https:\/\/parafiasmardzewo.pl\/index.php?rest_route=\/wp\/v2\/posts\/9695\/revisions\/9697"}],"wp:featuredmedia":[{"embeddable":true,"href":"https:\/\/parafiasmardzewo.pl\/index.php?rest_route=\/wp\/v2\/media\/6064"}],"wp:attachment":[{"href":"https:\/\/parafiasmardzewo.pl\/index.php?rest_route=%2Fwp%2Fv2%2Fmedia&parent=9695"}],"wp:term":[{"taxonomy":"category","embeddable":true,"href":"https:\/\/parafiasmardzewo.pl\/index.php?rest_route=%2Fwp%2Fv2%2Fcategories&post=9695"},{"taxonomy":"post_tag","embeddable":true,"href":"https:\/\/parafiasmardzewo.pl\/index.php?rest_route=%2Fwp%2Fv2%2Ftags&post=9695"}],"curies":[{"name":"wp","href":"https:\/\/api.w.org\/{rel}","templated":true}]}}