{"id":9698,"date":"2024-09-28T16:33:22","date_gmt":"2024-09-28T14:33:22","guid":{"rendered":"https:\/\/parafiasmardzewo.pl\/?p=9698"},"modified":"2024-09-28T16:36:31","modified_gmt":"2024-09-28T14:36:31","slug":"duudziesta-szosta-niedziela-w-ciagu-roku-29-wrzesnia-2024","status":"publish","type":"post","link":"https:\/\/parafiasmardzewo.pl\/?p=9698","title":{"rendered":"DWUDZIESTA SZ\u00d3STA NIEDZIELA W CI\u0104GU ROKU &#8211; 29 wrze\u015bnia 2024"},"content":{"rendered":"<p><strong>OG\u0141OSZENIA DUSZPASTERSKIE<\/strong><\/p>\n<ol>\n<li>Dobiega ko\u0144ca wrzesie\u0144; chyba na dobre weszli\u015bmy w obowi\u0105zki zwi\u0105zane z nowym rokiem szkolnym, w codzienne sprawy po czasie wakacji i urlop\u00f3w. Dzisiaj, po Eucharystii o godz. 10.45 zapraszam na spotkanie rodzic\u00f3w, kt\u00f3rych dzieci przygotowuj\u0105 si\u0119 do Pierwszej Komunii \u015awi\u0119tej (kl. III) i do Odnowienia Przyrzecze\u0144 Chrzcielnych (kl. IV).<\/li>\n<li>Zatroszczmy si\u0119 o dobre wychowanie m\u0142odego pokolenia. Postarajmy si\u0119 znale\u017a\u0107 czas dla naszych dzieci, \u017cywo interesujmy si\u0119 ich post\u0119pami w szkole, zainteresujmy si\u0119 tak\u017ce ich udzia\u0142em w lekcjach religii.<\/li>\n<li>Po raz 110. Ko\u015bci\u00f3\u0142 obchodzi \u015awiatowy Dzie\u0144 Migranta i Uchod\u017acy, kt\u00f3rego celebracja od kilku lat wyznaczona jest na ostatni\u0105 niedziel\u0119 wrze\u015bnia. W \u00a0ostatnich dw\u00f3ch latach wielu uchod\u017ac\u00f3w przyby\u0142o z ogarni\u0119tej wojn\u0105 Ukrainy. Pragniemy dzi\u015b wyra\u017ca\u0107 wdzi\u0119czno\u015b\u0107 wszystkim, kt\u00f3rzy wspieraj\u0105 w r\u00f3\u017cny spos\u00f3b uchod\u017ac\u00f3w. A my wszyscy starajmy si\u0119 okazywa\u0107 \u017cyczliwo\u015b\u0107 dla tych, kt\u00f3rzy poszukuj\u0105 schronienia, chciejmy towarzyszy\u0107 im nasz\u0105 modlitw\u0105.<\/li>\n<li>We wtorek rozpoczynamy pa\u017adziernik \u2013 miesi\u0105c r\u00f3\u017ca\u0144cowej modlitwy. Po wieczornej Eucharystii b\u0119dziemy si\u0119 spotyka\u0107 na r\u00f3\u017ca\u0144cowych nabo\u017ce\u0144stwach, na kt\u00f3re serdecznie zapraszamy. Dzieci, kt\u00f3re b\u0119d\u0105 trzy razy w ka\u017cdym tygodniu pa\u017adziernika\u00a0 na r\u00f3\u017ca\u0144cu w nagrod\u0119 b\u0119d\u0105 mog\u0142y jecha\u0107 na jednodniow\u0105 pielgrzymk\u0119 do Gietrzwa\u0142du i na pola Grunwaldu, po \u015bwi\u0119tach wielkanocnych.<\/li>\n<li>Podczas nabo\u017ce\u0144stw r\u00f3\u017ca\u0144cowych w przypadaj\u0105cy w tym tygodniu pierwszy czwartek, pierwszy pi\u0105tek i pierwsz\u0105 sobot\u0119 miesi\u0105ca do\u0142\u0105czymy intencje i modlitwy podkre\u015blaj\u0105ce charakter tych dni. Nadto w pi\u0105tek przed po\u0142udniem odwiedziny chorych z Komunia \u015awi\u0119t\u0105. Zach\u0119cam, aby zg\u0142osi\u0107 chorych je\u015bli s\u0105 w naszym domu lub w s\u0105siedztwie. Za tydzie\u0144 z racji pierwszej niedzieli pa\u017adziernika zapraszam na sum\u0119 asyst\u0119 procesyjn\u0105 i dziewczynki do sypania kwiatkami.<\/li>\n<li>Od pierwszego pa\u017adziernika (wtorek) Msze \u015awi\u0119te w dni powszednie b\u0119d\u0105 odprawiane o godz. 16.00, a nabo\u017ce\u0144stwo r\u00f3\u017ca\u0144cowe o godz. 16.30.<\/li>\n<li>W minion\u0105 niedziel\u0119 zbierali\u015bmy ofiary do puszek dla poszkodowanych przez pow\u00f3d\u017a. Zebrali\u015bmy cztery tysi\u0105ce sto z\u0142otych i za po\u015brednictwem Caritasu przekazali\u015bmy poszkodowanym. Bardzo serdecznie dzi\u0119kuj\u0119 za ten pi\u0119kny gest solidarno\u015bci z potrzebuj\u0105cymi. Zach\u0119cam r\u00f3wnie\u017c do osobistej modlitwy w intencji poszkodowanych.<\/li>\n<li>W najbli\u017csz\u0105 sobot\u0119, 5 pa\u017adziernika, b\u0119dziemy go\u015bci\u0107 cz\u0142onk\u00f3w K\u00f3\u0142 R\u00f3\u017ca\u0144cowych z diecezji p\u0142ockiej. G\u0142\u00f3wnym punktem spotkania b\u0119dzie Msza \u015awi\u0119ta o godz. 11.15, kt\u00f3rej przewodniczy\u0107 b\u0119dzie Biskup P\u0142ocki Szymon Stu\u0142kowski. Serdecznie zapraszam cz\u0142onkinie K\u00f3\u0142 R\u00f3\u017ca\u0144cowych i wszystkich parafian na to spotkanie. Program spotkania mo\u017cna przeczyta\u0107 na stronie internetowej naszej parafii i w kruchcie ko\u015bcio\u0142a oraz na zewn\u0105trz \u015bwi\u0105tyni. <strong>W \u015brod\u0119 na godz. 17.00 zapraszam ministrant\u00f3w na spotkanie do ko\u015bcio\u0142a.<\/strong><\/li>\n<li>Zach\u0119cam do nabycia prasy katolickiej.<\/li>\n<li><strong>25 wrze\u015bnia 2024 r. zmar\u0142 ks. kan. J\u00f3zef B\u0142aszczak.<\/strong> Uroczysto\u015bci pogrzebowe \u015bp. ks. kan. J\u00f3zefa B\u0142aszczaka odb\u0119d\u0105 si\u0119\u00a0<strong>w poniedzia\u0142ek, 30 wrze\u015bnia o godz. 12:00 w ko\u015bciele parafialnym parafii pw. \u015bw. Anny w Pomiechowie.<\/strong>\u00a0Msz\u0119 \u015awi\u0119t\u0105 b\u0119dzie celebrowa\u0142 Biskup Pomocniczy Miros\u0142aw Milewski.<\/li>\n<\/ol>\n<p>Dzie\u0144 przed pogrzebem,\u00a0<strong>w niedziel\u0119, 29 wrze\u015bnia o godzinie 17:00 w ko\u015bciele parafialnym parafii pw. \u015bw. Anny w Strzegowie<\/strong>\u00a0b\u0119dzie celebrowana Msza \u015awi\u0119ta \u017ca\u0142obna pod przewodnictwem Biskupa Seniora Romana Marcinkowskiego. Od 1989 \u2013 1996 roku ks. kan. J\u00f3zef B\u0142aszczak by\u0142 proboszczem w Smardzewie. Zach\u0119cam parafian smardzewskich do udzia\u0142u w pogrzebie w Strzegowie\u00a0 lub w Pomiechowie.\u00a0 <strong>W nast\u0119pn\u0105 niedziel\u0119, 6 pa\u017adziernika, o godz. 10.45 zostanie odprawiona Msza \u015awi\u0119ta za zmar\u0142ego ks. J\u00f3zefa B\u0142aszczak w Smardzewie. <\/strong><\/p>\n<p>&nbsp;<\/p>\n<p><strong>W TYM TYGODNIU PATRONUJ\u0104 NAM:<\/strong><\/p>\n<p>[<strong>Dzisiaj, w niedziel\u0119, 29 wrze\u015bnia<\/strong> \u2013 \u015awi\u0119ci Archanio\u0142owie: Micha\u0142, Gabriel i Rafa\u0142, w kt\u00f3rych misji odnajdujemy \u201erozszyfrowanie\u201d znaczenia ich imion: Micha\u0142 \u2013 \u201ekt\u00f3\u017c jak B\u00f3g\u201d, Gabriel \u2013 \u201emoc Bo\u017ca\u201d i Rafa\u0142 \u2013 \u201eB\u00f3g uzdrawia\u201d].<\/p>\n<p><strong>W poniedzia\u0142ek, 30 wrze\u015bnia<\/strong> \u2013 \u015bw. Hieronim, prezbiter i doktor Ko\u015bcio\u0142a, kt\u00f3remu zawdzi\u0119czamy rozpropagowanie znajomo\u015bci Pisma \u015awi\u0119tego w Ko\u015bciele przez jego \u0142aci\u0144skie t\u0142umaczenie zwane \u201eWulgat\u0105\u201d.<\/p>\n<p>We wtorek, 1 pa\u017adziernika \u2013 \u015bw. Teresa od Dzieci\u0105tka Jezus, francuska karmelitanka odznaczaj\u0105ca si\u0119 pokor\u0105, prostot\u0105 ewangeliczn\u0105 i wielk\u0105 ufno\u015bci\u0105 Bogu, patronka misji.<\/p>\n<p><strong>W \u015brod\u0119, 2 pa\u017adziernika<\/strong> \u2013 \u015awi\u0119ci Anio\u0142owie Str\u00f3\u017cowie, kt\u00f3rzy pragn\u0105 powiedzie\u0107, \u017ce B\u00f3g czuwa nad swoim stworzeniem, troszczy si\u0119 o nie, posy\u0142aj\u0105c mu nieustannie opiekun\u00f3w i\u00a0towarzyszy.<\/p>\n<p><strong>W pi\u0105tek, 4 pa\u017adziernika<\/strong> \u2013 \u015bw. Franciszek z Asy\u017cu, kt\u00f3ry po burzliwej m\u0142odo\u015bci nawr\u00f3ci\u0142 si\u0119 i wyrzek\u0142szy si\u0119 wszelkich d\u00f3br, postanowi\u0142 na\u015bladowa\u0107 Chrystusa w ca\u0142kowitym ub\u00f3stwie, a\u00a0radykalizm jego \u017cycia znajduje wielu na\u015bladowc\u00f3w po dzi\u015b dzie\u0144.<\/p>\n<p><strong>W sobot\u0119, 5 pa\u017adziernika<\/strong> \u2013 \u015bw. Faustyna Kowalska, aposto\u0142ka, sekretarka Bo\u017cego mi\u0142osierdzia, kt\u00f3rej \u201eDzienniczek\u201d jest zaliczany do najwybitniejszych dzie\u0142 mistycznych.<\/p>\n<p>&nbsp;<\/p>\n","protected":false},"excerpt":{"rendered":"<p>OG\u0141OSZENIA DUSZPASTERSKIE Dobiega ko\u0144ca wrzesie\u0144; chyba na dobre weszli\u015bmy w obowi\u0105zki zwi\u0105zane z nowym rokiem szkolnym, w codzienne sprawy po czasie wakacji i urlop\u00f3w. Dzisiaj, po Eucharystii o godz. 10.45 zapraszam na spotkanie rodzic\u00f3w, kt\u00f3rych dzieci przygotowuj\u0105 si\u0119 do Pierwszej Komunii \u015awi\u0119tej (kl. III) i do Odnowienia Przyrzecze\u0144 Chrzcielnych (kl. IV). Zatroszczmy si\u0119 o dobre &hellip; <\/p>\n<p><a class=\"more-link btn\" href=\"https:\/\/parafiasmardzewo.pl\/?p=9698\">Kontynuuj czytanie<\/a><\/p>\n","protected":false},"author":2,"featured_media":4017,"comment_status":"open","ping_status":"open","sticky":false,"template":"","format":"standard","meta":[],"categories":[2],"tags":[],"_links":{"self":[{"href":"https:\/\/parafiasmardzewo.pl\/index.php?rest_route=\/wp\/v2\/posts\/9698"}],"collection":[{"href":"https:\/\/parafiasmardzewo.pl\/index.php?rest_route=\/wp\/v2\/posts"}],"about":[{"href":"https:\/\/parafiasmardzewo.pl\/index.php?rest_route=\/wp\/v2\/types\/post"}],"author":[{"embeddable":true,"href":"https:\/\/parafiasmardzewo.pl\/index.php?rest_route=\/wp\/v2\/users\/2"}],"replies":[{"embeddable":true,"href":"https:\/\/parafiasmardzewo.pl\/index.php?rest_route=%2Fwp%2Fv2%2Fcomments&post=9698"}],"version-history":[{"count":3,"href":"https:\/\/parafiasmardzewo.pl\/index.php?rest_route=\/wp\/v2\/posts\/9698\/revisions"}],"predecessor-version":[{"id":9701,"href":"https:\/\/parafiasmardzewo.pl\/index.php?rest_route=\/wp\/v2\/posts\/9698\/revisions\/9701"}],"wp:featuredmedia":[{"embeddable":true,"href":"https:\/\/parafiasmardzewo.pl\/index.php?rest_route=\/wp\/v2\/media\/4017"}],"wp:attachment":[{"href":"https:\/\/parafiasmardzewo.pl\/index.php?rest_route=%2Fwp%2Fv2%2Fmedia&parent=9698"}],"wp:term":[{"taxonomy":"category","embeddable":true,"href":"https:\/\/parafiasmardzewo.pl\/index.php?rest_route=%2Fwp%2Fv2%2Fcategories&post=9698"},{"taxonomy":"post_tag","embeddable":true,"href":"https:\/\/parafiasmardzewo.pl\/index.php?rest_route=%2Fwp%2Fv2%2Ftags&post=9698"}],"curies":[{"name":"wp","href":"https:\/\/api.w.org\/{rel}","templated":true}]}}