{"id":9710,"date":"2024-10-05T22:27:17","date_gmt":"2024-10-05T20:27:17","guid":{"rendered":"https:\/\/parafiasmardzewo.pl\/?p=9710"},"modified":"2024-10-05T22:27:17","modified_gmt":"2024-10-05T20:27:17","slug":"dwudziesta-siodma-niedziela-w-ciagu-roku-6-pazdziernika-2024","status":"publish","type":"post","link":"https:\/\/parafiasmardzewo.pl\/?p=9710","title":{"rendered":"DWUDZIESTA SI\u00d3DMA NIEDZIELA W CI\u0104GU ROKU &#8211; 6 pa\u017adziernika 2024"},"content":{"rendered":"<p><strong>OG\u0141OSZENIA DUSZPASTERSKIE<\/strong><\/p>\n<ol>\n<li>Dzisiaj, po Mszy \u015awi\u0119tej o godz. 9.00 zapraszam dzieci kl. III i IV na spotkanie przygotowuj\u0105ce do Pierwszej Komunii \u015awi\u0119tej i Odnowienia Przyrzecze\u0144 Chrzcielnych. Po sumie i modlitwie r\u00f3\u017ca\u0144cowej b\u0119dzie procesja wok\u00f3\u0142 \u015bwi\u0105tyni z racji pierwszej niedzieli pa\u017adziernika.<\/li>\n<li>Rozpocz\u0119li\u015bmy miesi\u0105c pa\u017adziernik \u2013 miesi\u0105c r\u00f3\u017ca\u0144cowej modlitwy, o kt\u00f3rej \u015awi\u0119ty Jan Pawe\u0142 II mawia\u0142, \u017ce mia\u0142a ona wa\u017cne miejsce w jego \u017cyciu duchowym, \u017ce towarzyszy\u0142a mu w\u00a0chwilach rado\u015bci i do\u015bwiadczenia, a o kt\u00f3rej papie\u017c Franciszek dodaje, \u017ce otwiera ona nas na Boga, pomaga przezwyci\u0119\u017cy\u0107 egoizm i wnosi pok\u00f3j w serca, w rodziny, w spo\u0142ecze\u0144stwo i\u00a0w \u015bwiat\u2026, \u017ce to modlitwa, kt\u00f3ra wspiera nas w zmaganiach ze z\u0142em. Zach\u0119ceni tym \u015bwiadectwem, we\u017amy do r\u0105k r\u00f3\u017caniec i m\u00f3dlmy si\u0119, powierzaj\u0105c Bogu blaski i cienie codziennego \u017cycia oraz rozwa\u017cajmy tajemnice z ziemskiego \u017cycia Chrystusa i Jego Matki. Zapraszam na wsp\u00f3lne r\u00f3\u017ca\u0144cowe nabo\u017ce\u0144stwa na godz. 16.30 w dni powszednie. W niedziele modlimy si\u0119 na r\u00f3\u017ca\u0144cu po ka\u017cdej Mszy \u015awi\u0119tej.<\/li>\n<li>W jutrzejszy poniedzia\u0142ek przypada wspomnienie Naj\u015bwi\u0119tszej Maryi Panny R\u00f3\u017ca\u0144cowej ustanowione na pami\u0105tk\u0119 wyproszonego przez modlitw\u0119 r\u00f3\u017ca\u0144cow\u0105 zwyci\u0119stwa floty chrze\u015bcija\u0144skiej pod Lepanto w roku 1571 roku. U\u015bwiadamia to nam po raz kolejny wielk\u0105 moc tej modlitwy, zatem nie zaniedbujmy jej, a raczej piel\u0119gnujmy j\u0105 pieczo\u0142owicie.<\/li>\n<li>W przysz\u0142\u0105 niedziel\u0119 b\u0119dziemy w ca\u0142ym kraju obchodzili Dzie\u0144 Papieski. To wspania\u0142a okazja, aby zag\u0142\u0119bi\u0107 si\u0119 w nauczanie naszego Wielkiego Rodaka \u2013 \u015awi\u0119tego Jana Paw\u0142a II. Chcemy do\u0142o\u017cy\u0107 swoj\u0105 cegie\u0142k\u0119 do budowy \u017cywego pomnika Jana Paw\u0142a II, chcemy materialnie wesprze\u0107 zdoln\u0105, lecz ubog\u0105 m\u0142odzie\u017c, pochodz\u0105c\u0105 ze wsi i ma\u0142ych miasteczek. M\u0142odzi przedstawiciele naszej Parafii b\u0119d\u0105 sta\u0107 przy drzwiach ko\u015bcio\u0142a ze specjalnymi skarbonkami. B\u00f3g zap\u0142a\u0107 za sk\u0142adane ofiary.<\/li>\n<li>W nast\u0119pn\u0105 niedziel\u0119, 13 pa\u017adziernika, b\u0119dziemy prze\u017cywa\u0107 kolejny dzie\u0144 fatimski. Zapraszam na godz. 18.00 na Msz\u0119 \u015awi\u0119t\u0105, r\u00f3\u017caniec i procesje wok\u00f3\u0142 \u015bwi\u0105tyni.<\/li>\n<li>Wczoraj go\u015bcili\u015bmy pielgrzym\u00f3w z diecezji p\u0142ockiej, cz\u0142onk\u00f3w K\u00f3\u0142 \u017bywego R\u00f3\u017ca\u0144ca. G\u0142\u00f3wnym punktem spotkania by\u0142a Eucharystia pod przewodnictwem Biskupa P\u0142ockiego Szymona Stu\u0142kowskiego. Bardzo serdecznie dzi\u0119kuj\u0119 wszystkim, kt\u00f3rzy w\u0142\u0105czyli si\u0119 w przygotowanie i przebieg tej uroczysto\u015bci. Dzi\u0119kuj\u0119 paniom i panom, kt\u00f3rzy pomagali w sprz\u0105taniu ko\u015bcio\u0142a i terenu wok\u00f3\u0142 \u015bwi\u0105tyni. Dzi\u0119kuj\u0119 stra\u017cakom OSP Smardzewo i M\u0142odzie\u017cowej Dru\u017cynie Po\u017carniczej OSP Smardzewo, s\u0142u\u017cbie liturgicznej, ministrantom oraz pracownikom ko\u015bcielnym. Dzi\u0119kuj\u0119 panu Krzysztofowi Morawskiemu za skoszenie trawy przy ko\u015bciele. \u00a0Dzi\u0119kuj\u0119 stra\u017cakom OSP S\u0142oszewo za wypo\u017cyczenie agregatu pr\u0105dotw\u00f3rczego. Dzi\u0119kuj\u0119 wszystkim za wszelkie dobro.<\/li>\n<li>Zach\u0119cam do nabycia prasy katolickiej.<\/li>\n<li>Solenizantom i Jubilatom tego tygodnia pragniemy przekaza\u0107 najserdeczniejsze s\u0142owa \u017cycze\u0144 i pozdrowie\u0144<\/li>\n<li>W minionym tygodniu odszed\u0142 do wieczno\u015bci \u015bw. p. Boles\u0142aw Duszy\u0144ski, kt\u00f3ry prze\u017cy\u0142 77 lat. Od uczestnik\u00f3w pogrzebu b\u0119dzie odprawionych 10 Mszy \u015awi\u0119tych.<\/li>\n<\/ol>\n<p>&nbsp;<\/p>\n<p><strong>W TYM TYGODNIU PATRONUJE NAM:<\/strong><\/p>\n<p>W pi\u0105tek, 11 pa\u017adziernika \u2013 \u015bw. Jan XXIII, \u201ePapie\u017c Dobroci\u201d lub po prostu \u201eDobry Papie\u017c Jan\u201d, kt\u00f3ry zwo\u0142a\u0142 Sob\u00f3r Watyka\u0144ski Drugi, patron nuncjuszy apostolskich.<\/p>\n<p>&nbsp;<\/p>\n","protected":false},"excerpt":{"rendered":"<p>OG\u0141OSZENIA DUSZPASTERSKIE Dzisiaj, po Mszy \u015awi\u0119tej o godz. 9.00 zapraszam dzieci kl. III i IV na spotkanie przygotowuj\u0105ce do Pierwszej Komunii \u015awi\u0119tej i Odnowienia Przyrzecze\u0144 Chrzcielnych. Po sumie i modlitwie r\u00f3\u017ca\u0144cowej b\u0119dzie procesja wok\u00f3\u0142 \u015bwi\u0105tyni z racji pierwszej niedzieli pa\u017adziernika. Rozpocz\u0119li\u015bmy miesi\u0105c pa\u017adziernik \u2013 miesi\u0105c r\u00f3\u017ca\u0144cowej modlitwy, o kt\u00f3rej \u015awi\u0119ty Jan Pawe\u0142 II mawia\u0142, \u017ce &hellip; <\/p>\n<p><a class=\"more-link btn\" href=\"https:\/\/parafiasmardzewo.pl\/?p=9710\">Kontynuuj czytanie<\/a><\/p>\n","protected":false},"author":2,"featured_media":4017,"comment_status":"open","ping_status":"open","sticky":false,"template":"","format":"standard","meta":[],"categories":[2],"tags":[],"_links":{"self":[{"href":"https:\/\/parafiasmardzewo.pl\/index.php?rest_route=\/wp\/v2\/posts\/9710"}],"collection":[{"href":"https:\/\/parafiasmardzewo.pl\/index.php?rest_route=\/wp\/v2\/posts"}],"about":[{"href":"https:\/\/parafiasmardzewo.pl\/index.php?rest_route=\/wp\/v2\/types\/post"}],"author":[{"embeddable":true,"href":"https:\/\/parafiasmardzewo.pl\/index.php?rest_route=\/wp\/v2\/users\/2"}],"replies":[{"embeddable":true,"href":"https:\/\/parafiasmardzewo.pl\/index.php?rest_route=%2Fwp%2Fv2%2Fcomments&post=9710"}],"version-history":[{"count":1,"href":"https:\/\/parafiasmardzewo.pl\/index.php?rest_route=\/wp\/v2\/posts\/9710\/revisions"}],"predecessor-version":[{"id":9711,"href":"https:\/\/parafiasmardzewo.pl\/index.php?rest_route=\/wp\/v2\/posts\/9710\/revisions\/9711"}],"wp:featuredmedia":[{"embeddable":true,"href":"https:\/\/parafiasmardzewo.pl\/index.php?rest_route=\/wp\/v2\/media\/4017"}],"wp:attachment":[{"href":"https:\/\/parafiasmardzewo.pl\/index.php?rest_route=%2Fwp%2Fv2%2Fmedia&parent=9710"}],"wp:term":[{"taxonomy":"category","embeddable":true,"href":"https:\/\/parafiasmardzewo.pl\/index.php?rest_route=%2Fwp%2Fv2%2Fcategories&post=9710"},{"taxonomy":"post_tag","embeddable":true,"href":"https:\/\/parafiasmardzewo.pl\/index.php?rest_route=%2Fwp%2Fv2%2Ftags&post=9710"}],"curies":[{"name":"wp","href":"https:\/\/api.w.org\/{rel}","templated":true}]}}