{"id":9715,"date":"2024-10-12T13:29:58","date_gmt":"2024-10-12T11:29:58","guid":{"rendered":"https:\/\/parafiasmardzewo.pl\/?p=9715"},"modified":"2024-10-12T13:29:58","modified_gmt":"2024-10-12T11:29:58","slug":"dwudziesta-osma-niedziela-w-ciagu-13-pazdziernika-2024","status":"publish","type":"post","link":"https:\/\/parafiasmardzewo.pl\/?p=9715","title":{"rendered":"DWUDZIESTA \u00d3SMA NIEDZIELA W CI\u0104GU &#8211; 13 pa\u017adziernika 2024"},"content":{"rendered":"<p><strong>OG\u0141OSZENIA DUSZPASTERSKIE<\/strong><\/p>\n<ol>\n<li>Dzisiaj po raz 24. obchodzimy w ca\u0142ym kraju Dzie\u0144 Papieski. To wspania\u0142a okazja, aby zag\u0142\u0119bi\u0107 si\u0119 w dzie\u0142o \u017cycia naszego Wielkiego Rodaka \u2013 \u015awi\u0119tego Jana Paw\u0142a II. Jednocze\u015bnie pragniemy do\u0142o\u017cy\u0107 swoj\u0105 cegie\u0142k\u0119 do budowy \u017cywego pomnika Jana Paw\u0142a II, chcemy materialnie wesprze\u0107 zdoln\u0105, lecz ubog\u0105 m\u0142odzie\u017c, pochodz\u0105c\u0105 ze wsi i ma\u0142ych miasteczek. M\u0142odzi przedstawiciele naszej parafii czekaj\u0105 przy drzwiach ko\u015bcio\u0142a ze specjalnymi skarbonkami. B\u00f3g zap\u0142a\u0107 za sk\u0142adane ofiary.<\/li>\n<li>Dzisiaj r\u00f3wnie\u017c, z racji trzynastego dnia miesi\u0105ca, chcemy uczci\u0107 Pani\u0105 Fatimsk\u0105, T\u0119, kt\u00f3rej nasz Wielki Rodak zawdzi\u0119cza ocalenie w zamachu z 1981 roku. O godz. 18. 00 zostanie odprawiona dodatkowa Msza \u015awi\u0119ta, po kt\u00f3rej odm\u00f3wimy r\u00f3\u017caniec i we\u017amiemy udzia\u0142 w procesji wok\u00f3\u0142 \u015bwi\u0105tyni.<\/li>\n<li>Pa\u017adziernik to miesi\u0105c r\u00f3\u017ca\u0144cowej modlitwy, o kt\u00f3rej \u015awi\u0119ty Jan Pawe\u0142 II mawia\u0142, \u017ce to modlitwa, kt\u00f3r\u0105 bardzo ukocha\u0142. My tak\u017ce wzbud\u017amy pragnienie umi\u0142owania tej modlitwy. Niech pomo\u017ce nam w tym udzia\u0142 w nabo\u017ce\u0144stwach r\u00f3\u017ca\u0144cowych, kt\u00f3re odprawiamy ka\u017cdego dnia o\u00a0godz. 16.30.<\/li>\n<li>W jutrzejszy poniedzia\u0142ek, 14 pa\u017adziernika, przypada Dzie\u0144 Edukacji Narodowej. W naszych modlitwach nie zapominajmy o tych, kt\u00f3rzy trudz\u0105 si\u0119 nad kszta\u0142towaniem wiedzy i postaw m\u0142odego pokolenia w naszym kraju. W ich intencji b\u0119dziemy si\u0119 modli\u0107 szczeg\u00f3lnie na nabo\u017ce\u0144stwie r\u00f3\u017ca\u0144cowym po wieczornej Eucharystii, na kt\u00f3re serdecznie zapraszam parafian i czcicieli Matki Bo\u017cej Smardzewskiej.<\/li>\n<li>Natomiast w pi\u0105tek, 18 pa\u017adziernika, w liturgiczne \u015bwi\u0119to \u015awi\u0119tego \u0141ukasza Ewangelisty, na wieczornej Mszy \u015awi\u0119tej i nabo\u017ce\u0144stwie r\u00f3\u017ca\u0144cowym b\u0119dziemy si\u0119 modli\u0107 w intencji pracownik\u00f3w s\u0142u\u017cby zdrowia: lekarzy, piel\u0119gniarek i wszystkich pos\u0142uguj\u0105cych chorym w szpitalach, hospicjach i domach rodzinnych.<\/li>\n<li>Dzisiaj, po Mszy \u015awi\u0119tej o godz. 9.00 b\u0119dzie spotkanie z dzie\u0107mi kl. III i IV.<\/li>\n<li>Zach\u0119cam do nabycia prasy katolickiej: <strong><em>Go\u015b\u0107 Niedzielny<\/em><\/strong>, <strong><em>Go\u015b\u0107 Exstra<\/em><\/strong> &#8211; dwumiesi\u0119cznik po\u015bwi\u0119cony b\u0142ogos\u0142awionemu ks. Jerzemu Popie\u0142uszce z racji 40. rocznicy m\u0119cze\u0144skiej \u015bmierci, miesi\u0119cznik <strong><em>R\u00f3\u017caniec<\/em><\/strong> dla zelatorek \u017bywego R\u00f3\u017ca\u0144ca.<\/li>\n<li>Solenizantom i Jubilatom tygodnia przekazujemy najserdeczniejsze \u017cyczenia. Zmar\u0142ych ostatnio Parafian polecamy dobroci i mi\u0142osierdziu Boga\u2026<\/li>\n<\/ol>\n<p><strong>W TYM TYGODNIU PATRONUJ\u0104 NAM:<\/strong><\/p>\n<p>[Dzisiaj, w niedziel\u0119, 13 pa\u017adziernika <strong>\u2013 b\u0142. Honorat Ko\u017ami\u0144ski<\/strong>, kap\u0142an i zakonnik, za\u0142o\u017cyciel zgromadze\u0144 \u201ebezhabitowych\u201d i \u201em\u0119czennik konfesjona\u0142u\u201d].<\/p>\n<p>We wtorek, 15 pa\u017adziernika \u2013 \u015bw. Teresa od Jezusa, wielka mistyczka karmelita\u0144ska, reformatorka karmelita\u0144skiej rodziny zakonnej, og\u0142oszona przez \u015bw. Paw\u0142a VI doktorem Ko\u015bcio\u0142a i nazwana przez niego \u201edoktorem mistycznym\u201d.<\/p>\n<p>W \u015brod\u0119, 16 pa\u017adziernika \u2013 <strong>\u015bw. Jadwiga \u015al\u0105ska,<\/strong> kt\u00f3ra zas\u0142yn\u0119\u0142a z wielkiej dobroci, mi\u0142o\u015bci i\u00a0mi\u0142osierdzia wobec poddanych oraz potrafi\u0142a poskromi\u0107 surowo\u015b\u0107 swojego m\u0119\u017ca, ksi\u0119cia Henryka Brodatego.<\/p>\n<p>W czwartek, 17 pa\u017adziernika \u2013 <strong>\u015bw. Ignacy Antioche\u0144ski,<\/strong> kt\u00f3ry w kilku swoich listach wy\u0142o\u017cy\u0142 nauk\u0119 o Chrystusie, Ko\u015bciele i \u017cyciu chrze\u015bcija\u0144skim.<\/p>\n<p>W pi\u0105tek, 18 pa\u017adziernika \u2013 <strong>\u015bw. \u0141ukasz,<\/strong> Ewangelista, ucze\u0144 i towarzysz \u015bw. Paw\u0142a Aposto\u0142a, autor Ewangelii i Dziej\u00f3w Apostolskich, w kt\u00f3rych opisa\u0142 \u017cycie pierwotnego Ko\u015bcio\u0142a.<\/p>\n<p>W sobot\u0119, 19 pa\u017adziernika \u2013 <strong>b\u0142. Jerzy Popie\u0142uszko<\/strong>, kap\u0142an i m\u0119czennik, kt\u00f3ry w swoim \u017cyciu stara\u0142 si\u0119 nieustannie realizowa\u0107 my\u015bl z listu do Rzymian: <strong>\u201eNie daj si\u0119 zwyci\u0119\u017cy\u0107 z\u0142u, ale z\u0142o dobrem zwyci\u0119\u017caj!\u201d.<\/strong><\/p>\n<p>&nbsp;<\/p>\n","protected":false},"excerpt":{"rendered":"<p>OG\u0141OSZENIA DUSZPASTERSKIE Dzisiaj po raz 24. obchodzimy w ca\u0142ym kraju Dzie\u0144 Papieski. To wspania\u0142a okazja, aby zag\u0142\u0119bi\u0107 si\u0119 w dzie\u0142o \u017cycia naszego Wielkiego Rodaka \u2013 \u015awi\u0119tego Jana Paw\u0142a II. Jednocze\u015bnie pragniemy do\u0142o\u017cy\u0107 swoj\u0105 cegie\u0142k\u0119 do budowy \u017cywego pomnika Jana Paw\u0142a II, chcemy materialnie wesprze\u0107 zdoln\u0105, lecz ubog\u0105 m\u0142odzie\u017c, pochodz\u0105c\u0105 ze wsi i ma\u0142ych miasteczek. M\u0142odzi &hellip; <\/p>\n<p><a class=\"more-link btn\" href=\"https:\/\/parafiasmardzewo.pl\/?p=9715\">Kontynuuj czytanie<\/a><\/p>\n","protected":false},"author":2,"featured_media":4017,"comment_status":"open","ping_status":"open","sticky":false,"template":"","format":"standard","meta":[],"categories":[2],"tags":[],"_links":{"self":[{"href":"https:\/\/parafiasmardzewo.pl\/index.php?rest_route=\/wp\/v2\/posts\/9715"}],"collection":[{"href":"https:\/\/parafiasmardzewo.pl\/index.php?rest_route=\/wp\/v2\/posts"}],"about":[{"href":"https:\/\/parafiasmardzewo.pl\/index.php?rest_route=\/wp\/v2\/types\/post"}],"author":[{"embeddable":true,"href":"https:\/\/parafiasmardzewo.pl\/index.php?rest_route=\/wp\/v2\/users\/2"}],"replies":[{"embeddable":true,"href":"https:\/\/parafiasmardzewo.pl\/index.php?rest_route=%2Fwp%2Fv2%2Fcomments&post=9715"}],"version-history":[{"count":1,"href":"https:\/\/parafiasmardzewo.pl\/index.php?rest_route=\/wp\/v2\/posts\/9715\/revisions"}],"predecessor-version":[{"id":9716,"href":"https:\/\/parafiasmardzewo.pl\/index.php?rest_route=\/wp\/v2\/posts\/9715\/revisions\/9716"}],"wp:featuredmedia":[{"embeddable":true,"href":"https:\/\/parafiasmardzewo.pl\/index.php?rest_route=\/wp\/v2\/media\/4017"}],"wp:attachment":[{"href":"https:\/\/parafiasmardzewo.pl\/index.php?rest_route=%2Fwp%2Fv2%2Fmedia&parent=9715"}],"wp:term":[{"taxonomy":"category","embeddable":true,"href":"https:\/\/parafiasmardzewo.pl\/index.php?rest_route=%2Fwp%2Fv2%2Fcategories&post=9715"},{"taxonomy":"post_tag","embeddable":true,"href":"https:\/\/parafiasmardzewo.pl\/index.php?rest_route=%2Fwp%2Fv2%2Ftags&post=9715"}],"curies":[{"name":"wp","href":"https:\/\/api.w.org\/{rel}","templated":true}]}}