{"id":9720,"date":"2024-10-19T20:48:54","date_gmt":"2024-10-19T18:48:54","guid":{"rendered":"https:\/\/parafiasmardzewo.pl\/?p=9720"},"modified":"2024-10-19T20:53:47","modified_gmt":"2024-10-19T18:53:47","slug":"dwudziesta-dziewiata-niedziela-w-ciagu-roku-20-x-2024","status":"publish","type":"post","link":"https:\/\/parafiasmardzewo.pl\/?p=9720","title":{"rendered":"DWUDZIESTA DZIEWI\u0104TA NIEDZIELA W CI\u0104GU ROKU- 20 X 2024"},"content":{"rendered":"<p><strong>OG\u0141OSZENIA DUSZPASTERSKIE<\/strong><\/p>\n<ol>\n<li>Dzisiaj, po Eucharystii o godz. 9.00 zapraszam uczni\u00f3w kl. III i IV na spotkanie przygotowuj\u0105ce do Pierwszej Komunii \u015awi\u0119tej (kl. III) i Odnowienia Przyrzecze\u0144 Chrzcielnych (kl. IV).<\/li>\n<li>Obchodzimy dzisiaj \u015awiatowy Dzie\u0144 Misyjny. W tym dniu nasz\u0105 modlitw\u0105, a tak\u017ce materialn\u0105 ofiar\u0105 mo\u017cemy wspom\u00f3c wszystkich, kt\u00f3rzy anga\u017cuj\u0105 si\u0119 w dzie\u0142o misyjne Ko\u015bcio\u0142a \u2013 misjonarki i misjonarzy \u015bwieckich i duchownych oraz ich r\u00f3\u017cnorak\u0105 dzia\u0142alno\u015b\u0107. Taca z dzisiejszej niedzieli jest przeznaczona w\u0142a\u015bnie na ten cel. B\u00f3g zap\u0142a\u0107 za z\u0142o\u017cone ofiary!<\/li>\n<li>\u201eModlitwa r\u00f3\u017ca\u0144cowa \u2013 jak przed laty powiada\u0142 Prymas Polski mi\u0119dzywojennej \u2013 jest modlitw\u0105 pot\u0119\u017cn\u0105\u201d. Uwa\u017ca\u0142 te\u017c, \u017ce \u201eka\u017cdy Polak powinien odmawia\u0107 r\u00f3\u017caniec\u201d, bo \u201et\u0105 broni\u0105 pokonamy z\u0142o\u201d. Zatem zapraszam ka\u017cdego dnia po Mszy \u015awi\u0119tej o godz. 16.00 na wsp\u00f3lne r\u00f3\u017ca\u0144cowe nabo\u017ce\u0144stwa.<\/li>\n<li>We wtorek, 22 pa\u017adziernika, Ko\u015bci\u00f3\u0142 w liturgii wspomina \u015awi\u0119tego Jana Paw\u0142a II. Jest to rocznica inauguracji jego pontyfikatu, podczas kt\u00f3rej pad\u0142y s\u0142owa zach\u0119ty do odwagi i\u00a0otwarcia drzwi Chrystusowi. W tym dniu przypada tak\u017ce 76. rocznica \u015bmierci innego Wielkiego Polaka \u2013 Prymasa Polski, Czcigodnego S\u0142ugi Bo\u017cego kard. Augusta Hlonda SDB. Dzie\u0142o \u017cycia i my\u015bli tych naszych Rodak\u00f3w towarzyszy\u0107 nam b\u0119d\u0105 w czasie r\u00f3\u017ca\u0144cowych rozwa\u017ca\u0144, a w\u015br\u00f3d intencji \u2013 pro\u015bba o cud za wstawiennictwem S\u0142ugi Bo\u017cego i o jego rych\u0142\u0105 beatyfikacj\u0119.<\/li>\n<li>Zbli\u017ca si\u0119 miesi\u0105c listopad, kt\u00f3ry po\u015bwi\u0119cony jest modlitwie za naszych zmar\u0142ych. Mo\u017cna zamawia\u0107 wypominki za zmar\u0142ych, kt\u00f3re b\u0119dziemy czyta\u0107 i modli\u0107 si\u0119 za zmar\u0142ych od<\/li>\n<li>Na cmentarzu jest zainstalowana kamera w miejscu, gdzie sk\u0142adamy wypalone znicze i zniszczone wie\u0144ce do pojemnik\u00f3w. Za kilka dni b\u0119dzie te\u017c zainstalowana lampa solarna. Koszt zakupu kamery i lampy oraz zainstalowanie tych urz\u0105dze\u0144 wynosi 3000,00 z\u0142otych.<\/li>\n<li>Zach\u0119cam do nabycia prasy katolickiej. W <strong><em>Go\u015bciu Niedzielnym<\/em><\/strong> jest sporo informacji o 40. rocznicy m\u0119cze\u0144skiej \u015bmierci b\u0142ogos\u0142awionego ks. Jerzego Popie\u0142uszki.<\/li>\n<li>W miniony pi\u0105tek odby\u0142 si\u0119 pogrzeb \u015bw. p. J\u00f3zefa D\u0105browskiego, kt\u00f3ry prze\u017cy\u0142\u00a0 68 lat. Od uczestnik\u00f3w pogrzebu b\u0119dzie odprawionych 5 Mszy \u015awi\u0119tych.<\/li>\n<li>Wszystkich obchodz\u0105cych urodziny i imieniny zapewniamy o \u017cyczliwo\u015bci i modlitwie.<\/li>\n<\/ol>\n<p><strong>W TYM TYGODNIU PATRONUJ\u0104 NAM:\u00a0 \u00a0 \u00a0 \u00a0 \u00a0 \u00a0 \u00a0 \u00a0 \u00a0 \u00a0 \u00a0 \u00a0 \u00a0 \u00a0 \u00a0 \u00a0 \u00a0 \u00a0 \u00a0 \u00a0 \u00a0 \u00a0 \u00a0 \u00a0 \u00a0 \u00a0 \u00a0 \u00a0 \u00a0 \u00a0 \u00a0 \u00a0 \u00a0 \u00a0 \u00a0 \u00a0 \u00a0 \u00a0 \u00a0 \u00a0 \u00a0 \u00a0 \u00a0 \u00a0 \u00a0 \u00a0 \u00a0 \u00a0 \u00a0 \u00a0 \u00a0 \u00a0 \u00a0 \u00a0 \u00a0 \u00a0 \u00a0 \u00a0 \u00a0 \u00a0 \u00a0 \u00a0 \u00a0 \u00a0 \u00a0 \u00a0 \u00a0 \u00a0 \u00a0 \u00a0 \u00a0 \u00a0 \u00a0 \u00a0 <\/strong>[Dzisiaj, w niedziel\u0119, 20 pa\u017adziernika \u2013 <strong>\u015bw. Jan Kanty,<\/strong> najpierw student, a nast\u0119pnie profesor Uniwersytetu Jagiello\u0144skiego, kap\u0142an odznaczaj\u0105cy si\u0119 wielkim mi\u0142osierdziem dla ubogich, pracowito\u015bci\u0105 i prawdom\u00f3wno\u015bci\u0105].<\/p>\n","protected":false},"excerpt":{"rendered":"<p>OG\u0141OSZENIA DUSZPASTERSKIE Dzisiaj, po Eucharystii o godz. 9.00 zapraszam uczni\u00f3w kl. III i IV na spotkanie przygotowuj\u0105ce do Pierwszej Komunii \u015awi\u0119tej (kl. III) i Odnowienia Przyrzecze\u0144 Chrzcielnych (kl. IV). Obchodzimy dzisiaj \u015awiatowy Dzie\u0144 Misyjny. W tym dniu nasz\u0105 modlitw\u0105, a tak\u017ce materialn\u0105 ofiar\u0105 mo\u017cemy wspom\u00f3c wszystkich, kt\u00f3rzy anga\u017cuj\u0105 si\u0119 w dzie\u0142o misyjne Ko\u015bcio\u0142a \u2013 misjonarki &hellip; <\/p>\n<p><a class=\"more-link btn\" href=\"https:\/\/parafiasmardzewo.pl\/?p=9720\">Kontynuuj czytanie<\/a><\/p>\n","protected":false},"author":2,"featured_media":4017,"comment_status":"open","ping_status":"open","sticky":false,"template":"","format":"standard","meta":[],"categories":[2],"tags":[],"_links":{"self":[{"href":"https:\/\/parafiasmardzewo.pl\/index.php?rest_route=\/wp\/v2\/posts\/9720"}],"collection":[{"href":"https:\/\/parafiasmardzewo.pl\/index.php?rest_route=\/wp\/v2\/posts"}],"about":[{"href":"https:\/\/parafiasmardzewo.pl\/index.php?rest_route=\/wp\/v2\/types\/post"}],"author":[{"embeddable":true,"href":"https:\/\/parafiasmardzewo.pl\/index.php?rest_route=\/wp\/v2\/users\/2"}],"replies":[{"embeddable":true,"href":"https:\/\/parafiasmardzewo.pl\/index.php?rest_route=%2Fwp%2Fv2%2Fcomments&post=9720"}],"version-history":[{"count":4,"href":"https:\/\/parafiasmardzewo.pl\/index.php?rest_route=\/wp\/v2\/posts\/9720\/revisions"}],"predecessor-version":[{"id":9724,"href":"https:\/\/parafiasmardzewo.pl\/index.php?rest_route=\/wp\/v2\/posts\/9720\/revisions\/9724"}],"wp:featuredmedia":[{"embeddable":true,"href":"https:\/\/parafiasmardzewo.pl\/index.php?rest_route=\/wp\/v2\/media\/4017"}],"wp:attachment":[{"href":"https:\/\/parafiasmardzewo.pl\/index.php?rest_route=%2Fwp%2Fv2%2Fmedia&parent=9720"}],"wp:term":[{"taxonomy":"category","embeddable":true,"href":"https:\/\/parafiasmardzewo.pl\/index.php?rest_route=%2Fwp%2Fv2%2Fcategories&post=9720"},{"taxonomy":"post_tag","embeddable":true,"href":"https:\/\/parafiasmardzewo.pl\/index.php?rest_route=%2Fwp%2Fv2%2Ftags&post=9720"}],"curies":[{"name":"wp","href":"https:\/\/api.w.org\/{rel}","templated":true}]}}