{"id":9732,"date":"2024-10-26T21:13:45","date_gmt":"2024-10-26T19:13:45","guid":{"rendered":"https:\/\/parafiasmardzewo.pl\/?p=9732"},"modified":"2024-10-26T21:14:14","modified_gmt":"2024-10-26T19:14:14","slug":"rocznica-poswiecenia-wlasnego-kosciola-27-x-2024","status":"publish","type":"post","link":"https:\/\/parafiasmardzewo.pl\/?p=9732","title":{"rendered":"ROCZNICA PO\u015aWI\u0118CENIA W\u0141ASNEGO KO\u015aCIO\u0141A &#8211; 27 X 2024"},"content":{"rendered":"<p><strong>OG\u0141OSZENIA DUSZPASTERSKIE<\/strong><\/p>\n<ol>\n<li>\u201e<strong>Ko\u015bci\u00f3\u0142 to nie tylko dom z kamieni i z\u0142ota, Ko\u015bci\u00f3\u0142 \u017cywy i prawdziwy to jest serc wsp\u00f3lnota\u2026\u201d<\/strong> \u2013 \u015bpiewamy w jednej z pie\u015bni i w spos\u00f3b szczeg\u00f3lny t\u0119 prawd\u0119 pragniemy sobie u\u015bwiadomi\u0107, obchodz\u0105c uroczysto\u015b\u0107 Rocznicy po\u015bwi\u0119cenia naszego ko\u015bcio\u0142a. Cho\u0107 to data umowna, chcemy przez ka\u017cdorazowy udzia\u0142 w Eucharystii wsp\u00f3lnot\u0119 Ko\u015bcio\u0142a, wsp\u00f3lnot\u0119 braci i si\u00f3str w jednej wierze tworzy\u0107 i umacnia\u0107.<\/li>\n<li>Do ko\u0144ca pa\u017adziernika zapraszam na nabo\u017ce\u0144stwa r\u00f3\u017ca\u0144cowe o godz. 16.30.<\/li>\n<li>Czcigodny S\u0142uga Bo\u017cy kard. August Hlond SDB powiedzia\u0142 przed laty: <strong>\u201eNie tylko w\u00a0miesi\u0105cu pa\u017adzierniku odmawiajmy r\u00f3\u017caniec, ale niech ten pobo\u017cny zwyczaj przeniesie si\u0119 na miesi\u0105c nast\u0119pny i wszystkie miesi\u0105ce roku. Niech ta modlitwa stanie si\u0119 naszym ulubionym zaj\u0119ciem, niech rozbrzmiewa w ko\u015bcio\u0142ach, kaplicach, i owszem, niech jej szept s\u0142yszany b\u0119dzie w domach rodzinnych i warsztatach pracy\u201d.<\/strong> Niech te s\u0142owa stan\u0105 si\u0119 zach\u0119t\u0105, aby modlitwa r\u00f3\u017ca\u0144cowa by\u0142a sta\u0142ym punktem programu naszego dnia.<\/li>\n<li>W tym tygodniu przypadaj\u0105: czwartek przed pierwszym pi\u0105tkiem, pierwszy pi\u0105tek i\u00a0pierwsza sobota miesi\u0105ca. W czwartek zapraszam na modlitw\u0119 w intencji tych, kt\u00f3rzy po\u015bwi\u0119cili si\u0119 na wy\u0142\u0105czn\u0105 s\u0142u\u017cb\u0119 Bogu w Jego Ko\u015bciele, oraz o nowe powo\u0142ania do tej s\u0142u\u017cby. W pi\u0105tek po Mszy o godz. 8.00 adoracja Naj\u015bwi\u0119tszego Sakramentu zako\u0144czona nabo\u017ce\u0144stwem ku czci Serca Pana Jezusa; w tym te\u017c czasie okazja do spowiedzi \u015bwi\u0119tej.<\/li>\n<li>W sobot\u0119 r\u00f3\u017ca\u0144cowa modlitwa za zmar\u0142ych po Mszy \u015awi\u0119tej o godz. 16.00 na cmentarzu. W pi\u0105tek, 1 listopada, obchodzimy uroczysto\u015b\u0107 Wszystkich \u015awi\u0119tych. W tym dniu chcemy odda\u0107 cze\u015b\u0107 wszystkim wyznawcom Chrystusa, kt\u00f3rzy po dobrym i uczciwym \u017cyciu osi\u0105gn\u0119li wieczne z Nim zjednoczenie w Jego kr\u00f3lestwie. Ta uroczysto\u015b\u0107 to r\u00f3wnie\u017c przypomnienie, \u017ce ka\u017cdy chrze\u015bcijanin jest powo\u0142any do \u015bwi\u0119to\u015bci, \u017ce niebo jest nasz\u0105 prawdziw\u0105 ojczyzn\u0105. <strong>Msze \u015awi\u0119te w naszym ko\u015bciele o godz. 8.00 i 10.00. Po Eucharystii o godz. 10.00 wyruszy \u00a0procesja \u017ca\u0142obna \u00a0na cmentarz, \u00a0b\u0119dziemy modli\u0107 si\u0119 za zmar\u0142ych. \u00a0Wsp\u00f3lne nabo\u017ce\u0144stwo \u017ca\u0142obne zako\u0144czymy b\u0142ogos\u0142awie\u0144stwem przy krzy\u017cu na cmentarzu<\/strong>.<\/li>\n<li>O godz. 17.00 zapraszam na cmentarz na modlitw\u0119 r\u00f3\u017ca\u0144cow\u0105 za zmar\u0142ych. Nie obowi\u0105zuje nas w tym dniu wstrzemi\u0119\u017aliwo\u015b\u0107 od pokarm\u00f3w mi\u0119snych.<\/li>\n<li>W sobot\u0119, 2 listopada, przypada wspomnienie Wszystkich Wiernych Zmar\u0142ych. Modlimy si\u0119 w tym dniu za wszystkich, kt\u00f3rzy nas poprzedzili w drodze do wieczno\u015bci; modlimy si\u0119 za wszystkich zmar\u0142ych, a w spos\u00f3b szczeg\u00f3lny za tych, kt\u00f3rzy przez proces oczyszczenia w\u00a0czy\u015b\u0107cowym ogniu oczekuj\u0105 wiecznego zjednoczenia z Panem. Na mocy specjalnego papieskiego przywileju ka\u017cdy kap\u0142an mo\u017ce sprawowa\u0107 trzy Msze \u015awi\u0119te pod specjalnymi warunkami, dlatego te\u017c w naszym ko\u015bciele b\u0119dzie nast\u0119puj\u0105cy porz\u0105dek Mszy \u015awi\u0119tych o godz. 10.00 i 16.00. Po Eucharystii o godz. 16.00 p\u00f3jdziemy w procesji na cmentarz.<\/li>\n<li>Od 1 do 8 listopada, ka\u017cdorazowo odwiedzaj\u0105c cmentarz i odmawiaj\u0105c modlitw\u0119 za zmar\u0142ych, mo\u017cemy uzyska\u0107 dla nich odpust zupe\u0142ny, czyli darowanie kary za grzechy odpuszczone co do winy. Trzeba ponadto by\u0107 w stanie \u0142aski u\u015bwi\u0119caj\u0105cej, przyj\u0105\u0107 sakramentaln\u0105 Komuni\u0119 \u015awi\u0119t\u0105, posiada\u0107 brak jakiegokolwiek przywi\u0105zania do grzechu oraz pomodli\u0107 si\u0119 w intencjach papieskich. Nie zaniedbujmy tej pobo\u017cnej praktyki \u2013 dzi\u0119ki niej mo\u017cemy pom\u00f3c tym wszystkim, kt\u00f3rzy nas poprzedzili w drodze do Domu Ojca.<\/li>\n<li>Zach\u0119cam do nabycia prasy katolickiej.<\/li>\n<li>Pozdrawiamy serdecznie Solenizant\u00f3w i Jubilat\u00f3w tygodnia, przekazuj\u0105c im najlepsze \u017cyczenia.<\/li>\n<\/ol>\n<p><strong>\u00a0<\/strong><strong>W TYM TYGODNIU PATRONUJ\u0104 NAM:<\/strong><\/p>\n<p>W poniedzia\u0142ek, 28 pa\u017adziernika \u2013 \u015awi\u0119ci Aposto\u0142owie Szymon Gorliwy i Juda Tadeusz, wymieniani w \u201ekatalogu\u201d Aposto\u0142\u00f3w jako krewni Pana Jezusa, kt\u00f3rzy, wed\u0142ug niekt\u00f3rych pisarzy wczesnochrze\u015bcija\u0144skich, mieli razem g\u0142osi\u0107 Ewangeli\u0119 i ponie\u015b\u0107 \u015bmier\u0107 m\u0119cze\u0144sk\u0105.<\/p>\n<p>&nbsp;<\/p>\n","protected":false},"excerpt":{"rendered":"<p>OG\u0141OSZENIA DUSZPASTERSKIE \u201eKo\u015bci\u00f3\u0142 to nie tylko dom z kamieni i z\u0142ota, Ko\u015bci\u00f3\u0142 \u017cywy i prawdziwy to jest serc wsp\u00f3lnota\u2026\u201d \u2013 \u015bpiewamy w jednej z pie\u015bni i w spos\u00f3b szczeg\u00f3lny t\u0119 prawd\u0119 pragniemy sobie u\u015bwiadomi\u0107, obchodz\u0105c uroczysto\u015b\u0107 Rocznicy po\u015bwi\u0119cenia naszego ko\u015bcio\u0142a. Cho\u0107 to data umowna, chcemy przez ka\u017cdorazowy udzia\u0142 w Eucharystii wsp\u00f3lnot\u0119 Ko\u015bcio\u0142a, wsp\u00f3lnot\u0119 braci i &hellip; <\/p>\n<p><a class=\"more-link btn\" href=\"https:\/\/parafiasmardzewo.pl\/?p=9732\">Kontynuuj czytanie<\/a><\/p>\n","protected":false},"author":2,"featured_media":5378,"comment_status":"open","ping_status":"open","sticky":false,"template":"","format":"standard","meta":[],"categories":[2],"tags":[],"_links":{"self":[{"href":"https:\/\/parafiasmardzewo.pl\/index.php?rest_route=\/wp\/v2\/posts\/9732"}],"collection":[{"href":"https:\/\/parafiasmardzewo.pl\/index.php?rest_route=\/wp\/v2\/posts"}],"about":[{"href":"https:\/\/parafiasmardzewo.pl\/index.php?rest_route=\/wp\/v2\/types\/post"}],"author":[{"embeddable":true,"href":"https:\/\/parafiasmardzewo.pl\/index.php?rest_route=\/wp\/v2\/users\/2"}],"replies":[{"embeddable":true,"href":"https:\/\/parafiasmardzewo.pl\/index.php?rest_route=%2Fwp%2Fv2%2Fcomments&post=9732"}],"version-history":[{"count":2,"href":"https:\/\/parafiasmardzewo.pl\/index.php?rest_route=\/wp\/v2\/posts\/9732\/revisions"}],"predecessor-version":[{"id":9734,"href":"https:\/\/parafiasmardzewo.pl\/index.php?rest_route=\/wp\/v2\/posts\/9732\/revisions\/9734"}],"wp:featuredmedia":[{"embeddable":true,"href":"https:\/\/parafiasmardzewo.pl\/index.php?rest_route=\/wp\/v2\/media\/5378"}],"wp:attachment":[{"href":"https:\/\/parafiasmardzewo.pl\/index.php?rest_route=%2Fwp%2Fv2%2Fmedia&parent=9732"}],"wp:term":[{"taxonomy":"category","embeddable":true,"href":"https:\/\/parafiasmardzewo.pl\/index.php?rest_route=%2Fwp%2Fv2%2Fcategories&post=9732"},{"taxonomy":"post_tag","embeddable":true,"href":"https:\/\/parafiasmardzewo.pl\/index.php?rest_route=%2Fwp%2Fv2%2Ftags&post=9732"}],"curies":[{"name":"wp","href":"https:\/\/api.w.org\/{rel}","templated":true}]}}