{"id":9735,"date":"2024-10-26T21:26:23","date_gmt":"2024-10-26T19:26:23","guid":{"rendered":"https:\/\/parafiasmardzewo.pl\/?p=9735"},"modified":"2024-10-26T22:11:31","modified_gmt":"2024-10-26T20:11:31","slug":"msze-swiete-od-28-x-3-xi-2024-roku","status":"publish","type":"post","link":"https:\/\/parafiasmardzewo.pl\/?p=9735","title":{"rendered":"Msze \u015awi\u0119te od 28 X &#8211; 3 XI 2024 roku"},"content":{"rendered":"<p><strong>Poniedzia\u0142ek<\/strong><\/p>\n<p style=\"text-align: left;\">godz. 7.30 +\u00a0 Marianna Kamaszewska\u2013 int. p<\/p>\n<p style=\"text-align: left;\"><strong>godz. 16.00 <\/strong>+ Tadeusz Za\u0142\u0119cki<\/p>\n<p style=\"text-align: left;\"><strong>Wtorek <\/strong><\/p>\n<p style=\"text-align: left;\"><strong>godz. 7.30<\/strong> + \u00a0Barbara Jegli\u0144ska\u00a0 \u2013 int. p.<\/p>\n<p style=\"text-align: left;\"><strong>godz. 16.00<\/strong> + Piotr Jasi\u0144ski \u2013 int. p.<\/p>\n<p style=\"text-align: left;\"><strong>\u015aroda<\/strong><\/p>\n<p style=\"text-align: left;\"><strong>godz. 16.00<\/strong> + \u00a0Boles\u0142aw Duszy\u0144ski \u2013 int. p.<\/p>\n<p style=\"text-align: left;\"><strong>Czwartek<\/strong><\/p>\n<p style=\"text-align: left;\"><strong>godz. 16.00 + <\/strong>\u00a0Karol \u015awiderski \u2013 int. p.<\/p>\n<p style=\"text-align: left;\"><strong>Pi\u0105tek<\/strong><\/p>\n<p style=\"text-align: left;\"><strong>godz. 8.00 <\/strong>Za zmar\u0142ych z rodziny; 2) W intencji parafian i go\u015bci<\/p>\n<p style=\"text-align: left;\"><strong>godz. 10.00<\/strong> Za zmar\u0142ych; 2) + Ks. Stanis\u0142aw Zakrzewski, ks. Jerzy Szczepanik, Ks. Stanis\u0142aw Szulc<\/p>\n<p style=\"text-align: left;\"><strong>godz. 17.00<\/strong>\u00a0 R\u00f3\u017caniec na cmentarzu<\/p>\n<p style=\"text-align: left;\"><strong>Sobota<\/strong><\/p>\n<p style=\"text-align: left;\"><strong>godz. 10.00<\/strong> + \u00a0Marian We\u0142na, Krzysztof We\u0142na; 2) Za zmar\u0142ych z rodziny<\/p>\n<p style=\"text-align: left;\"><strong>godz. 16.00<\/strong> \u00a0+ \u00a0Za wszystkich wiernych zmar\u0142ych; 2) Za zmar\u0142e cz\u0142onkinie Ko\u0142a \u017bywego R\u00f3\u017ca\u0144ca ze Smardzewa<\/p>\n<p style=\"text-align: left;\"><strong>Niedziela<\/strong><\/p>\n<p style=\"text-align: left;\"><strong> godz. 9.00 <\/strong>\u00a0+\u00a0 <strong>godz. 9.00<\/strong> + Ks. Krzysztof Brzuska; 2) W intencji parafian i go\u015bci<\/p>\n<p style=\"text-align: left;\"><strong>godz. 10.45 <\/strong>\u00a0+ <strong>godz. 10.45<\/strong> + Danuta Porkuszewska 2) Za zmar\u0142ych z rodziny Gutowskich<\/p>\n<p style=\"text-align: left;\"><strong>godz. 16.00 <\/strong>+ Jan Zimakowski; 2) + Kazimierz Sikorski<\/p>\n","protected":false},"excerpt":{"rendered":"<p>Poniedzia\u0142ek godz. 7.30 +\u00a0 Marianna Kamaszewska\u2013 int. p godz. 16.00 + Tadeusz Za\u0142\u0119cki Wtorek godz. 7.30 + \u00a0Barbara Jegli\u0144ska\u00a0 \u2013 int. p. godz. 16.00 + Piotr Jasi\u0144ski \u2013 int. p. \u015aroda godz. 16.00 + \u00a0Boles\u0142aw Duszy\u0144ski \u2013 int. p. Czwartek godz. 16.00 + \u00a0Karol \u015awiderski \u2013 int. p. Pi\u0105tek godz. 8.00 Za zmar\u0142ych z rodziny; &hellip; <\/p>\n<p><a class=\"more-link btn\" href=\"https:\/\/parafiasmardzewo.pl\/?p=9735\">Kontynuuj czytanie<\/a><\/p>\n","protected":false},"author":2,"featured_media":8371,"comment_status":"open","ping_status":"open","sticky":false,"template":"","format":"standard","meta":[],"categories":[5],"tags":[],"_links":{"self":[{"href":"https:\/\/parafiasmardzewo.pl\/index.php?rest_route=\/wp\/v2\/posts\/9735"}],"collection":[{"href":"https:\/\/parafiasmardzewo.pl\/index.php?rest_route=\/wp\/v2\/posts"}],"about":[{"href":"https:\/\/parafiasmardzewo.pl\/index.php?rest_route=\/wp\/v2\/types\/post"}],"author":[{"embeddable":true,"href":"https:\/\/parafiasmardzewo.pl\/index.php?rest_route=\/wp\/v2\/users\/2"}],"replies":[{"embeddable":true,"href":"https:\/\/parafiasmardzewo.pl\/index.php?rest_route=%2Fwp%2Fv2%2Fcomments&post=9735"}],"version-history":[{"count":15,"href":"https:\/\/parafiasmardzewo.pl\/index.php?rest_route=\/wp\/v2\/posts\/9735\/revisions"}],"predecessor-version":[{"id":9754,"href":"https:\/\/parafiasmardzewo.pl\/index.php?rest_route=\/wp\/v2\/posts\/9735\/revisions\/9754"}],"wp:featuredmedia":[{"embeddable":true,"href":"https:\/\/parafiasmardzewo.pl\/index.php?rest_route=\/wp\/v2\/media\/8371"}],"wp:attachment":[{"href":"https:\/\/parafiasmardzewo.pl\/index.php?rest_route=%2Fwp%2Fv2%2Fmedia&parent=9735"}],"wp:term":[{"taxonomy":"category","embeddable":true,"href":"https:\/\/parafiasmardzewo.pl\/index.php?rest_route=%2Fwp%2Fv2%2Fcategories&post=9735"},{"taxonomy":"post_tag","embeddable":true,"href":"https:\/\/parafiasmardzewo.pl\/index.php?rest_route=%2Fwp%2Fv2%2Ftags&post=9735"}],"curies":[{"name":"wp","href":"https:\/\/api.w.org\/{rel}","templated":true}]}}