{"id":9756,"date":"2024-11-02T20:16:15","date_gmt":"2024-11-02T19:16:15","guid":{"rendered":"https:\/\/parafiasmardzewo.pl\/?p=9756"},"modified":"2024-11-02T20:19:27","modified_gmt":"2024-11-02T19:19:27","slug":"trzydziesta-pierwsza-niedziela-w-ciagu-roku-3-xi-2024","status":"publish","type":"post","link":"https:\/\/parafiasmardzewo.pl\/?p=9756","title":{"rendered":"TRZYDZIESTA PIERWSZA NIEDZIELA W CI\u0104GU ROKU &#8211; 3 XI 2024"},"content":{"rendered":"<p><strong>OG\u0141OSZENIA DUSZPASTERSKIE<\/strong><\/p>\n<ol>\n<li>Dzisiaj, z racji pierwszej niedzieli miesi\u0105ca po Eucharystii o godz. 10.45 b\u0119dzie wystawienie Naj\u015bwi\u0119tszego Sakramentu i adoracja.<\/li>\n<li>Od dzisiaj, 3 listopada, w ka\u017cd\u0105 niedziel\u0119 przed Msz\u0105 \u015awi\u0119t\u0105 o godz. 9.00 i 10.45 czytamy wypominki i modlimy si\u0119 za naszych bliskich zmar\u0142ych.<\/li>\n<li>Od 1 do 8 listopada, ka\u017cdorazowo odwiedzaj\u0105c cmentarz i odmawiaj\u0105c modlitw\u0119 za zmar\u0142ych, mo\u017cemy uzyska\u0107 dla nich odpust zupe\u0142ny, czyli darowanie kary za grzechy odpuszczone co do winy. Trzeba ponadto by\u0107 w stanie \u0142aski u\u015bwi\u0119caj\u0105cej, przyj\u0105\u0107 sakramentaln\u0105 Komuni\u0119 \u015awi\u0119t\u0105, posiada\u0107 brak jakiegokolwiek przywi\u0105zania do grzechu oraz pomodli\u0107 si\u0119 w intencjach papieskich. Nie zaniedbujmy tej pobo\u017cnej praktyki \u2013 dzi\u0119ki niej mo\u017cemy pom\u00f3c tym wszystkim, kt\u00f3rzy nas poprzedzili w drodze do Domu Ojca.<\/li>\n<li>W sobot\u0119, 9 listopada, b\u0119dziemy obchodzi\u0107 \u015bwi\u0119to Rocznicy Po\u015bwi\u0119cenia Bazyliki Latera\u0144skiej, kt\u00f3ra jest katedr\u0105 biskupa Rzymu \u2013 papie\u017ca. To wspania\u0142a okazja, aby w\u00a0modlitwie powierza\u0107 Bogu osob\u0119 i pos\u0142ug\u0119 Ojca \u015awi\u0119tego. Pami\u0119tamy dobrze cz\u0119ste apele papie\u017ca Franciszka o modlitw\u0119 za niego: zatem we\u017amy je g\u0142\u0119boko do serca i przyjd\u017amy do ko\u015bcio\u0142a na wsp\u00f3ln\u0105 modlitw\u0119 o godz. 16.00.<\/li>\n<li>Zaproszenie Biskupa P\u0142ockiego na Diecezjalne Rozpocz\u0119cie Roku Jubileuszowego 950-lecia Diecezji \u00a0P\u0142ockiej.<\/li>\n<li>Zach\u0119cam do nabycia prasy katolickiej.<\/li>\n<li>W minionym tygodniu odszed\u0142 do wieczno\u015bci \u015bw. p. Marek Kwiatkowski, kt\u00f3ry prze\u017cy\u0142 65 lat. Od uczestnik\u00f3w pogrzebu b\u0119dzie odprawionych 12 Mszy \u015awi\u0119tych.<\/li>\n<li>\u017byczymy wielu Bo\u017cych \u0142ask wszystkim obchodz\u0105cym urodziny i imieniny.<\/li>\n<\/ol>\n<p><strong>W TYM TYGODNIU PATRONUJE NAM:<\/strong><\/p>\n<p>W poniedzia\u0142ek, 4 listopada \u2013 \u015bw. Karol Boromeusz, arcybiskup Mediolanu, wprowadzaj\u0105cy gorliwie reformy Soboru Trydenckiego.<\/p>\n<p>&nbsp;<\/p>\n<p>&nbsp;<\/p>\n","protected":false},"excerpt":{"rendered":"<p>OG\u0141OSZENIA DUSZPASTERSKIE Dzisiaj, z racji pierwszej niedzieli miesi\u0105ca po Eucharystii o godz. 10.45 b\u0119dzie wystawienie Naj\u015bwi\u0119tszego Sakramentu i adoracja. Od dzisiaj, 3 listopada, w ka\u017cd\u0105 niedziel\u0119 przed Msz\u0105 \u015awi\u0119t\u0105 o godz. 9.00 i 10.45 czytamy wypominki i modlimy si\u0119 za naszych bliskich zmar\u0142ych. Od 1 do 8 listopada, ka\u017cdorazowo odwiedzaj\u0105c cmentarz i odmawiaj\u0105c modlitw\u0119 za &hellip; <\/p>\n<p><a class=\"more-link btn\" href=\"https:\/\/parafiasmardzewo.pl\/?p=9756\">Kontynuuj czytanie<\/a><\/p>\n","protected":false},"author":2,"featured_media":5378,"comment_status":"open","ping_status":"open","sticky":false,"template":"","format":"standard","meta":[],"categories":[2],"tags":[],"_links":{"self":[{"href":"https:\/\/parafiasmardzewo.pl\/index.php?rest_route=\/wp\/v2\/posts\/9756"}],"collection":[{"href":"https:\/\/parafiasmardzewo.pl\/index.php?rest_route=\/wp\/v2\/posts"}],"about":[{"href":"https:\/\/parafiasmardzewo.pl\/index.php?rest_route=\/wp\/v2\/types\/post"}],"author":[{"embeddable":true,"href":"https:\/\/parafiasmardzewo.pl\/index.php?rest_route=\/wp\/v2\/users\/2"}],"replies":[{"embeddable":true,"href":"https:\/\/parafiasmardzewo.pl\/index.php?rest_route=%2Fwp%2Fv2%2Fcomments&post=9756"}],"version-history":[{"count":2,"href":"https:\/\/parafiasmardzewo.pl\/index.php?rest_route=\/wp\/v2\/posts\/9756\/revisions"}],"predecessor-version":[{"id":9758,"href":"https:\/\/parafiasmardzewo.pl\/index.php?rest_route=\/wp\/v2\/posts\/9756\/revisions\/9758"}],"wp:featuredmedia":[{"embeddable":true,"href":"https:\/\/parafiasmardzewo.pl\/index.php?rest_route=\/wp\/v2\/media\/5378"}],"wp:attachment":[{"href":"https:\/\/parafiasmardzewo.pl\/index.php?rest_route=%2Fwp%2Fv2%2Fmedia&parent=9756"}],"wp:term":[{"taxonomy":"category","embeddable":true,"href":"https:\/\/parafiasmardzewo.pl\/index.php?rest_route=%2Fwp%2Fv2%2Fcategories&post=9756"},{"taxonomy":"post_tag","embeddable":true,"href":"https:\/\/parafiasmardzewo.pl\/index.php?rest_route=%2Fwp%2Fv2%2Ftags&post=9756"}],"curies":[{"name":"wp","href":"https:\/\/api.w.org\/{rel}","templated":true}]}}