{"id":9759,"date":"2024-11-02T21:06:15","date_gmt":"2024-11-02T20:06:15","guid":{"rendered":"https:\/\/parafiasmardzewo.pl\/?p=9759"},"modified":"2024-11-08T20:28:51","modified_gmt":"2024-11-08T19:28:51","slug":"msze-swiete-od-4-10-listopada-2024-roku","status":"publish","type":"post","link":"https:\/\/parafiasmardzewo.pl\/?p=9759","title":{"rendered":"Msze \u015awi\u0119te od 4 &#8211; 10 listopada 2024 roku"},"content":{"rendered":"<p><strong>Msze \u015awi\u0119te od 4 X \u2013 10 XI\u00a0 2024 roku<\/strong><\/p>\n<p><strong>Poniedzia\u0142ek<\/strong><\/p>\n<p><strong>godz. 16.00 <\/strong>+ \u00a0Wojciech Kucharzak \u2013 int.p<\/p>\n<p><strong>Wtorek<\/strong><\/p>\n<p><strong>godz. 16.00<\/strong> + Jan Pajewski\u2013 int. p.<\/p>\n<p><strong>\u015aroda <\/strong><\/p>\n<p><strong>godz. 16.00<\/strong> + \u00a0Karolina i Tadeusz Morawscy<\/p>\n<p><strong>Czwartek<\/strong><\/p>\n<p><strong>godz. 16.00 + <\/strong>\u00a0Piotr B\u0142aszkowski \u00a0\u2013 int. p.<\/p>\n<p><strong>Pi\u0105tek<\/strong><\/p>\n<p><strong>godz. 7.30 +<\/strong> Stanis\u0142aw\u00a0 Wychucki int. p.<\/p>\n<p><strong>godz. 16.00<\/strong>\u00a0 + Janusz Jakubowski \u2013 int. p.<\/p>\n<p><strong>Sobota<\/strong><\/p>\n<p><strong>godz. 7.30 + <\/strong>Marian Za\u0142\u0119cki &#8211; int. p.<\/p>\n<p><strong>godz. 16.00<\/strong>\u00a0 + Krystyna Zi\u00f3\u0142ek &#8211; rocznica \u015bmierci (8)i dziadk\u00f3w Szpalerskich<\/p>\n<p><strong>Niedziela<\/strong><\/p>\n<p><strong>godz. 9.00 <\/strong>\u00a0+ \u00a0r-c\u00f3w Wierzchowskich i brata Jana; 2) + Halina i Eugeniusz Jastrz\u0119bscy<\/p>\n<p><strong>godz. 10.45 <\/strong>\u00a0+ Zmar\u0142ych z r-ny Ryzi\u0144skich; 2) +Wies\u0142aw Bak i Irena i J\u00f3zef Pawlak<\/p>\n<p><strong>godz. 16.00 <\/strong>+\u00a0 Jadwiga Szadkowska; 2) + Urszula Buras<\/p>\n<p>&nbsp;<\/p>\n","protected":false},"excerpt":{"rendered":"<p>Msze \u015awi\u0119te od 4 X \u2013 10 XI\u00a0 2024 roku Poniedzia\u0142ek godz. 16.00 + \u00a0Wojciech Kucharzak \u2013 int.p Wtorek godz. 16.00 + Jan Pajewski\u2013 int. p. \u015aroda godz. 16.00 + \u00a0Karolina i Tadeusz Morawscy Czwartek godz. 16.00 + \u00a0Piotr B\u0142aszkowski \u00a0\u2013 int. p. Pi\u0105tek godz. 7.30 + Stanis\u0142aw\u00a0 Wychucki int. p. godz. 16.00\u00a0 + Janusz &hellip; <\/p>\n<p><a class=\"more-link btn\" href=\"https:\/\/parafiasmardzewo.pl\/?p=9759\">Kontynuuj czytanie<\/a><\/p>\n","protected":false},"author":2,"featured_media":8619,"comment_status":"open","ping_status":"open","sticky":false,"template":"","format":"standard","meta":[],"categories":[5],"tags":[],"_links":{"self":[{"href":"https:\/\/parafiasmardzewo.pl\/index.php?rest_route=\/wp\/v2\/posts\/9759"}],"collection":[{"href":"https:\/\/parafiasmardzewo.pl\/index.php?rest_route=\/wp\/v2\/posts"}],"about":[{"href":"https:\/\/parafiasmardzewo.pl\/index.php?rest_route=\/wp\/v2\/types\/post"}],"author":[{"embeddable":true,"href":"https:\/\/parafiasmardzewo.pl\/index.php?rest_route=\/wp\/v2\/users\/2"}],"replies":[{"embeddable":true,"href":"https:\/\/parafiasmardzewo.pl\/index.php?rest_route=%2Fwp%2Fv2%2Fcomments&post=9759"}],"version-history":[{"count":5,"href":"https:\/\/parafiasmardzewo.pl\/index.php?rest_route=\/wp\/v2\/posts\/9759\/revisions"}],"predecessor-version":[{"id":9768,"href":"https:\/\/parafiasmardzewo.pl\/index.php?rest_route=\/wp\/v2\/posts\/9759\/revisions\/9768"}],"wp:featuredmedia":[{"embeddable":true,"href":"https:\/\/parafiasmardzewo.pl\/index.php?rest_route=\/wp\/v2\/media\/8619"}],"wp:attachment":[{"href":"https:\/\/parafiasmardzewo.pl\/index.php?rest_route=%2Fwp%2Fv2%2Fmedia&parent=9759"}],"wp:term":[{"taxonomy":"category","embeddable":true,"href":"https:\/\/parafiasmardzewo.pl\/index.php?rest_route=%2Fwp%2Fv2%2Fcategories&post=9759"},{"taxonomy":"post_tag","embeddable":true,"href":"https:\/\/parafiasmardzewo.pl\/index.php?rest_route=%2Fwp%2Fv2%2Ftags&post=9759"}],"curies":[{"name":"wp","href":"https:\/\/api.w.org\/{rel}","templated":true}]}}