{"id":9764,"date":"2024-11-02T21:42:33","date_gmt":"2024-11-02T20:42:33","guid":{"rendered":"https:\/\/parafiasmardzewo.pl\/?p=9764"},"modified":"2024-11-02T21:43:47","modified_gmt":"2024-11-02T20:43:47","slug":"zaproszenie-bpa-plockiego-na-diecezjalne-rozpoczecie-roku-jubileusz","status":"publish","type":"post","link":"https:\/\/parafiasmardzewo.pl\/?p=9764","title":{"rendered":"ZAPROSZENIE BISKUPA P\u0141OCKIEGO"},"content":{"rendered":"<p><strong>ZAPROSZENIE BISKUPA P\u0141OCKIEGO\u00a0NA DIECEZJALNE ROZPOCZ\u0118CIE<\/strong><br \/>\n<strong>ROKU JUBILEUSZOWEGO 950-LECIA DIECEZJI P\u0141OCKIEJ<\/strong><\/p>\n<p><strong>Drodzy Ksi\u0119\u017ca, Kochani Diecezjanie!<\/strong><\/p>\n<p>W uroczysto\u015b\u0107 rocznicy po\u015bwi\u0119cenia Bazyliki Katedralnej w P\u0142ocku, w pi\u0105tek 8 listopada 2024 r., serdecznie zapraszam kap\u0142an\u00f3w, osoby \u017cycia konsekrowanego i wiernych \u015bwieckich, do udzia\u0142u w diecezjalnym rozpocz\u0119ciu Jubileuszu 950-lecia Diecezji P\u0142ockiej, kt\u00f3re odb\u0119dzie w prastarej bazylice katedralnej w P\u0142ocku. Uroczysto\u015bci rozpoczn\u0105 si\u0119 o godz. 18.00 Msz\u0105 \u015bw. koncelebrowan\u0105, kt\u00f3r\u0105 b\u0119dzie sprawowa\u0142 kard. Grzegorz Ry\u015b w intencji Piast\u00f3w spoczywaj\u0105cych w naszej katedrze. Wraz z Samorz\u0105dowcami, kt\u00f3rych tak\u017ce zaprosi\u0142em na t\u0119 uroczysto\u015b\u0107, b\u0119dziemy modli\u0107 si\u0119 o \u0142aski jakich potrzebuje nasz Ko\u015bci\u00f3\u0142 lokalny w tym \u015bwi\u0119tym, jubileuszowym Roku. Jeszcze raz serdecznie zapraszam p\u0142ockich Diecezjan do wsp\u00f3lnego \u015bwi\u0119towania i z serca wszystkim b\u0142ogos\u0142awi\u0119.<\/p>\n<p>P\u0142ock, dnia 31 pa\u017adziernika 2024 r.<\/p>\n<p><em>\u2020 Szymon Stu\u0142kowski<\/em><br \/>\n<em>Biskup P\u0142ocki<\/em><\/p>\n","protected":false},"excerpt":{"rendered":"<p>ZAPROSZENIE BISKUPA P\u0141OCKIEGO\u00a0NA DIECEZJALNE ROZPOCZ\u0118CIE ROKU JUBILEUSZOWEGO 950-LECIA DIECEZJI P\u0141OCKIEJ Drodzy Ksi\u0119\u017ca, Kochani Diecezjanie! W uroczysto\u015b\u0107 rocznicy po\u015bwi\u0119cenia Bazyliki Katedralnej w P\u0142ocku, w pi\u0105tek 8 listopada 2024 r., serdecznie zapraszam kap\u0142an\u00f3w, osoby \u017cycia konsekrowanego i wiernych \u015bwieckich, do udzia\u0142u w diecezjalnym rozpocz\u0119ciu Jubileuszu 950-lecia Diecezji P\u0142ockiej, kt\u00f3re odb\u0119dzie w prastarej bazylice katedralnej w P\u0142ocku. Uroczysto\u015bci &hellip; <\/p>\n<p><a class=\"more-link btn\" href=\"https:\/\/parafiasmardzewo.pl\/?p=9764\">Kontynuuj czytanie<\/a><\/p>\n","protected":false},"author":2,"featured_media":0,"comment_status":"open","ping_status":"open","sticky":false,"template":"","format":"standard","meta":[],"categories":[1],"tags":[],"_links":{"self":[{"href":"https:\/\/parafiasmardzewo.pl\/index.php?rest_route=\/wp\/v2\/posts\/9764"}],"collection":[{"href":"https:\/\/parafiasmardzewo.pl\/index.php?rest_route=\/wp\/v2\/posts"}],"about":[{"href":"https:\/\/parafiasmardzewo.pl\/index.php?rest_route=\/wp\/v2\/types\/post"}],"author":[{"embeddable":true,"href":"https:\/\/parafiasmardzewo.pl\/index.php?rest_route=\/wp\/v2\/users\/2"}],"replies":[{"embeddable":true,"href":"https:\/\/parafiasmardzewo.pl\/index.php?rest_route=%2Fwp%2Fv2%2Fcomments&post=9764"}],"version-history":[{"count":3,"href":"https:\/\/parafiasmardzewo.pl\/index.php?rest_route=\/wp\/v2\/posts\/9764\/revisions"}],"predecessor-version":[{"id":9767,"href":"https:\/\/parafiasmardzewo.pl\/index.php?rest_route=\/wp\/v2\/posts\/9764\/revisions\/9767"}],"wp:attachment":[{"href":"https:\/\/parafiasmardzewo.pl\/index.php?rest_route=%2Fwp%2Fv2%2Fmedia&parent=9764"}],"wp:term":[{"taxonomy":"category","embeddable":true,"href":"https:\/\/parafiasmardzewo.pl\/index.php?rest_route=%2Fwp%2Fv2%2Fcategories&post=9764"},{"taxonomy":"post_tag","embeddable":true,"href":"https:\/\/parafiasmardzewo.pl\/index.php?rest_route=%2Fwp%2Fv2%2Ftags&post=9764"}],"curies":[{"name":"wp","href":"https:\/\/api.w.org\/{rel}","templated":true}]}}