{"id":9769,"date":"2024-11-09T17:49:58","date_gmt":"2024-11-09T16:49:58","guid":{"rendered":"https:\/\/parafiasmardzewo.pl\/?p=9769"},"modified":"2024-11-09T17:50:17","modified_gmt":"2024-11-09T16:50:17","slug":"trzydziesta-druga-niedziela-w-ciagu-roku-10-xi-2024","status":"publish","type":"post","link":"https:\/\/parafiasmardzewo.pl\/?p=9769","title":{"rendered":"TRZYDZIESTA DRUGA NIEDZIELA W CI\u0104GU ROKU- 10 XI 2024"},"content":{"rendered":"<p><strong>OG\u0141OSZENIA DUSZPASTERSKIE<\/strong><\/p>\n<ol>\n<li>Dzisiaj, po Mszy \u015awi\u0119tej o godz. 9.00 b\u0119dzie spotkanie z uczniami kl. III i IV, kt\u00f3rzy przygotowuj\u0105 si\u0119 do Pierwszej Komunii \u015awi\u0119tej i Odnowienia Przyrzecze\u0144 Chrzcielnych.<\/li>\n<li>Od 2009 roku w drug\u0105 niedziel\u0119 listopada obchodzimy Dzie\u0144 Solidarno\u015bci z Ko\u015bcio\u0142em Prze\u015bladowanym. W tym roku naszym duchowym i materialnym wsparciem pragniemy otoczy\u0107 chrze\u015bcijan w Ziemi \u015awi\u0119tej. Pod has\u0142em \u201eS.O.S dla Ziemi \u015awi\u0119tej\u201d pragniemy nag\u0142o\u015bni\u0107 sytuacj\u0119 wierz\u0105cych w miejscu, kt\u00f3re jest kolebk\u0105 chrze\u015bcija\u0144stwa, a kt\u00f3re dzi\u015b zmaga si\u0119 z eskaluj\u0105cymi konfliktami i coraz wi\u0119kszym ub\u00f3stwem. Ziemia \u015awi\u0119ta \u2013 obejmuj\u0105ca Izrael, Palestyn\u0119 i cz\u0119\u015b\u0107 kraj\u00f3w s\u0105siednich \u2013 jest domem dla miejsc \u015bwi\u0119tych chrze\u015bcijan, ale te\u017c obszarem, gdzie \u017cycie codzienne jest wyj\u0105tkowo trudne z powodu prze\u015bladowa\u0144 i wojny.<\/li>\n<li>Jutro, w poniedzia\u0142ek, 11 listopada, przypada 106. rocznica odzyskania niepodleg\u0142o\u015bci przez Polsk\u0119. W tym dniu pragniemy szczeg\u00f3lnie modli\u0107 si\u0119 za wszystkie pokolenia naszych Rodak\u00f3w, kt\u00f3rzy walczyli o wolno\u015b\u0107 naszej ojczyzny i w jej obronie. Chcemy tak\u017ce modli\u0107 si\u0119, by ka\u017cdy Polak troszczy\u0142 si\u0119 o wsp\u00f3lny dom, jakim jest jego kraj. Zapraszamy do wsp\u00f3lnej modlitwy i na Eucharysti\u0119 w intencji ojczyzny o godz. 10.00, podczas kt\u00f3rej zawierza\u0107 b\u0119dziemy Dobremu Bogu jej przesz\u0142o\u015b\u0107, tera\u017aniejszo\u015b\u0107 i przysz\u0142o\u015b\u0107, a tak\u017ce b\u0119dziemy Go prosi\u0107, aby ka\u017cdy jej mieszkaniec czu\u0142 si\u0119 dobrze jako obywatel i jako chrze\u015bcijanin. O godz. 9.40 b\u0119dziemy modli\u0107 si\u0119 na r\u00f3\u017ca\u0144cu.<\/li>\n<li>Od wtorku, 12 listopada, Pan organista b\u0119dzie nawiedza\u0142 nasze rodziny z op\u0142atkiem.<\/li>\n<li>Zach\u0119cam do nabycia prasy katolickiej.<\/li>\n<li>Wszystkim Solenizantom i Jubilatom tygodnia \u017cyczymy zdrowia i wielu \u0142ask Bo\u017cych.<\/li>\n<\/ol>\n<p><strong>\u00a0<\/strong><strong>W TYM TYGODNIU PATRONUJ\u0104 NAM:<\/strong><\/p>\n<p>[Dzisiaj, w niedziel\u0119, 10 listopada \u2013 \u015bw. Leon Wielki, papie\u017c i doktor Ko\u015bcio\u0142a, kt\u00f3ry wytrwale zwalcza\u0142 b\u0142\u0119dy w wierze, zw\u0142aszcza te dotycz\u0105ce natur w Jezusie Chrystusie].<\/p>\n<p>W poniedzia\u0142ek, 11 listopada \u2013 \u015bw. Marcin z Tours, pocz\u0105tkowo \u017co\u0142nierz, a potem biskup \u2013 dobry pasterz dla swojego ludu, kt\u00f3ry \u015bmierci si\u0119 nie l\u0119ka\u0142 i przed \u017cyciem si\u0119 nie wzbrania\u0142.<\/p>\n<p>We wtorek, 12 listopada \u2013 \u015bw. Jozafat, biskup i m\u0119czennik, kt\u00f3ry charakteryzowa\u0142 si\u0119 tak wielk\u0105 \u0142agodno\u015bci\u0105 w apostolstwie na rzecz jedno\u015bci Ko\u015bcio\u0142a, \u017ce nazywany by\u0142 \u201eduszochwatem\u201d.<\/p>\n<p>W \u015brod\u0119, 13 listopada \u2013 \u015bw. \u015bw. Pi\u0119ciu Braci Pierwszych M\u0119czennik\u00f3w Polski: Benedykt, Jan, Mateusz, Izaak i Krystyn, benedykty\u0144scy eremici, kt\u00f3rzy przyk\u0142adem \u017cycia gruntowali chrze\u015bcija\u0144sk\u0105 wiar\u0119 na ziemiach polskich.<\/p>\n","protected":false},"excerpt":{"rendered":"<p>OG\u0141OSZENIA DUSZPASTERSKIE Dzisiaj, po Mszy \u015awi\u0119tej o godz. 9.00 b\u0119dzie spotkanie z uczniami kl. III i IV, kt\u00f3rzy przygotowuj\u0105 si\u0119 do Pierwszej Komunii \u015awi\u0119tej i Odnowienia Przyrzecze\u0144 Chrzcielnych. Od 2009 roku w drug\u0105 niedziel\u0119 listopada obchodzimy Dzie\u0144 Solidarno\u015bci z Ko\u015bcio\u0142em Prze\u015bladowanym. W tym roku naszym duchowym i materialnym wsparciem pragniemy otoczy\u0107 chrze\u015bcijan w Ziemi \u015awi\u0119tej. &hellip; <\/p>\n<p><a class=\"more-link btn\" href=\"https:\/\/parafiasmardzewo.pl\/?p=9769\">Kontynuuj czytanie<\/a><\/p>\n","protected":false},"author":2,"featured_media":5378,"comment_status":"open","ping_status":"open","sticky":false,"template":"","format":"standard","meta":[],"categories":[2],"tags":[],"_links":{"self":[{"href":"https:\/\/parafiasmardzewo.pl\/index.php?rest_route=\/wp\/v2\/posts\/9769"}],"collection":[{"href":"https:\/\/parafiasmardzewo.pl\/index.php?rest_route=\/wp\/v2\/posts"}],"about":[{"href":"https:\/\/parafiasmardzewo.pl\/index.php?rest_route=\/wp\/v2\/types\/post"}],"author":[{"embeddable":true,"href":"https:\/\/parafiasmardzewo.pl\/index.php?rest_route=\/wp\/v2\/users\/2"}],"replies":[{"embeddable":true,"href":"https:\/\/parafiasmardzewo.pl\/index.php?rest_route=%2Fwp%2Fv2%2Fcomments&post=9769"}],"version-history":[{"count":2,"href":"https:\/\/parafiasmardzewo.pl\/index.php?rest_route=\/wp\/v2\/posts\/9769\/revisions"}],"predecessor-version":[{"id":9771,"href":"https:\/\/parafiasmardzewo.pl\/index.php?rest_route=\/wp\/v2\/posts\/9769\/revisions\/9771"}],"wp:featuredmedia":[{"embeddable":true,"href":"https:\/\/parafiasmardzewo.pl\/index.php?rest_route=\/wp\/v2\/media\/5378"}],"wp:attachment":[{"href":"https:\/\/parafiasmardzewo.pl\/index.php?rest_route=%2Fwp%2Fv2%2Fmedia&parent=9769"}],"wp:term":[{"taxonomy":"category","embeddable":true,"href":"https:\/\/parafiasmardzewo.pl\/index.php?rest_route=%2Fwp%2Fv2%2Fcategories&post=9769"},{"taxonomy":"post_tag","embeddable":true,"href":"https:\/\/parafiasmardzewo.pl\/index.php?rest_route=%2Fwp%2Fv2%2Ftags&post=9769"}],"curies":[{"name":"wp","href":"https:\/\/api.w.org\/{rel}","templated":true}]}}