{"id":9772,"date":"2024-11-09T21:05:56","date_gmt":"2024-11-09T20:05:56","guid":{"rendered":"https:\/\/parafiasmardzewo.pl\/?p=9772"},"modified":"2024-11-09T21:05:56","modified_gmt":"2024-11-09T20:05:56","slug":"msze-swiete-od-11-17-listopada-2024-roku","status":"publish","type":"post","link":"https:\/\/parafiasmardzewo.pl\/?p=9772","title":{"rendered":"Msze \u015awi\u0119te od 11 &#8211; 17 listopada 2024 roku"},"content":{"rendered":"<p><strong>Poniedzia\u0142ek<\/strong><\/p>\n<p><strong>godz. <\/strong>9.40 &#8211; \u00a0R\u00d3\u017bANIEC<\/p>\n<p><strong>godz. 10.00 <\/strong>W intencji Ojczyzny; 2) + Janusz Matczak<\/p>\n<p><strong>godz. 16.00 <\/strong>+ \u00a0Marcin Gajewski<\/p>\n<p><strong>Wtorek<\/strong><\/p>\n<p><strong>godz. 7.30 + r<\/strong>-c\u00f3w Leona i Lucyn\u0119<\/p>\n<p><strong>godz. 16.00<\/strong> + \u00a0Marek Kwiatkowski \u2013 int. p.<\/p>\n<p><strong>\u015aroda <\/strong><\/p>\n<p><strong>godz. 16.00<\/strong> + \u00a0Danuta Sanig\u00f3rska \u2013 int. p.<\/p>\n<p><strong>Czwartek<\/strong><\/p>\n<p><strong>godz. 16.00 + <\/strong>\u00a0Alina Marciszewska \u2013 int. p.<\/p>\n<p><strong>Pi\u0105tek<\/strong><\/p>\n<p><strong>godz. 7.30 + <\/strong>\u00a0Barbara K\u0119pczy\u0144ska &#8211; int. p.<\/p>\n<p><strong>godz. 16.00<\/strong>\u00a0 + \u00a0Anastazja Mro\u017ckiewicz \u2013 int. p.<\/p>\n<p><strong>Sobota<\/strong><\/p>\n<p><strong>godz. 7.30 + <\/strong>\u00a0Stanis\u0142aw Sa\u0142kowski<strong>\u00a0 &#8211; <\/strong>int. p.<\/p>\n<p><strong>godz. 16.00<\/strong>\u00a0 + Jan Stawicki \u2013 rocznica \u015bmierci (5), Helena i Bernard Stawiccy, Mariusz Zimi\u0144ski i Kzimierz Dziuk<\/p>\n<p><strong>Niedziela<\/strong><\/p>\n<p><strong>godz. 9.00 <\/strong>\u00a0+ \u00a0Marek i Jaros\u0142aw Brzuska; 2) O Bo\u017ce b\u0142ogos\u0142awie\u0144stwo dla rodziny<\/p>\n<p><strong>godz. 10.45 <\/strong>\u00a0+ Zygmunt Sta\u0144czak i Dariusz Krasuski 2) + Ma\u0142gorzata Lewicka<\/p>\n<p><strong>godz. 16.00 <\/strong>W intencji parafian i go\u015bci<\/p>\n","protected":false},"excerpt":{"rendered":"<p>Poniedzia\u0142ek godz. 9.40 &#8211; \u00a0R\u00d3\u017bANIEC godz. 10.00 W intencji Ojczyzny; 2) + Janusz Matczak godz. 16.00 + \u00a0Marcin Gajewski Wtorek godz. 7.30 + r-c\u00f3w Leona i Lucyn\u0119 godz. 16.00 + \u00a0Marek Kwiatkowski \u2013 int. p. \u015aroda godz. 16.00 + \u00a0Danuta Sanig\u00f3rska \u2013 int. p. Czwartek godz. 16.00 + \u00a0Alina Marciszewska \u2013 int. p. Pi\u0105tek godz. &hellip; <\/p>\n<p><a class=\"more-link btn\" href=\"https:\/\/parafiasmardzewo.pl\/?p=9772\">Kontynuuj czytanie<\/a><\/p>\n","protected":false},"author":2,"featured_media":8379,"comment_status":"open","ping_status":"open","sticky":false,"template":"","format":"standard","meta":[],"categories":[5],"tags":[],"_links":{"self":[{"href":"https:\/\/parafiasmardzewo.pl\/index.php?rest_route=\/wp\/v2\/posts\/9772"}],"collection":[{"href":"https:\/\/parafiasmardzewo.pl\/index.php?rest_route=\/wp\/v2\/posts"}],"about":[{"href":"https:\/\/parafiasmardzewo.pl\/index.php?rest_route=\/wp\/v2\/types\/post"}],"author":[{"embeddable":true,"href":"https:\/\/parafiasmardzewo.pl\/index.php?rest_route=\/wp\/v2\/users\/2"}],"replies":[{"embeddable":true,"href":"https:\/\/parafiasmardzewo.pl\/index.php?rest_route=%2Fwp%2Fv2%2Fcomments&post=9772"}],"version-history":[{"count":1,"href":"https:\/\/parafiasmardzewo.pl\/index.php?rest_route=\/wp\/v2\/posts\/9772\/revisions"}],"predecessor-version":[{"id":9773,"href":"https:\/\/parafiasmardzewo.pl\/index.php?rest_route=\/wp\/v2\/posts\/9772\/revisions\/9773"}],"wp:featuredmedia":[{"embeddable":true,"href":"https:\/\/parafiasmardzewo.pl\/index.php?rest_route=\/wp\/v2\/media\/8379"}],"wp:attachment":[{"href":"https:\/\/parafiasmardzewo.pl\/index.php?rest_route=%2Fwp%2Fv2%2Fmedia&parent=9772"}],"wp:term":[{"taxonomy":"category","embeddable":true,"href":"https:\/\/parafiasmardzewo.pl\/index.php?rest_route=%2Fwp%2Fv2%2Fcategories&post=9772"},{"taxonomy":"post_tag","embeddable":true,"href":"https:\/\/parafiasmardzewo.pl\/index.php?rest_route=%2Fwp%2Fv2%2Ftags&post=9772"}],"curies":[{"name":"wp","href":"https:\/\/api.w.org\/{rel}","templated":true}]}}