{"id":9775,"date":"2024-11-16T18:24:30","date_gmt":"2024-11-16T17:24:30","guid":{"rendered":"https:\/\/parafiasmardzewo.pl\/?p=9775"},"modified":"2024-11-16T20:50:13","modified_gmt":"2024-11-16T19:50:13","slug":"trzydziesta-trzecia-niedziela-w-ciagu-roku-17-xi-2024","status":"publish","type":"post","link":"https:\/\/parafiasmardzewo.pl\/?p=9775","title":{"rendered":"TRZYDZIESTA TRZECIA NIEDZIELA W CI\u0104GU ROKU &#8211; 17 XI 2024"},"content":{"rendered":"<p><strong>OG\u0141OSZENIA DUSZPASTERSKIE <\/strong><\/p>\n<ol>\n<li>Po Mszy \u015awi\u0119tej o godz. 9.00 zapraszam na kr\u00f3tkie spotkanie uczni\u00f3w kl. III i IV.<\/li>\n<li>W dzisiejsz\u0105 niedziel\u0119 ju\u017c po raz \u00f3smy obchodzimy \u015awiatowy Dzie\u0144 Ubogich pod has\u0142em \u201eModlitwa ubogiego dociera do Boga&#8221;<\/li>\n<li>W czwartek, 21 listopada, przypada wspomnienie Ofiarowania Naj\u015bwi\u0119tszej Maryi Panny. Cho\u0107 odwo\u0142uje si\u0119 ono do pami\u0105tki po\u015bwi\u0119cenia ko\u015bcio\u0142a ku czci Matki Bo\u017cej zbudowanego obok \u015bwi\u0105tyni jerozolimskiej, to ma nam ukazywa\u0107 wielko\u015b\u0107 i znaczenie \u017cycia ofiarowanego ca\u0142kowicie Bogu. Dlatego w tym dniu modlimy si\u0119 szczeg\u00f3lnie za siostry w zakonach klauzurowych i do tej modlitwy zach\u0119camy wszystkich Parafian.<\/li>\n<li>W pi\u0105tek, 22 listopada, Ko\u015bci\u00f3\u0142 wspomina \u015awi\u0119t\u0105 Cecyli\u0119, patronk\u0119 muzyki ko\u015bcielnej.<\/li>\n<li>W przysz\u0142\u0105 niedziel\u0119 b\u0119dziemy obchodzili uroczysto\u015b\u0107 Jezusa Chrystusa Kr\u00f3la Wszech\u015bwiata. To \u015bwi\u0119to tytularne Akcji Katolickiej, organizacji ludzi \u015bwieckich, kt\u00f3rzy pragn\u0105 ewangelijne idea\u0142y realizowa\u0107 na co dzie\u0144 w swoim \u017cyciu zawodowym i spo\u0142ecznym.<\/li>\n<li>Jutro, w poniedzia\u0142ek pan organista odwiedzi z op\u0142atkiem mieszka\u0144c\u00f3w Smardzewa.<\/li>\n<li>W kruchcie ko\u015bcio\u0142a jest umieszczony LIST OTWARTY POLICJI DO MIESZKA\u0143C\u00d3W MAZOWSZA. Czytamy w nim mi\u0119dzy innymi: \u201eW trzeci\u0105 niedziel\u0119 listopada\u00a0 ka\u017cdego roku obchodzimy \u015awiatowy Dzie\u0144 Pami\u0119ci o Ofiarach Wypadk\u00f3w (\u2026). Apelujemy zatem do wszystkich kierowc\u00f3w, aby za kierownic\u0105 nie zapomina\u0107 o ostro\u017cno\u015bci i wyobra\u017ani (\u2026). Pieszych prosimy o noszenie emblemat\u00f3w odblaskowych w spos\u00f3b\u00a0 widoczny dla\u00a0 innych uczestnik\u00f3w ruchu drogowego (\u2026), chodzenie przy lewej kraw\u0119dzi jezdni, gdy nie ma chodnika lub pobocza i ust\u0119powanie miejsca zbli\u017caj\u0105cym si\u0119 pojazdom (\u2026)\u201d.<\/li>\n<li>W kruchcie jest te\u017c plakat \u201e I Ty mo\u017cesz uratowa\u0107 komu\u015b \u017cycie\u201d. 24 XI (niedziela) 2024 r., w MGOK Sochocin w godzinach 9.00 \u2013 14.00 mo\u017cna zarejestrowa\u0107 si\u0119 jako potencjalny Dawca szpiku.<\/li>\n<li>Zach\u0119cam do nabycia prasy katolickiej.<\/li>\n<li>Pragniemy przekaza\u0107 s\u0142owa serdecznych \u017cycze\u0144 dla wszystkich Solenizant\u00f3w i Jubilat\u00f3w rozpoczynaj\u0105cego si\u0119 tygodnia.<\/li>\n<\/ol>\n<p><strong>\u00a0<\/strong><strong>W TYM TYGODNIU PATRONUJ\u0104 NAM:<\/strong><\/p>\n<p>[Dzisiaj, w niedziel\u0119, 17 listopada \u2013 \u015bw. El\u017cbieta W\u0119gierska, jedna z pierwszych tercjarek franciszka\u0144skich, patronka Franciszka\u0144skiego Zakonu \u015awieckich oraz patronka mi\u0142osierdzia chrze\u015bcija\u0144skiego.].<\/p>\n<p>W poniedzia\u0142ek, 18 listopada \u2013 b\u0142. Karolina K\u00f3zk\u00f3wna, m\u0119czennica broni\u0105ca cnoty czysto\u015bci i ludzkiej godno\u015bci, kt\u00f3ra od najm\u0142odszych lat ukocha\u0142a modlitw\u0119 i stara\u0142a si\u0119 wzrasta\u0107 w\u00a0mi\u0142o\u015bci Bo\u017cej.<\/p>\n<p>W pi\u0105tek, 22 listopada \u2013 \u015bw. Cecylia, dziewica i m\u0119czennica, patronka muzyki ko\u015bcielnej.<\/p>\n<p>&nbsp;<\/p>\n","protected":false},"excerpt":{"rendered":"<p>OG\u0141OSZENIA DUSZPASTERSKIE Po Mszy \u015awi\u0119tej o godz. 9.00 zapraszam na kr\u00f3tkie spotkanie uczni\u00f3w kl. III i IV. W dzisiejsz\u0105 niedziel\u0119 ju\u017c po raz \u00f3smy obchodzimy \u015awiatowy Dzie\u0144 Ubogich pod has\u0142em \u201eModlitwa ubogiego dociera do Boga&#8221; W czwartek, 21 listopada, przypada wspomnienie Ofiarowania Naj\u015bwi\u0119tszej Maryi Panny. Cho\u0107 odwo\u0142uje si\u0119 ono do pami\u0105tki po\u015bwi\u0119cenia ko\u015bcio\u0142a ku czci &hellip; <\/p>\n<p><a class=\"more-link btn\" href=\"https:\/\/parafiasmardzewo.pl\/?p=9775\">Kontynuuj czytanie<\/a><\/p>\n","protected":false},"author":2,"featured_media":5378,"comment_status":"open","ping_status":"open","sticky":false,"template":"","format":"standard","meta":[],"categories":[2],"tags":[],"_links":{"self":[{"href":"https:\/\/parafiasmardzewo.pl\/index.php?rest_route=\/wp\/v2\/posts\/9775"}],"collection":[{"href":"https:\/\/parafiasmardzewo.pl\/index.php?rest_route=\/wp\/v2\/posts"}],"about":[{"href":"https:\/\/parafiasmardzewo.pl\/index.php?rest_route=\/wp\/v2\/types\/post"}],"author":[{"embeddable":true,"href":"https:\/\/parafiasmardzewo.pl\/index.php?rest_route=\/wp\/v2\/users\/2"}],"replies":[{"embeddable":true,"href":"https:\/\/parafiasmardzewo.pl\/index.php?rest_route=%2Fwp%2Fv2%2Fcomments&post=9775"}],"version-history":[{"count":2,"href":"https:\/\/parafiasmardzewo.pl\/index.php?rest_route=\/wp\/v2\/posts\/9775\/revisions"}],"predecessor-version":[{"id":9777,"href":"https:\/\/parafiasmardzewo.pl\/index.php?rest_route=\/wp\/v2\/posts\/9775\/revisions\/9777"}],"wp:featuredmedia":[{"embeddable":true,"href":"https:\/\/parafiasmardzewo.pl\/index.php?rest_route=\/wp\/v2\/media\/5378"}],"wp:attachment":[{"href":"https:\/\/parafiasmardzewo.pl\/index.php?rest_route=%2Fwp%2Fv2%2Fmedia&parent=9775"}],"wp:term":[{"taxonomy":"category","embeddable":true,"href":"https:\/\/parafiasmardzewo.pl\/index.php?rest_route=%2Fwp%2Fv2%2Fcategories&post=9775"},{"taxonomy":"post_tag","embeddable":true,"href":"https:\/\/parafiasmardzewo.pl\/index.php?rest_route=%2Fwp%2Fv2%2Ftags&post=9775"}],"curies":[{"name":"wp","href":"https:\/\/api.w.org\/{rel}","templated":true}]}}