{"id":9778,"date":"2024-11-16T21:33:03","date_gmt":"2024-11-16T20:33:03","guid":{"rendered":"https:\/\/parafiasmardzewo.pl\/?p=9778"},"modified":"2024-11-16T21:33:03","modified_gmt":"2024-11-16T20:33:03","slug":"msze-swiete-od-18-24-listopada-2024-roku","status":"publish","type":"post","link":"https:\/\/parafiasmardzewo.pl\/?p=9778","title":{"rendered":"Msze \u015awi\u0119te od 18 &#8211; 24 listopada 2024 roku"},"content":{"rendered":"<p><strong>Msze \u015awi\u0119te od 18 \u00a0\u2013 24 XI\u00a0 2024 roku<\/strong><\/p>\n<p><strong>Poniedzia\u0142ek<\/strong><\/p>\n<p><strong>godz. 16.00 <\/strong>+ Czes\u0142aw Za\u0142\u0119cki \u2013 int. p.<\/p>\n<p><strong>Wtorek<\/strong><\/p>\n<p><strong>godz. 16.00<\/strong> + \u00a0Daniel Paw\u0142owski (Msza \u015aw. jest przeniesiona z 20 XI, je\u015bli rodzinie nie odpowiada to prosz\u0119 zadzwoni\u0107 605684622)<\/p>\n<p><strong>\u015aroda <\/strong><\/p>\n<p><strong>godz. 17.00<\/strong> W intencji Ojczyzny za przyczyn\u0105 \u015bw. Andrzeja Boboli i \u015bw. Stanis\u0142awa Kostki<\/p>\n<p><strong>Czwartek<\/strong><\/p>\n<p><strong>godz. 16.00 + <\/strong>\u00a0Zofia i Henryk Tomaszewscy, S\u0142awomir Romanowski, Teresa Lewandowska, Andrzej Tomaszewski<\/p>\n<p><strong>Pi\u0105tek<\/strong><\/p>\n<p><strong>godz. 7.30 + <\/strong>\u00a0Roman W\u0142ostowski &#8211; int. p.<\/p>\n<p><strong>godz. 16.00<\/strong>\u00a0 + \u00a0Zdzis\u0142aw B\u0142aszkowski\u2013 int. p.<\/p>\n<p><strong>Sobota<\/strong><\/p>\n<p><strong>godz. 7.30 + <\/strong>\u00a0Jan Pajewski<strong> &#8211; <\/strong>int. p.<\/p>\n<p><strong>godz. 16.00<\/strong>\u00a0 + Stanis\u0142aw Dudek -rocznica \u015bmierci (40) i Marianna Dudek<\/p>\n<p><strong>Niedziela<\/strong><\/p>\n<p><strong>godz. 9.00 <\/strong>\u00a0+ \u00a0Barbara K\u0119pczy\u0144ska \u2013 rocznica \u015bmierci (2); 2) Za dusze w czy\u015b\u0107cu cierpi\u0105ce<\/p>\n<p><strong>godz. 10.45 <\/strong>\u00a0W intencji parafian i go\u015bci 2) + ks. Stanis\u0142aw Za\u0142\u0119cki<\/p>\n<p><strong>godz. 16.00 <\/strong>+ Barbara Piaskowska \u2013 rocznica \u015bmierci ; 2) + Jan Zimakowski<\/p>\n<p>&nbsp;<\/p>\n","protected":false},"excerpt":{"rendered":"<p>Msze \u015awi\u0119te od 18 \u00a0\u2013 24 XI\u00a0 2024 roku Poniedzia\u0142ek godz. 16.00 + Czes\u0142aw Za\u0142\u0119cki \u2013 int. p. Wtorek godz. 16.00 + \u00a0Daniel Paw\u0142owski (Msza \u015aw. jest przeniesiona z 20 XI, je\u015bli rodzinie nie odpowiada to prosz\u0119 zadzwoni\u0107 605684622) \u015aroda godz. 17.00 W intencji Ojczyzny za przyczyn\u0105 \u015bw. Andrzeja Boboli i \u015bw. Stanis\u0142awa Kostki Czwartek &hellip; <\/p>\n<p><a class=\"more-link btn\" href=\"https:\/\/parafiasmardzewo.pl\/?p=9778\">Kontynuuj czytanie<\/a><\/p>\n","protected":false},"author":2,"featured_media":9521,"comment_status":"open","ping_status":"open","sticky":false,"template":"","format":"standard","meta":[],"categories":[5],"tags":[],"_links":{"self":[{"href":"https:\/\/parafiasmardzewo.pl\/index.php?rest_route=\/wp\/v2\/posts\/9778"}],"collection":[{"href":"https:\/\/parafiasmardzewo.pl\/index.php?rest_route=\/wp\/v2\/posts"}],"about":[{"href":"https:\/\/parafiasmardzewo.pl\/index.php?rest_route=\/wp\/v2\/types\/post"}],"author":[{"embeddable":true,"href":"https:\/\/parafiasmardzewo.pl\/index.php?rest_route=\/wp\/v2\/users\/2"}],"replies":[{"embeddable":true,"href":"https:\/\/parafiasmardzewo.pl\/index.php?rest_route=%2Fwp%2Fv2%2Fcomments&post=9778"}],"version-history":[{"count":1,"href":"https:\/\/parafiasmardzewo.pl\/index.php?rest_route=\/wp\/v2\/posts\/9778\/revisions"}],"predecessor-version":[{"id":9779,"href":"https:\/\/parafiasmardzewo.pl\/index.php?rest_route=\/wp\/v2\/posts\/9778\/revisions\/9779"}],"wp:featuredmedia":[{"embeddable":true,"href":"https:\/\/parafiasmardzewo.pl\/index.php?rest_route=\/wp\/v2\/media\/9521"}],"wp:attachment":[{"href":"https:\/\/parafiasmardzewo.pl\/index.php?rest_route=%2Fwp%2Fv2%2Fmedia&parent=9778"}],"wp:term":[{"taxonomy":"category","embeddable":true,"href":"https:\/\/parafiasmardzewo.pl\/index.php?rest_route=%2Fwp%2Fv2%2Fcategories&post=9778"},{"taxonomy":"post_tag","embeddable":true,"href":"https:\/\/parafiasmardzewo.pl\/index.php?rest_route=%2Fwp%2Fv2%2Ftags&post=9778"}],"curies":[{"name":"wp","href":"https:\/\/api.w.org\/{rel}","templated":true}]}}