{"id":9780,"date":"2024-11-23T22:08:48","date_gmt":"2024-11-23T21:08:48","guid":{"rendered":"https:\/\/parafiasmardzewo.pl\/?p=9780"},"modified":"2024-11-23T22:10:15","modified_gmt":"2024-11-23T21:10:15","slug":"jezusa-chrystusa-krola-wszechswiata-24-xi-2024","status":"publish","type":"post","link":"https:\/\/parafiasmardzewo.pl\/?p=9780","title":{"rendered":"JEZUSA CHRYSTUSA KR\u00d3LA WSZECH\u015aWIATA 24 XI 2024"},"content":{"rendered":"<p><strong>OG\u0141OSZENIA DUSZPASTERSKIE<\/strong><\/p>\n<ol>\n<li>Uczni\u00f3w III i IV zapraszam po Eucharystii o godz. 9.00 na kr\u00f3tkie spotkanie.<\/li>\n<li>Dzisiejsza uroczysto\u015b\u0107 zosta\u0142a ustanowiona przed prawie stu laty encyklik\u0105 Piusa XI \u201eQuas primas\u201d (o ustanowieniu \u015bwi\u0119ta Naszego Pana Jezusa Chrystusa Kr\u00f3la, 11.12.1925) i stanowi zwie\u0144czenie ca\u0142ego roku liturgicznego, podczas kt\u00f3rego prze\u017cywamy ca\u0142e misterium zbawcze: uwielbiamy Boga i dzi\u0119kujemy Mu za dzie\u0142o stworzenia i odkupienia. Przez chrzest \u015bwi\u0119ty uczestniczymy w tym misterium i poddajemy si\u0119 kr\u00f3lewskiej w\u0142adzy Jezusa Chrystusa, kt\u00f3ry pragnie nas wszystkich zjednoczy\u0107 w swoim kr\u00f3lestwie prawdy, pokoju i zbawienia.<\/li>\n<li>W dzisiejsz\u0105 uroczysto\u015b\u0107 swoje \u015bwi\u0119to obchodz\u0105 cz\u0142onkowie Akcji Katolickiej, kt\u00f3rzy warto\u015bci wyp\u0142ywaj\u0105ce z Ewangelii pragn\u0105 wciela\u0107 w \u017cyciu spo\u0142ecznym i zawodowym oraz je promowa\u0107.<\/li>\n<li>Kolejny rok liturgiczny dobiega ko\u0144ca. Za tydzie\u0144, pierwsz\u0105 niedziel\u0105 Adwentu, rozpoczniemy nowy, kt\u00f3rego has\u0142em b\u0119d\u0105 s\u0142owa: <strong><em>Uczestnicz\u0119 we wsp\u00f3lnocie Ko\u015bcio\u0142a.<\/em><\/strong><\/li>\n<li>Przed drug\u0105 Niedziel\u0105 Adwentu (6 &#8211; 7 \u2013 8 XII) b\u0119dziemy prze\u017cywa\u0107 rekolekcje adwentowe. Dzisiaj, lub w najbli\u017cszym czasie otrzymamy szczeg\u00f3\u0142owy program rekolekcji. Podobnie jak w latach ubieg\u0142ych zbieramy dobrowolne ofiary na op\u0142aty za podgrzewanie naszej \u015bwi\u0105tyni.<\/li>\n<li>Solenizant\u00f3w i Jubilat\u00f3w tego tygodnia pragniemy zapewni\u0107 o naszej \u017cyczliwo\u015bci i\u00a0modlitwie.<\/li>\n<li>W minionym tygodniu odby\u0142 si\u0119 pogrzeb \u015bw. p. Teresy Gawkowskiej, kt\u00f3ra prze\u017cy\u0142a 90. lat. Od uczestnik\u00f3w pogrzebu b\u0119d\u0105 odprawione cztery Msze \u015awi\u0119te.<\/li>\n<\/ol>\n<p><strong>W TYM TYGODNIU PATRONUJ\u0104 NAM:\u00a0 \u00a0 \u00a0 \u00a0 \u00a0 \u00a0 \u00a0 \u00a0 \u00a0 \u00a0 \u00a0 \u00a0 \u00a0 \u00a0 \u00a0 \u00a0 \u00a0 \u00a0 \u00a0 \u00a0 \u00a0 \u00a0 \u00a0 \u00a0 \u00a0 \u00a0 \u00a0 \u00a0 \u00a0 \u00a0 \u00a0 \u00a0 \u00a0 \u00a0 \u00a0 \u00a0 \u00a0 \u00a0 \u00a0 \u00a0 \u00a0 \u00a0 \u00a0 \u00a0 \u00a0 \u00a0 \u00a0 \u00a0 \u00a0 \u00a0 \u00a0 \u00a0 \u00a0 \u00a0 <\/strong>[Dzisiaj, w W W\u00a0 \u00a0 \u00a0 \u00a0W niedziel\u0119, 24 listopada \u2013 \u015bw. \u015bw. m\u0119czennicy wietnamscy: Andrzej Dung-Lac z towarzyszami, kt\u00f3rzy za wiar\u0119 ponie\u015bli \u015bmier\u0107 w XVIII w. i XIX w.].<\/p>\n<p>W sobot\u0119, 30 listopada \u2013 \u015bw. Andrzej, Aposto\u0142, jeden z pierwszych, kt\u00f3rych powo\u0142a\u0142 Jezus i\u00a0kt\u00f3ry, gdy spotka\u0142 Chrystusa, podzieli\u0142 si\u0119 t\u0105 radosn\u0105 wie\u015bci\u0105 ze swoim bratem, Szymonem Piotrem.<\/p>\n<p>&nbsp;<\/p>\n<p>&nbsp;<\/p>\n","protected":false},"excerpt":{"rendered":"<p>OG\u0141OSZENIA DUSZPASTERSKIE Uczni\u00f3w III i IV zapraszam po Eucharystii o godz. 9.00 na kr\u00f3tkie spotkanie. Dzisiejsza uroczysto\u015b\u0107 zosta\u0142a ustanowiona przed prawie stu laty encyklik\u0105 Piusa XI \u201eQuas primas\u201d (o ustanowieniu \u015bwi\u0119ta Naszego Pana Jezusa Chrystusa Kr\u00f3la, 11.12.1925) i stanowi zwie\u0144czenie ca\u0142ego roku liturgicznego, podczas kt\u00f3rego prze\u017cywamy ca\u0142e misterium zbawcze: uwielbiamy Boga i dzi\u0119kujemy Mu za &hellip; <\/p>\n<p><a class=\"more-link btn\" href=\"https:\/\/parafiasmardzewo.pl\/?p=9780\">Kontynuuj czytanie<\/a><\/p>\n","protected":false},"author":2,"featured_media":5378,"comment_status":"open","ping_status":"open","sticky":false,"template":"","format":"standard","meta":[],"categories":[2],"tags":[],"_links":{"self":[{"href":"https:\/\/parafiasmardzewo.pl\/index.php?rest_route=\/wp\/v2\/posts\/9780"}],"collection":[{"href":"https:\/\/parafiasmardzewo.pl\/index.php?rest_route=\/wp\/v2\/posts"}],"about":[{"href":"https:\/\/parafiasmardzewo.pl\/index.php?rest_route=\/wp\/v2\/types\/post"}],"author":[{"embeddable":true,"href":"https:\/\/parafiasmardzewo.pl\/index.php?rest_route=\/wp\/v2\/users\/2"}],"replies":[{"embeddable":true,"href":"https:\/\/parafiasmardzewo.pl\/index.php?rest_route=%2Fwp%2Fv2%2Fcomments&post=9780"}],"version-history":[{"count":3,"href":"https:\/\/parafiasmardzewo.pl\/index.php?rest_route=\/wp\/v2\/posts\/9780\/revisions"}],"predecessor-version":[{"id":9783,"href":"https:\/\/parafiasmardzewo.pl\/index.php?rest_route=\/wp\/v2\/posts\/9780\/revisions\/9783"}],"wp:featuredmedia":[{"embeddable":true,"href":"https:\/\/parafiasmardzewo.pl\/index.php?rest_route=\/wp\/v2\/media\/5378"}],"wp:attachment":[{"href":"https:\/\/parafiasmardzewo.pl\/index.php?rest_route=%2Fwp%2Fv2%2Fmedia&parent=9780"}],"wp:term":[{"taxonomy":"category","embeddable":true,"href":"https:\/\/parafiasmardzewo.pl\/index.php?rest_route=%2Fwp%2Fv2%2Fcategories&post=9780"},{"taxonomy":"post_tag","embeddable":true,"href":"https:\/\/parafiasmardzewo.pl\/index.php?rest_route=%2Fwp%2Fv2%2Ftags&post=9780"}],"curies":[{"name":"wp","href":"https:\/\/api.w.org\/{rel}","templated":true}]}}