{"id":9784,"date":"2024-11-23T22:38:05","date_gmt":"2024-11-23T21:38:05","guid":{"rendered":"https:\/\/parafiasmardzewo.pl\/?p=9784"},"modified":"2024-11-23T22:39:00","modified_gmt":"2024-11-23T21:39:00","slug":"msze-swiete-od-25-xi-1-xii-2024-roku","status":"publish","type":"post","link":"https:\/\/parafiasmardzewo.pl\/?p=9784","title":{"rendered":"Msze \u015awi\u0119te od 25 XI &#8211; 1 XII 2024 roku"},"content":{"rendered":"<p><strong>Msze \u015awi\u0119te od 25 XI \u00a0\u2013 1 XII\u00a0 2024 roku<\/strong><\/p>\n<p><strong>Poniedzia\u0142ek<\/strong><\/p>\n<p><strong>godz. 7.30 <\/strong>+ Katarzyna W\u0142odarska\u00a0 \u00a0\u2013 int. p.<\/p>\n<p>godz. 16.00 + Czes\u0142aw Osi\u0144ski<\/p>\n<p><strong>Wtorek<\/strong><\/p>\n<p><strong>godz. 7.30<\/strong> + \u00a0Stanis\u0142aw Kopci\u0144ski \u2013 int. p.<\/p>\n<p><strong>godz. 16.00<\/strong> + Wac\u0142aw -rocznica \u015bmierci (23) i Feliksa Kacperscy oraz brat Tomasz; 2+ Grzegorz \u015awiderski \u2013 int. p.<\/p>\n<p><strong>\u015aroda <\/strong><\/p>\n<p><strong>godz. 16.00<\/strong> +Barbara Jegli\u0144ska int. p.<\/p>\n<p><strong>Czwartek<\/strong><\/p>\n<p><strong>godz. 16.00 + <\/strong>\u00a0Monika D\u0142ugo\u0142\u0119cka \u2013 int. p.<\/p>\n<p><strong>Pi\u0105tek<\/strong><\/p>\n<p><strong>godz. 7.30 + <\/strong>\u00a0Maria Lewandowska &#8211; int. p.<\/p>\n<p><strong>godz. 16.00<\/strong>\u00a0 + \u00a0Piotr Jasi\u0144ski\u2013 int. p.<\/p>\n<p><strong>Sobota<\/strong><\/p>\n<p><strong>godz. 7.30 + <\/strong>\u00a0Barbara Gwiazdowska<strong> &#8211; <\/strong>int. p.<\/p>\n<p><strong>godz. 16.00<\/strong>\u00a0 + Danuta Porkuszewska \u2013 int. p.<\/p>\n<p><strong>Niedziela<\/strong><\/p>\n<p><strong>godz. 9.00 <\/strong>\u00a0+ \u00a0Halina Bie\u017cu\u0144ska i Barbara Olczak \u00a0(2); 2) + Urszula Buras<\/p>\n<p><strong>godz. 10.45 \u00a0+ <\/strong>Barbara Bramowicz \u2013 imieninowa; 2)\u00a0 \u00a0W intencji parafian i go\u015bci<\/p>\n<p><strong>godz. 16.00 <\/strong>+ Serafin Ruszkiewicz i Hanna Nowakowska ; 2) + \u00a0Teresa Szaforska<\/p>\n<p>&nbsp;<\/p>\n","protected":false},"excerpt":{"rendered":"<p>Msze \u015awi\u0119te od 25 XI \u00a0\u2013 1 XII\u00a0 2024 roku Poniedzia\u0142ek godz. 7.30 + Katarzyna W\u0142odarska\u00a0 \u00a0\u2013 int. p. godz. 16.00 + Czes\u0142aw Osi\u0144ski Wtorek godz. 7.30 + \u00a0Stanis\u0142aw Kopci\u0144ski \u2013 int. p. godz. 16.00 + Wac\u0142aw -rocznica \u015bmierci (23) i Feliksa Kacperscy oraz brat Tomasz; 2+ Grzegorz \u015awiderski \u2013 int. p. \u015aroda godz. 16.00 &hellip; <\/p>\n<p><a class=\"more-link btn\" href=\"https:\/\/parafiasmardzewo.pl\/?p=9784\">Kontynuuj czytanie<\/a><\/p>\n","protected":false},"author":2,"featured_media":8830,"comment_status":"open","ping_status":"open","sticky":false,"template":"","format":"standard","meta":[],"categories":[5],"tags":[],"_links":{"self":[{"href":"https:\/\/parafiasmardzewo.pl\/index.php?rest_route=\/wp\/v2\/posts\/9784"}],"collection":[{"href":"https:\/\/parafiasmardzewo.pl\/index.php?rest_route=\/wp\/v2\/posts"}],"about":[{"href":"https:\/\/parafiasmardzewo.pl\/index.php?rest_route=\/wp\/v2\/types\/post"}],"author":[{"embeddable":true,"href":"https:\/\/parafiasmardzewo.pl\/index.php?rest_route=\/wp\/v2\/users\/2"}],"replies":[{"embeddable":true,"href":"https:\/\/parafiasmardzewo.pl\/index.php?rest_route=%2Fwp%2Fv2%2Fcomments&post=9784"}],"version-history":[{"count":1,"href":"https:\/\/parafiasmardzewo.pl\/index.php?rest_route=\/wp\/v2\/posts\/9784\/revisions"}],"predecessor-version":[{"id":9785,"href":"https:\/\/parafiasmardzewo.pl\/index.php?rest_route=\/wp\/v2\/posts\/9784\/revisions\/9785"}],"wp:featuredmedia":[{"embeddable":true,"href":"https:\/\/parafiasmardzewo.pl\/index.php?rest_route=\/wp\/v2\/media\/8830"}],"wp:attachment":[{"href":"https:\/\/parafiasmardzewo.pl\/index.php?rest_route=%2Fwp%2Fv2%2Fmedia&parent=9784"}],"wp:term":[{"taxonomy":"category","embeddable":true,"href":"https:\/\/parafiasmardzewo.pl\/index.php?rest_route=%2Fwp%2Fv2%2Fcategories&post=9784"},{"taxonomy":"post_tag","embeddable":true,"href":"https:\/\/parafiasmardzewo.pl\/index.php?rest_route=%2Fwp%2Fv2%2Ftags&post=9784"}],"curies":[{"name":"wp","href":"https:\/\/api.w.org\/{rel}","templated":true}]}}